{"id":169858,"date":"2023-11-24T13:54:57","date_gmt":"2023-11-24T16:54:57","guid":{"rendered":"https:\/\/www.hoymercedes.com.ar\/principal\/?p=169858"},"modified":"2023-11-24T13:55:26","modified_gmt":"2023-11-24T16:55:26","slug":"eden-denuncia-robo-de-transformadores-electricos","status":"publish","type":"post","link":"https:\/\/www.hoymercedes.com.ar\/principal\/2023\/11\/24\/eden-denuncia-robo-de-transformadores-electricos\/","title":{"rendered":"EDEN denuncia robo de transformadores el\u00e9ctricos"},"content":{"rendered":"\n<p>La empresa de distribuci\u00f3n de energ\u00eda el\u00e9ctrica concesionaria, EDEN, expres\u00f3 su \u00abpreocupaci\u00f3n por el robo de transformadores en Mercedes\u00bb en una comunicaci\u00f3n enviada a los medios. <\/p>\n\n\n<div class=\"wp-block-image\">\n<figure class=\"aligncenter size-full\"><img loading=\"lazy\" decoding=\"async\" width=\"600\" height=\"400\" data-attachment-id=\"169864\" data-permalink=\"https:\/\/www.hoymercedes.com.ar\/principal\/mercedes-obra-eden-barrio-blandengues-ct-1-2\/\" data-orig-file=\"https:\/\/www.hoymercedes.com.ar\/principal\/wp-content\/uploads\/2023\/11\/MERCEDES-Obra-EDEN-Barrio-Blandengues-CT-1-edited.jpeg\" data-orig-size=\"600,400\" data-comments-opened=\"0\" data-image-meta=\"{&quot;aperture&quot;:&quot;0&quot;,&quot;credit&quot;:&quot;&quot;,&quot;camera&quot;:&quot;&quot;,&quot;caption&quot;:&quot;&quot;,&quot;created_timestamp&quot;:&quot;1661808868&quot;,&quot;copyright&quot;:&quot;&quot;,&quot;focal_length&quot;:&quot;0&quot;,&quot;iso&quot;:&quot;0&quot;,&quot;shutter_speed&quot;:&quot;0&quot;,&quot;title&quot;:&quot;&quot;,&quot;orientation&quot;:&quot;1&quot;}\" data-image-title=\"Corte de energ\u00eda en Mercedes\" data-image-description=\"&lt;p&gt;Corte de energ\u00eda en Mercedes&lt;\/p&gt;\n\" data-image-caption=\"&lt;p&gt;Corte de energ\u00eda en Mercedes&lt;\/p&gt;\n\" data-large-file=\"https:\/\/www.hoymercedes.com.ar\/principal\/wp-content\/uploads\/2023\/11\/MERCEDES-Obra-EDEN-Barrio-Blandengues-CT-1-edited.jpeg\" src=\"https:\/\/www.hoymercedes.com.ar\/principal\/wp-content\/uploads\/2023\/11\/MERCEDES-Obra-EDEN-Barrio-Blandengues-CT-1-edited.jpeg\" alt=\"\" class=\"wp-image-169864\" srcset=\"https:\/\/www.hoymercedes.com.ar\/principal\/wp-content\/uploads\/2023\/11\/MERCEDES-Obra-EDEN-Barrio-Blandengues-CT-1-edited.jpeg 600w, https:\/\/www.hoymercedes.com.ar\/principal\/wp-content\/uploads\/2023\/11\/MERCEDES-Obra-EDEN-Barrio-Blandengues-CT-1-edited-150x100.jpeg 150w\" sizes=\"auto, (max-width: 600px) 100vw, 600px\" \/><figcaption class=\"wp-element-caption\">Foto ilustrativa<\/figcaption><\/figure>\n<\/div>\n\n\n<p>\u00abLa distribuidora\u00a0<strong>EDEN<\/strong>\u00a0resalta la gravedad del recurrente\u00a0<strong>robo y vandalismo<\/strong>\u00a0de transformadores en la ciudad de\u00a0<strong>Mercedes<\/strong>, que adem\u00e1s de ser\u00a0<strong>penado legalmente<\/strong>, es una actividad que podr\u00eda tener\u00a0<strong>consecuencias mortales<\/strong>\u00a0para los involucrados y\u00a0<strong>afecta<\/strong>\u00a0negativamente la\u00a0<strong>calidad y continuidad del servicio de energ\u00eda<\/strong>\u00a0el\u00e9ctrica en la localidad\u00bb, destacan en la comunicaci\u00f3n.<\/p>\n\n\n\n<p>\u00abAl respecto, la empresa confirma que se ha realizado la correspondiente\u00a0<strong>denuncia<\/strong>\u00a0ante la justicia, y\u00a0reafirma su compromiso con la seguridad de sus operaciones y la comunidad de Mercedes, trabajando permanentemente en conjunto con la\u00a0<strong>polic\u00eda<\/strong>, el\u00a0<strong>municipio<\/strong>\u00a0y la\u00a0<strong>seguridad local<\/strong>\u00a0para prevenir futuros incidentes de este tipo\u00bb. resaltan desde EDEN.<\/p>\n\n\n\n<p>Adem\u00e1s, la empresa hace un llamado a la colaboraci\u00f3n de la comunidad para\u00a0denunciar\u00a0cualquier actividad sospechosa que pueda estar relacionada con este acto delictivo.<\/p>\n\n\n\n<p><\/p>\n\n\n\n<p><\/p>\n","protected":false},"excerpt":{"rendered":"<p>La empresa de distribuci\u00f3n de energ\u00eda el\u00e9ctrica concesionaria, EDEN, expres\u00f3 su \u00abpreocupaci\u00f3n por el robo de transformadores en Mercedes\u00bb en &#8230; <a title=\"EDEN denuncia robo de transformadores el\u00e9ctricos\" class=\"read-more\" href=\"https:\/\/www.hoymercedes.com.ar\/principal\/2023\/11\/24\/eden-denuncia-robo-de-transformadores-electricos\/\" aria-label=\"Leer m\u00e1s sobre EDEN denuncia robo de transformadores el\u00e9ctricos\">Leer m\u00e1s<\/a><\/p>\n","protected":false},"author":1,"featured_media":152448,"comment_status":"closed","ping_status":"open","sticky":false,"template":"","format":"standard","meta":{"_monsterinsights_skip_tracking":false,"_monsterinsights_sitenote_active":false,"_monsterinsights_sitenote_note":"","_monsterinsights_sitenote_category":0,"jetpack_post_was_ever_published":false,"_jetpack_newsletter_access":"","_jetpack_dont_email_post_to_subs":false,"_jetpack_newsletter_tier_id":0,"_jetpack_memberships_contains_paywalled_content":false,"_jetpack_memberships_contains_paid_content":false,"footnotes":"","jetpack_publicize_message":"","jetpack_publicize_feature_enabled":true,"jetpack_social_post_already_shared":true,"jetpack_social_options":{"image_generator_settings":{"template":"highway","default_image_id":0,"font":"","enabled":false},"version":2},"_wpas_customize_per_network":false},"categories":[8],"tags":[],"class_list":["post-169858","post","type-post","status-publish","format-standard","has-post-thumbnail","hentry","category-sociedad","generate-columns","tablet-grid-50","mobile-grid-100","grid-parent","grid-50"],"jetpack_publicize_connections":[],"jetpack_featured_media_url":"https:\/\/www.hoymercedes.com.ar\/principal\/wp-content\/uploads\/2022\/08\/MERCEDES-Obra-EDEN-Barrio-Blandengues-CT-1.jpeg","wps_subtitle":"","jetpack_sharing_enabled":true,"_links":{"self":[{"href":"https:\/\/www.hoymercedes.com.ar\/principal\/wp-json\/wp\/v2\/posts\/169858","targetHints":{"allow":["GET"]}}],"collection":[{"href":"https:\/\/www.hoymercedes.com.ar\/principal\/wp-json\/wp\/v2\/posts"}],"about":[{"href":"https:\/\/www.hoymercedes.com.ar\/principal\/wp-json\/wp\/v2\/types\/post"}],"author":[{"embeddable":true,"href":"https:\/\/www.hoymercedes.com.ar\/principal\/wp-json\/wp\/v2\/users\/1"}],"replies":[{"embeddable":true,"href":"https:\/\/www.hoymercedes.com.ar\/principal\/wp-json\/wp\/v2\/comments?post=169858"}],"version-history":[{"count":0,"href":"https:\/\/www.hoymercedes.com.ar\/principal\/wp-json\/wp\/v2\/posts\/169858\/revisions"}],"wp:featuredmedia":[{"embeddable":true,"href":"https:\/\/www.hoymercedes.com.ar\/principal\/wp-json\/wp\/v2\/media\/152448"}],"wp:attachment":[{"href":"https:\/\/www.hoymercedes.com.ar\/principal\/wp-json\/wp\/v2\/media?parent=169858"}],"wp:term":[{"taxonomy":"category","embeddable":true,"href":"https:\/\/www.hoymercedes.com.ar\/principal\/wp-json\/wp\/v2\/categories?post=169858"},{"taxonomy":"post_tag","embeddable":true,"href":"https:\/\/www.hoymercedes.com.ar\/principal\/wp-json\/wp\/v2\/tags?post=169858"}],"curies":[{"name":"wp","href":"https:\/\/api.w.org\/{rel}","templated":true}]}}