{"id":169905,"date":"2023-11-24T18:50:00","date_gmt":"2023-11-24T21:50:00","guid":{"rendered":"https:\/\/www.hoymercedes.com.ar\/principal\/?p=169905"},"modified":"2023-11-24T16:35:48","modified_gmt":"2023-11-24T19:35:48","slug":"all-boys-solidario-envio-donaciones-a-misiones-y-corrientes","status":"publish","type":"post","link":"https:\/\/www.hoymercedes.com.ar\/principal\/2023\/11\/24\/all-boys-solidario-envio-donaciones-a-misiones-y-corrientes\/","title":{"rendered":"All Boys Solidario envi\u00f3 donaciones a Misiones y Corrientes"},"content":{"rendered":"\n<p>Desde All Boys Solidario anunciaron que d\u00edas atr\u00e1s enviaron camiones a las provincias inundadas, como Misiones y Corrientes. Las donaciones fueron recibidas en la Secretaria de Coordinaci\u00f3n en Emergencias del Ministerio de Defensa a manos del propio Secretario Carlos Ospital quien entreg\u00f3 con Cargo a pedido de Malena Del Giudice la campera Ant\u00e1rtica para fr\u00edos extremos. <\/p>\n\n\n\n<p>Malena por su parte, \u00abcontin\u00faa entrenando para dicho fin hace un a\u00f1o y medio en la campa\u00f1a llamada VOY POR VOS por la cura de \u00f1a Distrofia Muscular de Duchene. El fundador de All Boys Solidario Pelusa Gonzalez destac\u00f3 que esta campa\u00f1a es para \u00e9l la m\u00e1s importante o trascendente en lo personal, debido a que sus hijos Mart\u00edn y Rodrigo, padecieron esta cruel enfermedad\u00bb. <\/p>\n\n\n\n<p>\u00abMartin so\u00f1aba con la cumbre del Aconcagua y se que Malena va a llegar a la Cumbre por todos los Ni\u00f1os que padecen esta cruel enfermedad, visualizar y Difundir la misma es nuestra tarea para que Ning\u00fan Ni\u00f1o del mundo padezca esta patolog\u00eda . destac\u00f3 Pelusa\u00bb.<\/p>\n\n\n\n<p>La misi\u00f3n cuenta con el apoyo de la Compania de Cazadores de Monta\u00f1a ( puente del Inca Mendoza )del Ej\u00e9rcito Argentino. en el d\u00eda de ayer Malena Del Giudice. Recibi\u00f3 las Felicitaciones de parte del Ministro Jorge Taiana y agradecimiento para All Boys Solidario por la tarea solidaria y la Campa\u00f1a VOY POR VOS.<\/p>\n","protected":false},"excerpt":{"rendered":"<p>Desde All Boys Solidario anunciaron que d\u00edas atr\u00e1s enviaron camiones a las provincias inundadas, como Misiones y Corrientes. Las donaciones &#8230; <a title=\"All Boys Solidario envi\u00f3 donaciones a Misiones y Corrientes\" class=\"read-more\" href=\"https:\/\/www.hoymercedes.com.ar\/principal\/2023\/11\/24\/all-boys-solidario-envio-donaciones-a-misiones-y-corrientes\/\" aria-label=\"Leer m\u00e1s sobre All Boys Solidario envi\u00f3 donaciones a Misiones y Corrientes\">Leer m\u00e1s<\/a><\/p>\n","protected":false},"author":1,"featured_media":169907,"comment_status":"closed","ping_status":"open","sticky":false,"template":"","format":"standard","meta":{"_monsterinsights_skip_tracking":false,"_monsterinsights_sitenote_active":false,"_monsterinsights_sitenote_note":"","_monsterinsights_sitenote_category":0,"jetpack_post_was_ever_published":false,"_jetpack_newsletter_access":"","_jetpack_dont_email_post_to_subs":false,"_jetpack_newsletter_tier_id":0,"_jetpack_memberships_contains_paywalled_content":false,"_jetpack_memberships_contains_paid_content":false,"footnotes":"","jetpack_publicize_message":"","jetpack_publicize_feature_enabled":true,"jetpack_social_post_already_shared":true,"jetpack_social_options":{"image_generator_settings":{"template":"highway","default_image_id":0,"font":"","enabled":false},"version":2},"_wpas_customize_per_network":false},"categories":[8],"tags":[],"class_list":["post-169905","post","type-post","status-publish","format-standard","has-post-thumbnail","hentry","category-sociedad","generate-columns","tablet-grid-50","mobile-grid-100","grid-parent","grid-50"],"jetpack_publicize_connections":[],"jetpack_featured_media_url":"https:\/\/www.hoymercedes.com.ar\/principal\/wp-content\/uploads\/2023\/11\/IMG-20231124-WA0028_copy_800x628.jpg","wps_subtitle":"","jetpack_sharing_enabled":true,"_links":{"self":[{"href":"https:\/\/www.hoymercedes.com.ar\/principal\/wp-json\/wp\/v2\/posts\/169905","targetHints":{"allow":["GET"]}}],"collection":[{"href":"https:\/\/www.hoymercedes.com.ar\/principal\/wp-json\/wp\/v2\/posts"}],"about":[{"href":"https:\/\/www.hoymercedes.com.ar\/principal\/wp-json\/wp\/v2\/types\/post"}],"author":[{"embeddable":true,"href":"https:\/\/www.hoymercedes.com.ar\/principal\/wp-json\/wp\/v2\/users\/1"}],"replies":[{"embeddable":true,"href":"https:\/\/www.hoymercedes.com.ar\/principal\/wp-json\/wp\/v2\/comments?post=169905"}],"version-history":[{"count":0,"href":"https:\/\/www.hoymercedes.com.ar\/principal\/wp-json\/wp\/v2\/posts\/169905\/revisions"}],"wp:featuredmedia":[{"embeddable":true,"href":"https:\/\/www.hoymercedes.com.ar\/principal\/wp-json\/wp\/v2\/media\/169907"}],"wp:attachment":[{"href":"https:\/\/www.hoymercedes.com.ar\/principal\/wp-json\/wp\/v2\/media?parent=169905"}],"wp:term":[{"taxonomy":"category","embeddable":true,"href":"https:\/\/www.hoymercedes.com.ar\/principal\/wp-json\/wp\/v2\/categories?post=169905"},{"taxonomy":"post_tag","embeddable":true,"href":"https:\/\/www.hoymercedes.com.ar\/principal\/wp-json\/wp\/v2\/tags?post=169905"}],"curies":[{"name":"wp","href":"https:\/\/api.w.org\/{rel}","templated":true}]}}