{"id":169918,"date":"2023-11-25T10:15:00","date_gmt":"2023-11-25T13:15:00","guid":{"rendered":"https:\/\/www.hoymercedes.com.ar\/principal\/?p=169918"},"modified":"2023-11-25T13:58:29","modified_gmt":"2023-11-25T16:58:29","slug":"condenan-a-un-sujeto-a-seis-anos-y-ocho-meses-de-prision-por-abuso-sexual","status":"publish","type":"post","link":"https:\/\/www.hoymercedes.com.ar\/principal\/2023\/11\/25\/condenan-a-un-sujeto-a-seis-anos-y-ocho-meses-de-prision-por-abuso-sexual\/","title":{"rendered":"Condenan a un sujeto a seis a\u00f1os y ocho meses de prisi\u00f3n por abuso sexual"},"content":{"rendered":"\n<p>En la jornada del \u00faltimo jueves 23 se dio a conocer en el Tribunal Oral en lo Criminal N\u00b0 3 del Departamento Judicial Mercedes, el veredicto en el marco del debate oral y p\u00fablico contra Victor Ernesto Stella (50) por \u201cAbuso sexual simple agravado por ser perpetuado por el ascendente y encargado de la guarda en concurso real entre s\u00ed\u201d. Los hechos ocurrieron en fecha indeterminada, entre el a\u00f1o 2014 y junio del 2016 en la localidad de Navarro.<\/p>\n\n\n\n<p>Tras las respectivas denuncias de las v\u00edctimas tom\u00f3 intervenci\u00f3n la Unidad Funcional de Instrucci\u00f3n N\u00b0 2 e instruy\u00f3 la causa con los elementos necesarios para arribar a la etapa del debate oral. Se debieron llevar adelante una serie de pericias y medidas probatorias para poder sustentar la acusaci\u00f3n hasta lograr la elevaci\u00f3n a juicio del caso en el a\u00f1o 2017. El imputado fue detenido y recibi\u00f3 posteriormente la morigeraci\u00f3n de prisi\u00f3n, gozando del beneficio de la prisi\u00f3n domiciliaria hasta la fecha.<\/p>\n\n\n\n<p>Finalmente se lleg\u00f3 a la instancia del debate oral y p\u00fablico y los jueces, Dres. Ignacio Racca, Juan Manuel Renaud Mas y Daniel Eugenio Machain, resolvieron, por mayor\u00eda, condenar a Stella a la pena de seis a\u00f1os y ocho meses de prisi\u00f3n, accesorias legales y costas del proceso al encontrarlo autor penalmente responsable del delito de \u201c \u201cAbuso sexual simple agravado por ser perpetuado por el ascendente y encargado de la guarda (varios hechos &#8211; de cantidad indeterminada) en concurso real entre s\u00ed\u201d.<\/p>\n\n\n\n<p>Para arribar a dicha resoluci\u00f3n se basaron en los diversos elementos que se adjuntaron a la causa, los cuales se ventilaron durante el debate oral llevado a cabo durante alrededor de una decena de jornadas que concluyeron el 13 de noviembre \u00faltimo.<\/p>\n\n\n\n<p>Vale destacar que el tiempo de la pena ser\u00e1 computado del plazo que lleva cumpliendo en prisi\u00f3n domiciliaria.<\/p>\n\n\n\n<p>Fuente: Ministerio P\u00fablico Fiscal Depto Judicial de Mercedes <\/p>\n","protected":false},"excerpt":{"rendered":"<p>En la jornada del \u00faltimo jueves 23 se dio a conocer en el Tribunal Oral en lo Criminal N\u00b0 3 &#8230; <a title=\"Condenan a un sujeto a seis a\u00f1os y ocho meses de prisi\u00f3n por abuso sexual\" class=\"read-more\" href=\"https:\/\/www.hoymercedes.com.ar\/principal\/2023\/11\/25\/condenan-a-un-sujeto-a-seis-anos-y-ocho-meses-de-prision-por-abuso-sexual\/\" aria-label=\"Leer m\u00e1s sobre Condenan a un sujeto a seis a\u00f1os y ocho meses de prisi\u00f3n por abuso sexual\">Leer m\u00e1s<\/a><\/p>\n","protected":false},"author":1,"featured_media":64433,"comment_status":"closed","ping_status":"open","sticky":false,"template":"","format":"standard","meta":{"_monsterinsights_skip_tracking":false,"_monsterinsights_sitenote_active":false,"_monsterinsights_sitenote_note":"","_monsterinsights_sitenote_category":0,"jetpack_post_was_ever_published":false,"_jetpack_newsletter_access":"","_jetpack_dont_email_post_to_subs":false,"_jetpack_newsletter_tier_id":0,"_jetpack_memberships_contains_paywalled_content":false,"_jetpack_memberships_contains_paid_content":false,"footnotes":"","jetpack_publicize_message":"","jetpack_publicize_feature_enabled":true,"jetpack_social_post_already_shared":true,"jetpack_social_options":{"image_generator_settings":{"template":"highway","default_image_id":0,"font":"","enabled":false},"version":2},"_wpas_customize_per_network":false},"categories":[8],"tags":[18895],"class_list":["post-169918","post","type-post","status-publish","format-standard","has-post-thumbnail","hentry","category-sociedad","tag-condenado-abuso-sexual","generate-columns","tablet-grid-50","mobile-grid-100","grid-parent","grid-50"],"jetpack_publicize_connections":[],"jetpack_featured_media_url":"https:\/\/www.hoymercedes.com.ar\/principal\/wp-content\/uploads\/2017\/07\/tribunales.jpg","wps_subtitle":"Abuso sexual","jetpack_sharing_enabled":true,"_links":{"self":[{"href":"https:\/\/www.hoymercedes.com.ar\/principal\/wp-json\/wp\/v2\/posts\/169918","targetHints":{"allow":["GET"]}}],"collection":[{"href":"https:\/\/www.hoymercedes.com.ar\/principal\/wp-json\/wp\/v2\/posts"}],"about":[{"href":"https:\/\/www.hoymercedes.com.ar\/principal\/wp-json\/wp\/v2\/types\/post"}],"author":[{"embeddable":true,"href":"https:\/\/www.hoymercedes.com.ar\/principal\/wp-json\/wp\/v2\/users\/1"}],"replies":[{"embeddable":true,"href":"https:\/\/www.hoymercedes.com.ar\/principal\/wp-json\/wp\/v2\/comments?post=169918"}],"version-history":[{"count":0,"href":"https:\/\/www.hoymercedes.com.ar\/principal\/wp-json\/wp\/v2\/posts\/169918\/revisions"}],"wp:featuredmedia":[{"embeddable":true,"href":"https:\/\/www.hoymercedes.com.ar\/principal\/wp-json\/wp\/v2\/media\/64433"}],"wp:attachment":[{"href":"https:\/\/www.hoymercedes.com.ar\/principal\/wp-json\/wp\/v2\/media?parent=169918"}],"wp:term":[{"taxonomy":"category","embeddable":true,"href":"https:\/\/www.hoymercedes.com.ar\/principal\/wp-json\/wp\/v2\/categories?post=169918"},{"taxonomy":"post_tag","embeddable":true,"href":"https:\/\/www.hoymercedes.com.ar\/principal\/wp-json\/wp\/v2\/tags?post=169918"}],"curies":[{"name":"wp","href":"https:\/\/api.w.org\/{rel}","templated":true}]}}