{"id":169928,"date":"2023-11-25T15:33:16","date_gmt":"2023-11-25T18:33:16","guid":{"rendered":"https:\/\/www.hoymercedes.com.ar\/principal\/?p=169928"},"modified":"2023-11-25T15:33:19","modified_gmt":"2023-11-25T18:33:19","slug":"importante-jornadas-de-capacitacion-sobre-atencion-al-paciente-con-cancer-de-mama","status":"publish","type":"post","link":"https:\/\/www.hoymercedes.com.ar\/principal\/2023\/11\/25\/importante-jornadas-de-capacitacion-sobre-atencion-al-paciente-con-cancer-de-mama\/","title":{"rendered":"Importante jornadas de capacitaci\u00f3n sobre atenci\u00f3n al paciente con C\u00e1ncer de Mama"},"content":{"rendered":"\n<figure class=\"wp-block-image size-large\"><img loading=\"lazy\" decoding=\"async\" width=\"1024\" height=\"683\" data-attachment-id=\"169929\" data-permalink=\"https:\/\/www.hoymercedes.com.ar\/principal\/2023\/11\/25\/importante-jornadas-de-capacitacion-sobre-atencion-al-paciente-con-cancer-de-mama\/capacitacionmedica-2\/#main\" data-orig-file=\"https:\/\/www.hoymercedes.com.ar\/principal\/wp-content\/uploads\/2023\/11\/capacitacionmedica.2-scaled.jpeg\" data-orig-size=\"2560,1707\" data-comments-opened=\"0\" data-image-meta=\"{&quot;aperture&quot;:&quot;0&quot;,&quot;credit&quot;:&quot;&quot;,&quot;camera&quot;:&quot;&quot;,&quot;caption&quot;:&quot;&quot;,&quot;created_timestamp&quot;:&quot;0&quot;,&quot;copyright&quot;:&quot;&quot;,&quot;focal_length&quot;:&quot;0&quot;,&quot;iso&quot;:&quot;0&quot;,&quot;shutter_speed&quot;:&quot;0&quot;,&quot;title&quot;:&quot;&quot;,&quot;orientation&quot;:&quot;0&quot;}\" data-image-title=\"capacitacionmedica.2\" data-image-description=\"\" data-image-caption=\"\" data-large-file=\"https:\/\/www.hoymercedes.com.ar\/principal\/wp-content\/uploads\/2023\/11\/capacitacionmedica.2-1024x683.jpeg\" src=\"https:\/\/www.hoymercedes.com.ar\/principal\/wp-content\/uploads\/2023\/11\/capacitacionmedica.2-1024x683.jpeg\" alt=\"\" class=\"wp-image-169929\" srcset=\"https:\/\/www.hoymercedes.com.ar\/principal\/wp-content\/uploads\/2023\/11\/capacitacionmedica.2-1024x683.jpeg 1024w, https:\/\/www.hoymercedes.com.ar\/principal\/wp-content\/uploads\/2023\/11\/capacitacionmedica.2-630x420.jpeg 630w, https:\/\/www.hoymercedes.com.ar\/principal\/wp-content\/uploads\/2023\/11\/capacitacionmedica.2-150x100.jpeg 150w, https:\/\/www.hoymercedes.com.ar\/principal\/wp-content\/uploads\/2023\/11\/capacitacionmedica.2-1536x1024.jpeg 1536w, https:\/\/www.hoymercedes.com.ar\/principal\/wp-content\/uploads\/2023\/11\/capacitacionmedica.2-2048x1366.jpeg 2048w\" sizes=\"auto, (max-width: 1024px) 100vw, 1024px\" \/><\/figure>\n\n\n\n<p>Desde el teatro Argentino se dio comienzo a las jornadas de Centrado de Atenci\u00f3n en el Paciente con c\u00e1ncer de Mama. Se trata de una acci\u00f3n muy importante para el cuidado y atenci\u00f3n a pacientes que sufren esta patolog\u00eda.<\/p>\n\n\n\n<p><strong>Importante<\/strong><\/p>\n\n\n\n<p>El intendente Juan Ignacio Ustarroz, quien estuvo presente en la primera jornada expres\u00f3 \u201ccreo que hoy m\u00e1s que nunca es importante poner en valor y reconocer el esfuerzo de todos los trabajadores y trabajadoras del sistema de salud de nuestra ciudad y nuestro pa\u00eds\u201d.<\/p>\n\n\n\n<p><strong>Felicitaciones<\/strong><\/p>\n\n\n\n<p>A su vez, Ustarroz manifest\u00f3 \u201cfelicitar a todo este gran equipo que trabaja con gran profesionalismo, a conciencia dando respuestas a los vecinos. Un sistema de salud que como todo sistema es perfectible, pero que, comparado en Am\u00e9rica Latina, es muy bueno\u201d y agreg\u00f3 \u201cy creo que en gran medida se debe al gran compromiso de los trabajadores y trabajadoras de la salud, por lo que nuestro reconocimiento a ellos que todos los d\u00edas se ponen al frente de la salud p\u00fablica\u201d.&nbsp;&nbsp;&nbsp;<\/p>\n\n\n\n<p><strong>Medicina<\/strong><\/p>\n\n\n\n<p>El Dr. Bruno Boietti, m\u00e9dico especialista en Econom\u00eda de la Salud agradeci\u00f3 a todos los presentes \u201csobre todo al se\u00f1or intendente Ustarroz y al Municipio de Mercedes que nos ha permitido estar hoy ac\u00e1 para poder dar esta charla a la comunidad mercedina. Tambi\u00e9n agradecer a los directivos como a todo el hospital Blas L. Dubarry, a la gente del Lalcec que siempre nos ha ayudado y apoyado, y a la comunidad de la ciudad\u201d.<\/p>\n\n\n\n<figure class=\"wp-block-image size-large\"><img loading=\"lazy\" decoding=\"async\" width=\"1024\" height=\"683\" data-attachment-id=\"169931\" data-permalink=\"https:\/\/www.hoymercedes.com.ar\/principal\/2023\/11\/25\/importante-jornadas-de-capacitacion-sobre-atencion-al-paciente-con-cancer-de-mama\/capacitacionmedica\/#main\" data-orig-file=\"https:\/\/www.hoymercedes.com.ar\/principal\/wp-content\/uploads\/2023\/11\/capacitacionmedica-scaled.jpeg\" data-orig-size=\"2560,1707\" data-comments-opened=\"0\" data-image-meta=\"{&quot;aperture&quot;:&quot;0&quot;,&quot;credit&quot;:&quot;&quot;,&quot;camera&quot;:&quot;&quot;,&quot;caption&quot;:&quot;&quot;,&quot;created_timestamp&quot;:&quot;0&quot;,&quot;copyright&quot;:&quot;&quot;,&quot;focal_length&quot;:&quot;0&quot;,&quot;iso&quot;:&quot;0&quot;,&quot;shutter_speed&quot;:&quot;0&quot;,&quot;title&quot;:&quot;&quot;,&quot;orientation&quot;:&quot;0&quot;}\" data-image-title=\"capacitacionmedica\" data-image-description=\"\" data-image-caption=\"\" data-large-file=\"https:\/\/www.hoymercedes.com.ar\/principal\/wp-content\/uploads\/2023\/11\/capacitacionmedica-1024x683.jpeg\" src=\"https:\/\/www.hoymercedes.com.ar\/principal\/wp-content\/uploads\/2023\/11\/capacitacionmedica-1024x683.jpeg\" alt=\"\" class=\"wp-image-169931\" srcset=\"https:\/\/www.hoymercedes.com.ar\/principal\/wp-content\/uploads\/2023\/11\/capacitacionmedica-1024x683.jpeg 1024w, https:\/\/www.hoymercedes.com.ar\/principal\/wp-content\/uploads\/2023\/11\/capacitacionmedica-630x420.jpeg 630w, https:\/\/www.hoymercedes.com.ar\/principal\/wp-content\/uploads\/2023\/11\/capacitacionmedica-150x100.jpeg 150w, https:\/\/www.hoymercedes.com.ar\/principal\/wp-content\/uploads\/2023\/11\/capacitacionmedica-1536x1024.jpeg 1536w, https:\/\/www.hoymercedes.com.ar\/principal\/wp-content\/uploads\/2023\/11\/capacitacionmedica-2048x1366.jpeg 2048w\" sizes=\"auto, (max-width: 1024px) 100vw, 1024px\" \/><\/figure>\n\n\n\n<p><strong>Atenci\u00f3n<\/strong><\/p>\n\n\n\n<p>En este sentido, Boietti se\u00f1al\u00f3 \u201ccuando comenc\u00e9 a venir a Mercedes en el 2008, esto era un consultorio que atend\u00eda una vez por semana o cada 15 d\u00edas, y nuestro proyecto era tener un servicio con m\u00e1s onc\u00f3logos para poder atender a la comunidad, con un servicio de tratamiento paliativo, donde con el apoyo, tanto de la intendencia como de la direcci\u00f3n del hospital, hemos formado un equipo en el cual, el 95% de toda la patolog\u00eda oncol\u00f3gica la podemos atender sin necesidad de tener que emigrar a otros lugares\u201d.<\/p>\n\n\n\n<p>Asimismo, el especialista destac\u00f3 \u201cel objetivo de esta charla es para que la comunidad sepa que sepan todo esto, que con los especialistas que tenemos, nos permitir\u00eda cubrir todo el espectro de la oncolog\u00eda\u201d.<\/p>\n","protected":false},"excerpt":{"rendered":"<p>Desde el teatro Argentino se dio comienzo a las jornadas de Centrado de Atenci\u00f3n en el Paciente con c\u00e1ncer de &#8230; <a title=\"Importante jornadas de capacitaci\u00f3n sobre atenci\u00f3n al paciente con C\u00e1ncer de Mama\" class=\"read-more\" href=\"https:\/\/www.hoymercedes.com.ar\/principal\/2023\/11\/25\/importante-jornadas-de-capacitacion-sobre-atencion-al-paciente-con-cancer-de-mama\/\" aria-label=\"Leer m\u00e1s sobre Importante jornadas de capacitaci\u00f3n sobre atenci\u00f3n al paciente con C\u00e1ncer de Mama\">Leer m\u00e1s<\/a><\/p>\n","protected":false},"author":1,"featured_media":169931,"comment_status":"closed","ping_status":"open","sticky":false,"template":"","format":"standard","meta":{"_monsterinsights_skip_tracking":false,"_monsterinsights_sitenote_active":false,"_monsterinsights_sitenote_note":"","_monsterinsights_sitenote_category":0,"jetpack_post_was_ever_published":false,"_jetpack_newsletter_access":"","_jetpack_dont_email_post_to_subs":false,"_jetpack_newsletter_tier_id":0,"_jetpack_memberships_contains_paywalled_content":false,"_jetpack_memberships_contains_paid_content":false,"footnotes":"","jetpack_publicize_message":"","jetpack_publicize_feature_enabled":true,"jetpack_social_post_already_shared":true,"jetpack_social_options":{"image_generator_settings":{"template":"highway","default_image_id":0,"font":"","enabled":false},"version":2},"_wpas_customize_per_network":false},"categories":[8],"tags":[140,7802],"class_list":["post-169928","post","type-post","status-publish","format-standard","has-post-thumbnail","hentry","category-sociedad","tag-hospital-dubarry","tag-sociedad","generate-columns","tablet-grid-50","mobile-grid-100","grid-parent","grid-50"],"jetpack_publicize_connections":[],"jetpack_featured_media_url":"https:\/\/www.hoymercedes.com.ar\/principal\/wp-content\/uploads\/2023\/11\/capacitacionmedica-scaled.jpeg","wps_subtitle":"Formaci\u00f3n m\u00e9dica","jetpack_sharing_enabled":true,"_links":{"self":[{"href":"https:\/\/www.hoymercedes.com.ar\/principal\/wp-json\/wp\/v2\/posts\/169928","targetHints":{"allow":["GET"]}}],"collection":[{"href":"https:\/\/www.hoymercedes.com.ar\/principal\/wp-json\/wp\/v2\/posts"}],"about":[{"href":"https:\/\/www.hoymercedes.com.ar\/principal\/wp-json\/wp\/v2\/types\/post"}],"author":[{"embeddable":true,"href":"https:\/\/www.hoymercedes.com.ar\/principal\/wp-json\/wp\/v2\/users\/1"}],"replies":[{"embeddable":true,"href":"https:\/\/www.hoymercedes.com.ar\/principal\/wp-json\/wp\/v2\/comments?post=169928"}],"version-history":[{"count":0,"href":"https:\/\/www.hoymercedes.com.ar\/principal\/wp-json\/wp\/v2\/posts\/169928\/revisions"}],"wp:featuredmedia":[{"embeddable":true,"href":"https:\/\/www.hoymercedes.com.ar\/principal\/wp-json\/wp\/v2\/media\/169931"}],"wp:attachment":[{"href":"https:\/\/www.hoymercedes.com.ar\/principal\/wp-json\/wp\/v2\/media?parent=169928"}],"wp:term":[{"taxonomy":"category","embeddable":true,"href":"https:\/\/www.hoymercedes.com.ar\/principal\/wp-json\/wp\/v2\/categories?post=169928"},{"taxonomy":"post_tag","embeddable":true,"href":"https:\/\/www.hoymercedes.com.ar\/principal\/wp-json\/wp\/v2\/tags?post=169928"}],"curies":[{"name":"wp","href":"https:\/\/api.w.org\/{rel}","templated":true}]}}