{"id":169969,"date":"2023-11-27T15:00:00","date_gmt":"2023-11-27T18:00:00","guid":{"rendered":"https:\/\/www.hoymercedes.com.ar\/principal\/?p=169969"},"modified":"2023-11-27T10:29:20","modified_gmt":"2023-11-27T13:29:20","slug":"se-viene-la-fiesta-nacional-del-durazno","status":"publish","type":"post","link":"https:\/\/www.hoymercedes.com.ar\/principal\/2023\/11\/27\/se-viene-la-fiesta-nacional-del-durazno\/","title":{"rendered":"Se viene la Fiesta Nacional del Durazno"},"content":{"rendered":"\n<figure class=\"wp-block-image size-large\"><img loading=\"lazy\" decoding=\"async\" width=\"1024\" height=\"682\" data-attachment-id=\"169972\" data-permalink=\"https:\/\/www.hoymercedes.com.ar\/principal\/2023\/11\/27\/se-viene-la-fiesta-nacional-del-durazno\/durazno-a\/#main\" data-orig-file=\"https:\/\/www.hoymercedes.com.ar\/principal\/wp-content\/uploads\/2023\/11\/Durazno-A.jpg\" data-orig-size=\"1319,879\" data-comments-opened=\"0\" data-image-meta=\"{&quot;aperture&quot;:&quot;0&quot;,&quot;credit&quot;:&quot;SEBASTIANAMBROSSIO&quot;,&quot;camera&quot;:&quot;&quot;,&quot;caption&quot;:&quot;&quot;,&quot;created_timestamp&quot;:&quot;0&quot;,&quot;copyright&quot;:&quot;SebastianAmbrossio&quot;,&quot;focal_length&quot;:&quot;0&quot;,&quot;iso&quot;:&quot;0&quot;,&quot;shutter_speed&quot;:&quot;0&quot;,&quot;title&quot;:&quot;&quot;,&quot;orientation&quot;:&quot;0&quot;}\" data-image-title=\"Durazno-A\" data-image-description=\"\" data-image-caption=\"\" data-large-file=\"https:\/\/www.hoymercedes.com.ar\/principal\/wp-content\/uploads\/2023\/11\/Durazno-A-1024x682.jpg\" src=\"https:\/\/www.hoymercedes.com.ar\/principal\/wp-content\/uploads\/2023\/11\/Durazno-A-1024x682.jpg\" alt=\"\" class=\"wp-image-169972\" srcset=\"https:\/\/www.hoymercedes.com.ar\/principal\/wp-content\/uploads\/2023\/11\/Durazno-A-1024x682.jpg 1024w, https:\/\/www.hoymercedes.com.ar\/principal\/wp-content\/uploads\/2023\/11\/Durazno-A-630x420.jpg 630w, https:\/\/www.hoymercedes.com.ar\/principal\/wp-content\/uploads\/2023\/11\/Durazno-A-150x100.jpg 150w, https:\/\/www.hoymercedes.com.ar\/principal\/wp-content\/uploads\/2023\/11\/Durazno-A-700x465.jpg 700w, https:\/\/www.hoymercedes.com.ar\/principal\/wp-content\/uploads\/2023\/11\/Durazno-A.jpg 1319w\" sizes=\"auto, (max-width: 1024px) 100vw, 1024px\" \/><\/figure>\n\n\n\n<p>El encuentro ser\u00e1 en el Complejo Cultural La Trocha. 8,9 y 10 de diciembre con entrada libre y gratuita se podr\u00e1 vivir un encuentro familiar, de disfrute y entretenimiento. Como cada ocasi\u00f3n adem\u00e1s ser\u00e1 un sentido y merecido homenaje a las y los productores de durazno de la ciudad.<\/p>\n\n\n\n<p>Con el apoyo de la municipalidad de Mercedes las y los productores desde hace a\u00f1os viene recuperando las plantaciones del fruto, por eso es valiosa la Fiesta, permitiendo visibilizar en un encuentro social todo su trabajo.<\/p>\n\n\n\n<p>Respecto a las jornadas se prev\u00e9 un viernes, con de media jornada y s\u00e1bado y domingo completos, con propuestas musicales, artesanales, gastron\u00f3micas, juegos y entretenimiento para las familias y asistentes.<\/p>\n\n\n\n<p>Habr\u00e1 m\u00fasica en vivo con gran cantidad de artistas locales y adem\u00e1s se tendr\u00e1 en cuenta la propuesta en el marco de las actividades por el 40\u00b0 aniversario del regreso de la democracia al pa\u00eds.<\/p>\n\n\n\n<p>\u201cEstamos muy felices de que podamos encontrarnos, podamos disfrutar en familia, porque el eje central de cada fiesta es ese, la posibilidad de estar unidos como pueblo\u201d, narr\u00f3 Jimena Rivas, directora de cultura municipal.<\/p>\n\n\n\n<p>Habr\u00e1, tambi\u00e9n, teatro, performances de los talleres culturales y experiencias culturales variadas, adem\u00e1s de lo que ya se conoce.<\/p>\n","protected":false},"excerpt":{"rendered":"<p>El encuentro ser\u00e1 en el Complejo Cultural La Trocha. 8,9 y 10 de diciembre con entrada libre y gratuita se &#8230; <a title=\"Se viene la Fiesta Nacional del Durazno\" class=\"read-more\" href=\"https:\/\/www.hoymercedes.com.ar\/principal\/2023\/11\/27\/se-viene-la-fiesta-nacional-del-durazno\/\" aria-label=\"Leer m\u00e1s sobre Se viene la Fiesta Nacional del Durazno\">Leer m\u00e1s<\/a><\/p>\n","protected":false},"author":1,"featured_media":169972,"comment_status":"closed","ping_status":"open","sticky":false,"template":"","format":"standard","meta":{"_monsterinsights_skip_tracking":false,"_monsterinsights_sitenote_active":false,"_monsterinsights_sitenote_note":"","_monsterinsights_sitenote_category":0,"jetpack_post_was_ever_published":false,"_jetpack_newsletter_access":"","_jetpack_dont_email_post_to_subs":false,"_jetpack_newsletter_tier_id":0,"_jetpack_memberships_contains_paywalled_content":false,"_jetpack_memberships_contains_paid_content":false,"footnotes":"","jetpack_publicize_message":"","jetpack_publicize_feature_enabled":true,"jetpack_social_post_already_shared":true,"jetpack_social_options":{"image_generator_settings":{"template":"highway","default_image_id":0,"font":"","enabled":false},"version":2},"_wpas_customize_per_network":false},"categories":[8],"tags":[3051],"class_list":["post-169969","post","type-post","status-publish","format-standard","has-post-thumbnail","hentry","category-sociedad","tag-fiesta-nacional-del-durazno","generate-columns","tablet-grid-50","mobile-grid-100","grid-parent","grid-50"],"jetpack_publicize_connections":[],"jetpack_featured_media_url":"https:\/\/www.hoymercedes.com.ar\/principal\/wp-content\/uploads\/2023\/11\/Durazno-A.jpg","wps_subtitle":"Actividades culturales ","jetpack_sharing_enabled":true,"_links":{"self":[{"href":"https:\/\/www.hoymercedes.com.ar\/principal\/wp-json\/wp\/v2\/posts\/169969","targetHints":{"allow":["GET"]}}],"collection":[{"href":"https:\/\/www.hoymercedes.com.ar\/principal\/wp-json\/wp\/v2\/posts"}],"about":[{"href":"https:\/\/www.hoymercedes.com.ar\/principal\/wp-json\/wp\/v2\/types\/post"}],"author":[{"embeddable":true,"href":"https:\/\/www.hoymercedes.com.ar\/principal\/wp-json\/wp\/v2\/users\/1"}],"replies":[{"embeddable":true,"href":"https:\/\/www.hoymercedes.com.ar\/principal\/wp-json\/wp\/v2\/comments?post=169969"}],"version-history":[{"count":0,"href":"https:\/\/www.hoymercedes.com.ar\/principal\/wp-json\/wp\/v2\/posts\/169969\/revisions"}],"wp:featuredmedia":[{"embeddable":true,"href":"https:\/\/www.hoymercedes.com.ar\/principal\/wp-json\/wp\/v2\/media\/169972"}],"wp:attachment":[{"href":"https:\/\/www.hoymercedes.com.ar\/principal\/wp-json\/wp\/v2\/media?parent=169969"}],"wp:term":[{"taxonomy":"category","embeddable":true,"href":"https:\/\/www.hoymercedes.com.ar\/principal\/wp-json\/wp\/v2\/categories?post=169969"},{"taxonomy":"post_tag","embeddable":true,"href":"https:\/\/www.hoymercedes.com.ar\/principal\/wp-json\/wp\/v2\/tags?post=169969"}],"curies":[{"name":"wp","href":"https:\/\/api.w.org\/{rel}","templated":true}]}}