{"id":169975,"date":"2023-11-27T16:29:00","date_gmt":"2023-11-27T19:29:00","guid":{"rendered":"https:\/\/www.hoymercedes.com.ar\/principal\/?p=169975"},"modified":"2023-11-27T10:33:47","modified_gmt":"2023-11-27T13:33:47","slug":"gran-asistencia-a-la-conmemoracion-del-dia-internacional-de-la-eliminacion-de-la-violencia-contra-las-mujeres-y-lgbti","status":"publish","type":"post","link":"https:\/\/www.hoymercedes.com.ar\/principal\/2023\/11\/27\/gran-asistencia-a-la-conmemoracion-del-dia-internacional-de-la-eliminacion-de-la-violencia-contra-las-mujeres-y-lgbti\/","title":{"rendered":"Gran asistencia a la conmemoraci\u00f3n del D\u00eda Internacional de la Eliminaci\u00f3n de la Violencia contra las mujeres y LGBTI"},"content":{"rendered":"\n<figure class=\"wp-block-image size-large\"><img loading=\"lazy\" decoding=\"async\" width=\"1024\" height=\"678\" data-attachment-id=\"169976\" data-permalink=\"https:\/\/www.hoymercedes.com.ar\/principal\/2023\/11\/27\/gran-asistencia-a-la-conmemoracion-del-dia-internacional-de-la-eliminacion-de-la-violencia-contra-las-mujeres-y-lgbti\/photo_2023-11-26_12-37-27\/#main\" data-orig-file=\"https:\/\/www.hoymercedes.com.ar\/principal\/wp-content\/uploads\/2023\/11\/photo_2023-11-26_12-37-27.jpg\" data-orig-size=\"1280,847\" data-comments-opened=\"0\" data-image-meta=\"{&quot;aperture&quot;:&quot;0&quot;,&quot;credit&quot;:&quot;&quot;,&quot;camera&quot;:&quot;&quot;,&quot;caption&quot;:&quot;&quot;,&quot;created_timestamp&quot;:&quot;0&quot;,&quot;copyright&quot;:&quot;&quot;,&quot;focal_length&quot;:&quot;0&quot;,&quot;iso&quot;:&quot;0&quot;,&quot;shutter_speed&quot;:&quot;0&quot;,&quot;title&quot;:&quot;&quot;,&quot;orientation&quot;:&quot;0&quot;}\" data-image-title=\"violencia de g\u00e9nero\" data-image-description=\"\" data-image-caption=\"\" data-large-file=\"https:\/\/www.hoymercedes.com.ar\/principal\/wp-content\/uploads\/2023\/11\/photo_2023-11-26_12-37-27-1024x678.jpg\" src=\"https:\/\/www.hoymercedes.com.ar\/principal\/wp-content\/uploads\/2023\/11\/photo_2023-11-26_12-37-27-1024x678.jpg\" alt=\"\" class=\"wp-image-169976\" srcset=\"https:\/\/www.hoymercedes.com.ar\/principal\/wp-content\/uploads\/2023\/11\/photo_2023-11-26_12-37-27-1024x678.jpg 1024w, https:\/\/www.hoymercedes.com.ar\/principal\/wp-content\/uploads\/2023\/11\/photo_2023-11-26_12-37-27-630x417.jpg 630w, https:\/\/www.hoymercedes.com.ar\/principal\/wp-content\/uploads\/2023\/11\/photo_2023-11-26_12-37-27-150x99.jpg 150w, https:\/\/www.hoymercedes.com.ar\/principal\/wp-content\/uploads\/2023\/11\/photo_2023-11-26_12-37-27.jpg 1280w\" sizes=\"auto, (max-width: 1024px) 100vw, 1024px\" \/><\/figure>\n\n\n\n<p>Con m\u00faltiples actividades se conmemor\u00f3 el &nbsp;D\u00eda Internacional de la Eliminaci\u00f3n de la Violencia contra las mujeres y LGBTI. Las acciones se concentraron en el Museo del Arte y en la v\u00eda p\u00fablica. Hubo una importante participaci\u00f3n. Muestras fotogr\u00e1ficas, Dj en vivo, Feria de emprendedoras, Shows musicales, conversatorio, muestra de talleres, canto colectivo y artistas mercedinas.<\/p>\n\n\n\n<p>La propuesta impulsada por la Municipalidad de Mercedes con amplia participaci\u00f3n de los colectivos y grupos locales permiti\u00f3 exponer y conmemorar este importante d\u00eda.<\/p>\n\n\n\n<p>El D\u00eda Internacional de la Lucha contra la Violencia hacia la Mujer tiene como objetivo sensibilizar, denunciar y reclamar pol\u00edticas p\u00fablicas para erradicar la violencia que se ejerce sobre las mujeres alrededor del mundo. En nuestro pa\u00eds se produjo en el \u00faltimo a\u00f1o un feminicio cada 27 horas.<\/p>\n\n\n\n<figure class=\"wp-block-image size-large\"><img loading=\"lazy\" decoding=\"async\" width=\"1024\" height=\"680\" data-attachment-id=\"169977\" data-permalink=\"https:\/\/www.hoymercedes.com.ar\/principal\/2023\/11\/27\/gran-asistencia-a-la-conmemoracion-del-dia-internacional-de-la-eliminacion-de-la-violencia-contra-las-mujeres-y-lgbti\/mhm1675\/#main\" data-orig-file=\"https:\/\/www.hoymercedes.com.ar\/principal\/wp-content\/uploads\/2023\/11\/MHM1675-scaled.jpg\" data-orig-size=\"2560,1700\" data-comments-opened=\"0\" data-image-meta=\"{&quot;aperture&quot;:&quot;2.2&quot;,&quot;credit&quot;:&quot;Moreira Mario Hugo    FOTOGRAFIA&quot;,&quot;camera&quot;:&quot;NIKON D300&quot;,&quot;caption&quot;:&quot;&quot;,&quot;created_timestamp&quot;:&quot;1700954881&quot;,&quot;copyright&quot;:&quot;AW Fotografia   Moreira Mario Hugo&quot;,&quot;focal_length&quot;:&quot;50&quot;,&quot;iso&quot;:&quot;1600&quot;,&quot;shutter_speed&quot;:&quot;0.033333333333333&quot;,&quot;title&quot;:&quot;&quot;,&quot;orientation&quot;:&quot;0&quot;}\" data-image-title=\"violencia de g\u00e9nero\" data-image-description=\"\" data-image-caption=\"\" data-large-file=\"https:\/\/www.hoymercedes.com.ar\/principal\/wp-content\/uploads\/2023\/11\/MHM1675-1024x680.jpg\" src=\"https:\/\/www.hoymercedes.com.ar\/principal\/wp-content\/uploads\/2023\/11\/MHM1675-1024x680.jpg\" alt=\"\" class=\"wp-image-169977\" srcset=\"https:\/\/www.hoymercedes.com.ar\/principal\/wp-content\/uploads\/2023\/11\/MHM1675-1024x680.jpg 1024w, https:\/\/www.hoymercedes.com.ar\/principal\/wp-content\/uploads\/2023\/11\/MHM1675-630x418.jpg 630w, https:\/\/www.hoymercedes.com.ar\/principal\/wp-content\/uploads\/2023\/11\/MHM1675-150x100.jpg 150w, https:\/\/www.hoymercedes.com.ar\/principal\/wp-content\/uploads\/2023\/11\/MHM1675-1536x1020.jpg 1536w, https:\/\/www.hoymercedes.com.ar\/principal\/wp-content\/uploads\/2023\/11\/MHM1675-2048x1360.jpg 2048w, https:\/\/www.hoymercedes.com.ar\/principal\/wp-content\/uploads\/2023\/11\/MHM1675-700x465.jpg 700w\" sizes=\"auto, (max-width: 1024px) 100vw, 1024px\" \/><\/figure>\n\n\n\n<p>Hubol Collage Sonodio con lectura de textos y poes\u00edas, estuvieron tambi\u00e9n Marilina Errapuspe, Mili Vallejos, jo Marcel, Lorena Mayol &amp; La Electrorural, Aguspeh, Canto Colectivo, Sunny, Dj Set, conversatorio con Clara Zunino, Gise Vola, Olga represenante de la UTT, Romina Fern\u00e1ndez, proyecci\u00f3n de la Serie Marcas, exposici\u00f3n fotogr\u00e1fica, espacios infantiles, cerigraf\u00eda y mucho m\u00e1s, utilizando el espacio del Museo del Arte y la calle 23 de 16 a 18, generando un amplio espacio de encuentro y visibilizaci\u00f3n.<\/p>\n\n\n\n<figure class=\"wp-block-image size-large\"><img loading=\"lazy\" decoding=\"async\" width=\"1024\" height=\"680\" data-attachment-id=\"169978\" data-permalink=\"https:\/\/www.hoymercedes.com.ar\/principal\/2023\/11\/27\/gran-asistencia-a-la-conmemoracion-del-dia-internacional-de-la-eliminacion-de-la-violencia-contra-las-mujeres-y-lgbti\/mhm1613\/#main\" data-orig-file=\"https:\/\/www.hoymercedes.com.ar\/principal\/wp-content\/uploads\/2023\/11\/MHM1613-scaled.jpg\" data-orig-size=\"2560,1700\" data-comments-opened=\"0\" data-image-meta=\"{&quot;aperture&quot;:&quot;2.8&quot;,&quot;credit&quot;:&quot;Moreira Mario Hugo    FOTOGRAFIA&quot;,&quot;camera&quot;:&quot;NIKON D300&quot;,&quot;caption&quot;:&quot;&quot;,&quot;created_timestamp&quot;:&quot;1700951387&quot;,&quot;copyright&quot;:&quot;AW Fotografia   Moreira Mario Hugo&quot;,&quot;focal_length&quot;:&quot;35&quot;,&quot;iso&quot;:&quot;2500&quot;,&quot;shutter_speed&quot;:&quot;0.01&quot;,&quot;title&quot;:&quot;&quot;,&quot;orientation&quot;:&quot;0&quot;}\" data-image-title=\"violencia de g\u00e9nero\" data-image-description=\"\" data-image-caption=\"\" data-large-file=\"https:\/\/www.hoymercedes.com.ar\/principal\/wp-content\/uploads\/2023\/11\/MHM1613-1024x680.jpg\" src=\"https:\/\/www.hoymercedes.com.ar\/principal\/wp-content\/uploads\/2023\/11\/MHM1613-1024x680.jpg\" alt=\"\" class=\"wp-image-169978\" srcset=\"https:\/\/www.hoymercedes.com.ar\/principal\/wp-content\/uploads\/2023\/11\/MHM1613-1024x680.jpg 1024w, https:\/\/www.hoymercedes.com.ar\/principal\/wp-content\/uploads\/2023\/11\/MHM1613-630x418.jpg 630w, https:\/\/www.hoymercedes.com.ar\/principal\/wp-content\/uploads\/2023\/11\/MHM1613-150x100.jpg 150w, https:\/\/www.hoymercedes.com.ar\/principal\/wp-content\/uploads\/2023\/11\/MHM1613-1536x1020.jpg 1536w, https:\/\/www.hoymercedes.com.ar\/principal\/wp-content\/uploads\/2023\/11\/MHM1613-2048x1360.jpg 2048w, https:\/\/www.hoymercedes.com.ar\/principal\/wp-content\/uploads\/2023\/11\/MHM1613-700x465.jpg 700w\" sizes=\"auto, (max-width: 1024px) 100vw, 1024px\" \/><\/figure>\n\n\n\n<p><strong>Documento<\/strong><\/p>\n\n\n\n<p>Se ley\u00f3 una expresi\u00f3n compartida, que expres\u00f3:<\/p>\n\n\n\n<p>En el marco del D\u00eda Internacional por la eliminaci\u00f3n de la violencia contra las mujeres la Direcci\u00f3n de G\u00e9nero y Diversidad de la ciudad realizar\u00e1 el festival Somos la Voz Que Muece.<\/p>\n\n\n\n<p>Un Festival que hablar\u00e1 de las marcas que nos constituyen y nos nombran. Del hacer colectivo y el entramado para decirnos y transformar nuestra voz individual en una voz colectiva que arme una nueva manera de contarnos.<\/p>\n\n\n\n<p>El festival contar\u00e1 con participaci\u00f3n 100% de artistas femeninas entre m\u00fasicas, fot\u00f3grafas, poetas y djs. Se sumar\u00e1 un conversatorio de mujeres mercedinas con un s\u00f3lido recorrido en sus respectivos haceres que charlar\u00e1n sobre distintos tipos de violencias.<\/p>\n\n\n\n<figure class=\"wp-block-image size-large\"><img loading=\"lazy\" decoding=\"async\" width=\"1024\" height=\"680\" data-attachment-id=\"169979\" data-permalink=\"https:\/\/www.hoymercedes.com.ar\/principal\/2023\/11\/27\/gran-asistencia-a-la-conmemoracion-del-dia-internacional-de-la-eliminacion-de-la-violencia-contra-las-mujeres-y-lgbti\/mhm1758\/#main\" data-orig-file=\"https:\/\/www.hoymercedes.com.ar\/principal\/wp-content\/uploads\/2023\/11\/MHM1758-scaled.jpg\" data-orig-size=\"2560,1700\" data-comments-opened=\"0\" data-image-meta=\"{&quot;aperture&quot;:&quot;2&quot;,&quot;credit&quot;:&quot;Moreira Mario Hugo    FOTOGRAFIA&quot;,&quot;camera&quot;:&quot;NIKON D300&quot;,&quot;caption&quot;:&quot;&quot;,&quot;created_timestamp&quot;:&quot;1700960669&quot;,&quot;copyright&quot;:&quot;AW Fotografia   Moreira Mario Hugo&quot;,&quot;focal_length&quot;:&quot;50&quot;,&quot;iso&quot;:&quot;1600&quot;,&quot;shutter_speed&quot;:&quot;0.01&quot;,&quot;title&quot;:&quot;&quot;,&quot;orientation&quot;:&quot;0&quot;}\" data-image-title=\"violencia de g\u00e9nero\" data-image-description=\"\" data-image-caption=\"\" data-large-file=\"https:\/\/www.hoymercedes.com.ar\/principal\/wp-content\/uploads\/2023\/11\/MHM1758-1024x680.jpg\" src=\"https:\/\/www.hoymercedes.com.ar\/principal\/wp-content\/uploads\/2023\/11\/MHM1758-1024x680.jpg\" alt=\"\" class=\"wp-image-169979\" srcset=\"https:\/\/www.hoymercedes.com.ar\/principal\/wp-content\/uploads\/2023\/11\/MHM1758-1024x680.jpg 1024w, https:\/\/www.hoymercedes.com.ar\/principal\/wp-content\/uploads\/2023\/11\/MHM1758-630x418.jpg 630w, https:\/\/www.hoymercedes.com.ar\/principal\/wp-content\/uploads\/2023\/11\/MHM1758-150x100.jpg 150w, https:\/\/www.hoymercedes.com.ar\/principal\/wp-content\/uploads\/2023\/11\/MHM1758-1536x1020.jpg 1536w, https:\/\/www.hoymercedes.com.ar\/principal\/wp-content\/uploads\/2023\/11\/MHM1758-2048x1360.jpg 2048w, https:\/\/www.hoymercedes.com.ar\/principal\/wp-content\/uploads\/2023\/11\/MHM1758-700x465.jpg 700w\" sizes=\"auto, (max-width: 1024px) 100vw, 1024px\" \/><\/figure>\n\n\n\n<p>Contar\u00e1 con la exposici\u00f3n Mujeres textiles y territorios, una feria de mujeres emprendedoras, Canto Colectivo, Barra abierta del Colectivo LGTBq+ y la participaci\u00f3n de los talleres de Oficio y talleres art\u00edsticos de la Casa de la Mujer.<\/p>\n","protected":false},"excerpt":{"rendered":"<p>Con m\u00faltiples actividades se conmemor\u00f3 el &nbsp;D\u00eda Internacional de la Eliminaci\u00f3n de la Violencia contra las mujeres y LGBTI. Las &#8230; <a title=\"Gran asistencia a la conmemoraci\u00f3n del D\u00eda Internacional de la Eliminaci\u00f3n de la Violencia contra las mujeres y LGBTI\" class=\"read-more\" href=\"https:\/\/www.hoymercedes.com.ar\/principal\/2023\/11\/27\/gran-asistencia-a-la-conmemoracion-del-dia-internacional-de-la-eliminacion-de-la-violencia-contra-las-mujeres-y-lgbti\/\" aria-label=\"Leer m\u00e1s sobre Gran asistencia a la conmemoraci\u00f3n del D\u00eda Internacional de la Eliminaci\u00f3n de la Violencia contra las mujeres y LGBTI\">Leer m\u00e1s<\/a><\/p>\n","protected":false},"author":1,"featured_media":169976,"comment_status":"closed","ping_status":"open","sticky":false,"template":"","format":"standard","meta":{"_monsterinsights_skip_tracking":false,"_monsterinsights_sitenote_active":false,"_monsterinsights_sitenote_note":"","_monsterinsights_sitenote_category":0,"jetpack_post_was_ever_published":false,"_jetpack_newsletter_access":"","_jetpack_dont_email_post_to_subs":false,"_jetpack_newsletter_tier_id":0,"_jetpack_memberships_contains_paywalled_content":false,"_jetpack_memberships_contains_paid_content":false,"footnotes":"","jetpack_publicize_message":"","jetpack_publicize_feature_enabled":true,"jetpack_social_post_already_shared":true,"jetpack_social_options":{"image_generator_settings":{"template":"highway","default_image_id":0,"font":"","enabled":false},"version":2},"_wpas_customize_per_network":false},"categories":[8],"tags":[18899],"class_list":["post-169975","post","type-post","status-publish","format-standard","has-post-thumbnail","hentry","category-sociedad","tag-dia-internacional-de-la-eliminacion-de-la-violencia-contra-las-mujeres-y-lgbti","generate-columns","tablet-grid-50","mobile-grid-100","grid-parent","grid-50"],"jetpack_publicize_connections":[],"jetpack_featured_media_url":"https:\/\/www.hoymercedes.com.ar\/principal\/wp-content\/uploads\/2023\/11\/photo_2023-11-26_12-37-27.jpg","wps_subtitle":"","jetpack_sharing_enabled":true,"_links":{"self":[{"href":"https:\/\/www.hoymercedes.com.ar\/principal\/wp-json\/wp\/v2\/posts\/169975","targetHints":{"allow":["GET"]}}],"collection":[{"href":"https:\/\/www.hoymercedes.com.ar\/principal\/wp-json\/wp\/v2\/posts"}],"about":[{"href":"https:\/\/www.hoymercedes.com.ar\/principal\/wp-json\/wp\/v2\/types\/post"}],"author":[{"embeddable":true,"href":"https:\/\/www.hoymercedes.com.ar\/principal\/wp-json\/wp\/v2\/users\/1"}],"replies":[{"embeddable":true,"href":"https:\/\/www.hoymercedes.com.ar\/principal\/wp-json\/wp\/v2\/comments?post=169975"}],"version-history":[{"count":0,"href":"https:\/\/www.hoymercedes.com.ar\/principal\/wp-json\/wp\/v2\/posts\/169975\/revisions"}],"wp:featuredmedia":[{"embeddable":true,"href":"https:\/\/www.hoymercedes.com.ar\/principal\/wp-json\/wp\/v2\/media\/169976"}],"wp:attachment":[{"href":"https:\/\/www.hoymercedes.com.ar\/principal\/wp-json\/wp\/v2\/media?parent=169975"}],"wp:term":[{"taxonomy":"category","embeddable":true,"href":"https:\/\/www.hoymercedes.com.ar\/principal\/wp-json\/wp\/v2\/categories?post=169975"},{"taxonomy":"post_tag","embeddable":true,"href":"https:\/\/www.hoymercedes.com.ar\/principal\/wp-json\/wp\/v2\/tags?post=169975"}],"curies":[{"name":"wp","href":"https:\/\/api.w.org\/{rel}","templated":true}]}}