{"id":170024,"date":"2023-11-28T15:21:00","date_gmt":"2023-11-28T18:21:00","guid":{"rendered":"https:\/\/www.hoymercedes.com.ar\/principal\/?p=170024"},"modified":"2023-11-28T20:31:16","modified_gmt":"2023-11-28T23:31:16","slug":"hcd-el-viernes-sera-la-ultima-sesion-ordinaria-del-ano","status":"publish","type":"post","link":"https:\/\/www.hoymercedes.com.ar\/principal\/2023\/11\/28\/hcd-el-viernes-sera-la-ultima-sesion-ordinaria-del-ano\/","title":{"rendered":"HCD: El viernes ser\u00e1 la \u00faltima sesi\u00f3n ordinaria del a\u00f1o"},"content":{"rendered":"\n<p><strong><em>El pasado mi\u00e9rcoles se llev\u00f3 a cabo una sesi\u00f3n extraordinaria para dar ingreso al presupuesto y la fiscal impositivo. El presupuesto se calcula en $ 16.290.097.390,00 mientras que el aumento de tasas ronda en el 140%.<\/em><\/strong><\/p>\n\n\n<div class=\"wp-block-image\">\n<figure class=\"aligncenter size-full\"><img loading=\"lazy\" decoding=\"async\" width=\"750\" height=\"500\" data-attachment-id=\"83088\" data-permalink=\"https:\/\/www.hoymercedes.com.ar\/principal\/2018\/10\/26\/hcd-sesion-especial-por-los-35-anos-de-democracia-argentina\/26-recinto-hcd\/#main\" data-orig-file=\"https:\/\/www.hoymercedes.com.ar\/principal\/wp-content\/uploads\/2018\/10\/26-recinto-HCD.jpg\" data-orig-size=\"750,500\" data-comments-opened=\"0\" data-image-meta=\"{&quot;aperture&quot;:&quot;0&quot;,&quot;credit&quot;:&quot;&quot;,&quot;camera&quot;:&quot;&quot;,&quot;caption&quot;:&quot;&quot;,&quot;created_timestamp&quot;:&quot;0&quot;,&quot;copyright&quot;:&quot;&quot;,&quot;focal_length&quot;:&quot;0&quot;,&quot;iso&quot;:&quot;0&quot;,&quot;shutter_speed&quot;:&quot;0&quot;,&quot;title&quot;:&quot;&quot;,&quot;orientation&quot;:&quot;0&quot;}\" data-image-title=\"26 recinto HCD\" data-image-description=\"\" data-image-caption=\"\" data-large-file=\"https:\/\/www.hoymercedes.com.ar\/principal\/wp-content\/uploads\/2018\/10\/26-recinto-HCD.jpg\" src=\"https:\/\/www.hoymercedes.com.ar\/principal\/wp-content\/uploads\/2018\/10\/26-recinto-HCD.jpg\" alt=\"\" class=\"wp-image-83088\" srcset=\"https:\/\/www.hoymercedes.com.ar\/principal\/wp-content\/uploads\/2018\/10\/26-recinto-HCD.jpg 750w, https:\/\/www.hoymercedes.com.ar\/principal\/wp-content\/uploads\/2018\/10\/26-recinto-HCD-150x100.jpg 150w, https:\/\/www.hoymercedes.com.ar\/principal\/wp-content\/uploads\/2018\/10\/26-recinto-HCD-630x420.jpg 630w\" sizes=\"auto, (max-width: 750px) 100vw, 750px\" \/><\/figure>\n<\/div>\n\n\n<p>Antes de que se lleve a cabo la \u00faltima sesi\u00f3n ordinaria del a\u00f1o, el pasado mi\u00e9rcoles se realiz\u00f3 una sesi\u00f3n extraordinaria para dar ingreso a los expedientes del Presupuesto 2024 y la ordenanza Fiscal Impositiva.<\/p>\n\n\n\n<p>Como es habitual cada fin de a\u00f1o, el cuerpo legislativo local deber\u00e1 prepararse para el tratamiento de estas dos ordenanzas, esta vez interrumpidas por la asunci\u00f3n de los nuevos concejales el venidero 10 de diciembre. Luego de haber pedido una pr\u00f3rroga dado que la ley exige la presentaci\u00f3n del c\u00e1lculo de recursos antes de la finalizaci\u00f3n del mes de octubre, finalmente el \u00e1rea de hacienda y econom\u00eda deriv\u00f3 el expediente para que sea tratado por los 18 concejales que conforman el cuerpo.<\/p>\n\n\n\n<p>Por lo pronto, el ejecutivo dise\u00f1o el presupuesto para el ejercicio 2024 el cual se calcula en un monto de $ 16.290.097.390,00 marcando un incremento de algo m\u00e1s de un 102% respecto del corriente a\u00f1o.<\/p>\n\n\n\n<p>De ello, se deprende un 30.5 % de recursos propios, 67,1% proveniente de la Coparticipaci\u00f3n y un 2.4 % restante del Fondo de Financiamiento Educativo.<\/p>\n\n\n\n<p>A todo esto, se le suma la situaci\u00f3n econ\u00f3mica por la cual debe atravesar el pa\u00eds, la cual prev\u00e9 aumentos para algunas de las tasas m\u00e1s importantes de recaudaci\u00f3n de la comuna.<\/p>\n\n\n\n<p>Entre ellas, se encuentra la tasa por alumbrado limpieza y conservaci\u00f3n de la v\u00eda p\u00fablica sobre la cual manifiestan que \u201cpara el 2024, se espera sostener la recaudaci\u00f3n y con la conformaci\u00f3n de un equipo de fiscalizadores tener una mayor potencialidad de seguimiento a la morosidad que permita intensificar las gestiones de recupero de deuda\u201d.<\/p>\n\n\n\n<p>En cuanto a la tasa por inspecci\u00f3n de seguridad e higiene desde el ejecutivo sostienen que \u201ca pesar de la elevada inflaci\u00f3n, no hubo una pronunciada ca\u00edda de ventas y dado la eficiente tarea de seguimiento y entrecruzamiento de informaci\u00f3n con ARBA del \u00e1rea de la pol\u00edtica fiscal, no solo no ha habido una crecida en la recaudaci\u00f3n sino que se mantuvo entre los niveles normales al ritmo de la inflaci\u00f3n mensual\u201d.<\/p>\n\n\n\n<p>\u201cCreemos que el 2024 nos permitir\u00e1 sostener el aumento de la recaudaci\u00f3n acompa\u00f1ando el ritmo inflacionario proyectado para dicho a\u00f1o para el gobierno nacional\u201d aclararon.<\/p>\n\n\n\n<p>Por lo pronto, la conformaci\u00f3n actual del HCD comenzar\u00e1 este lunes por la ma\u00f1ana con las respectivas reuniones con las diversas \u00e1reas del ejecutivo para comenzar en el tratamiento de los expedientes, a fin de ser aprobados antes de que finalice el a\u00f1o.<\/p>\n\n\n\n<p><strong>Renovaci\u00f3n<\/strong><\/p>\n\n\n\n<p>En tanto, tras la \u00faltima elecci\u00f3n general, los ediles nueve ediles que resultaron beneficiados por el voto popular (5 del FdT, 2 de JxC y 2 de LLA) deber\u00e1n realizar su respectiva asunci\u00f3n de bancas el venidero 10 de diciembre.<\/p>\n\n\n\n<p>Por lo pronto, existe la posibilidad de que sea el nuevo cuerpo quien finalmente termine por aprobar ambos expedientes dado que solo restan dos semanas por delante.<\/p>\n\n\n\n<p>En cuanto a la \u00faltima sesi\u00f3n del a\u00f1o, si bien la misma estaba prevista para llevarse a cabo esta tarde desde las 19 horas, desde el Honorable Concejo Deliberante anunciaron que se realizar\u00e1 el venidero viernes 1 de diciembre a fin de ingresar todos los despachos de comisi\u00f3n que quedan pendientes antes de finalizar el a\u00f1o legislativo.<\/p>\n\n\n\n<p><strong>Tasas de alto impacto<\/strong><\/p>\n\n\n\n<p>Luego de que se de ingreso a ambos expedientes, el concejal Edgard Killmeatte manifest\u00f3 su preocupaci\u00f3n por el aumento de tasas previsto por el ejecutivo para el pr\u00f3ximo a\u00f1o.<\/p>\n\n\n\n<p>Con respecto a la Ordenanza Fiscal Impositiva, el edil manifest\u00f3 que \u201clos n\u00fameros son bastante duros el alumbrado p\u00fablico va a tener un incremento de alrededor del 160% me parece que es un golpe duro para el bolsillo de los contribuyentes con respecto a las otras tasas han cambiado la modalidad dado que se est\u00e1n cobrando con m\u00f3dulos que tienen un valor y se ajustar\u00edan trimestralmente\u201d.<\/p>\n\n\n\n<p>Si bien el concejal advirti\u00f3 que habr\u00eda que revisar con mayor detenimiento la ordenanza, por lo pronto puso en duda que la Ley Org\u00e1nica de las Municipalidades permita el aumento de las tasas de esa manera.<\/p>\n\n\n\n<p>\u201cRecordemos que el incremento de las tasas se hace con la asamblea de mayores contribuyentes que son los encargados de aprobar dicho aumento no s\u00e9 si con un m\u00f3dulo que se ajustar\u00eda de forma trimestral corresponde eso habr\u00eda que ver si es factible\u201d agreg\u00f3.<\/p>\n\n\n\n<p>Colaboraci\u00f3n Mariano Oyarz\u00fa<\/p>\n","protected":false},"excerpt":{"rendered":"<p>El pasado mi\u00e9rcoles se llev\u00f3 a cabo una sesi\u00f3n extraordinaria para dar ingreso al presupuesto y la fiscal impositivo. El &#8230; <a title=\"HCD: El viernes ser\u00e1 la \u00faltima sesi\u00f3n ordinaria del a\u00f1o\" class=\"read-more\" href=\"https:\/\/www.hoymercedes.com.ar\/principal\/2023\/11\/28\/hcd-el-viernes-sera-la-ultima-sesion-ordinaria-del-ano\/\" aria-label=\"Leer m\u00e1s sobre HCD: El viernes ser\u00e1 la \u00faltima sesi\u00f3n ordinaria del a\u00f1o\">Leer m\u00e1s<\/a><\/p>\n","protected":false},"author":1,"featured_media":83088,"comment_status":"closed","ping_status":"open","sticky":false,"template":"","format":"standard","meta":{"_monsterinsights_skip_tracking":false,"_monsterinsights_sitenote_active":false,"_monsterinsights_sitenote_note":"","_monsterinsights_sitenote_category":0,"jetpack_post_was_ever_published":false,"_jetpack_newsletter_access":"","_jetpack_dont_email_post_to_subs":false,"_jetpack_newsletter_tier_id":0,"_jetpack_memberships_contains_paywalled_content":false,"_jetpack_memberships_contains_paid_content":false,"footnotes":"","jetpack_publicize_message":"","jetpack_publicize_feature_enabled":true,"jetpack_social_post_already_shared":true,"jetpack_social_options":{"image_generator_settings":{"template":"highway","default_image_id":0,"font":"","enabled":false},"version":2},"_wpas_customize_per_network":false},"categories":[18286],"tags":[10,244,5319],"class_list":["post-170024","post","type-post","status-publish","format-standard","has-post-thumbnail","hentry","category-hcd-mercedes","tag-mercedes","tag-municipio-2","tag-politica-2","generate-columns","tablet-grid-50","mobile-grid-100","grid-parent","grid-50"],"jetpack_publicize_connections":[],"jetpack_featured_media_url":"https:\/\/www.hoymercedes.com.ar\/principal\/wp-content\/uploads\/2018\/10\/26-recinto-HCD.jpg","wps_subtitle":"","jetpack_sharing_enabled":true,"_links":{"self":[{"href":"https:\/\/www.hoymercedes.com.ar\/principal\/wp-json\/wp\/v2\/posts\/170024","targetHints":{"allow":["GET"]}}],"collection":[{"href":"https:\/\/www.hoymercedes.com.ar\/principal\/wp-json\/wp\/v2\/posts"}],"about":[{"href":"https:\/\/www.hoymercedes.com.ar\/principal\/wp-json\/wp\/v2\/types\/post"}],"author":[{"embeddable":true,"href":"https:\/\/www.hoymercedes.com.ar\/principal\/wp-json\/wp\/v2\/users\/1"}],"replies":[{"embeddable":true,"href":"https:\/\/www.hoymercedes.com.ar\/principal\/wp-json\/wp\/v2\/comments?post=170024"}],"version-history":[{"count":0,"href":"https:\/\/www.hoymercedes.com.ar\/principal\/wp-json\/wp\/v2\/posts\/170024\/revisions"}],"wp:featuredmedia":[{"embeddable":true,"href":"https:\/\/www.hoymercedes.com.ar\/principal\/wp-json\/wp\/v2\/media\/83088"}],"wp:attachment":[{"href":"https:\/\/www.hoymercedes.com.ar\/principal\/wp-json\/wp\/v2\/media?parent=170024"}],"wp:term":[{"taxonomy":"category","embeddable":true,"href":"https:\/\/www.hoymercedes.com.ar\/principal\/wp-json\/wp\/v2\/categories?post=170024"},{"taxonomy":"post_tag","embeddable":true,"href":"https:\/\/www.hoymercedes.com.ar\/principal\/wp-json\/wp\/v2\/tags?post=170024"}],"curies":[{"name":"wp","href":"https:\/\/api.w.org\/{rel}","templated":true}]}}