{"id":170032,"date":"2023-11-28T21:40:14","date_gmt":"2023-11-29T00:40:14","guid":{"rendered":"https:\/\/www.hoymercedes.com.ar\/principal\/?p=170032"},"modified":"2023-11-28T21:49:20","modified_gmt":"2023-11-29T00:49:20","slug":"muestra-anual-de-los-talleres-teatrales-del-talia","status":"publish","type":"post","link":"https:\/\/www.hoymercedes.com.ar\/principal\/2023\/11\/28\/muestra-anual-de-los-talleres-teatrales-del-talia\/","title":{"rendered":"Muestra anual de los talleres teatrales del Tal\u00eda"},"content":{"rendered":"\n<p>Los primeros dos fines de semana de diciembre, el Teatro Tal\u00eda abre sus puertas para presentar las muestras de los talleres de juegos teatrales, por un lado, y el curso de principiantes por el otro. El viernes 1 y s\u00e1bado 2, el grupo que coordina Stella Siri y Marita Iglesias subir\u00e1 al escenario, en tanto, el viernes 8 y s\u00e1bado 9, ser\u00e1 el turno de los integrantes del taller que coordina Jorge Naipauer. La entrada es un bono contribuci\u00f3n de 1000 pesos. <\/p>\n\n\n<div class=\"wp-block-image\">\n<figure class=\"alignleft size-full is-resized\"><img loading=\"lazy\" decoding=\"async\" width=\"720\" height=\"926\" data-attachment-id=\"170033\" data-permalink=\"https:\/\/www.hoymercedes.com.ar\/principal\/2023\/11\/28\/muestra-anual-de-los-talleres-teatrales-del-talia\/teatro-talia-siri\/#main\" data-orig-file=\"https:\/\/www.hoymercedes.com.ar\/principal\/wp-content\/uploads\/2023\/11\/teatro-talia-siri.jpg\" data-orig-size=\"720,926\" data-comments-opened=\"0\" data-image-meta=\"{&quot;aperture&quot;:&quot;0&quot;,&quot;credit&quot;:&quot;&quot;,&quot;camera&quot;:&quot;&quot;,&quot;caption&quot;:&quot;&quot;,&quot;created_timestamp&quot;:&quot;0&quot;,&quot;copyright&quot;:&quot;&quot;,&quot;focal_length&quot;:&quot;0&quot;,&quot;iso&quot;:&quot;0&quot;,&quot;shutter_speed&quot;:&quot;0&quot;,&quot;title&quot;:&quot;&quot;,&quot;orientation&quot;:&quot;0&quot;}\" data-image-title=\"teatro talia siri\" data-image-description=\"\" data-image-caption=\"\" data-large-file=\"https:\/\/www.hoymercedes.com.ar\/principal\/wp-content\/uploads\/2023\/11\/teatro-talia-siri.jpg\" src=\"https:\/\/www.hoymercedes.com.ar\/principal\/wp-content\/uploads\/2023\/11\/teatro-talia-siri.jpg\" alt=\"\" class=\"wp-image-170033\" style=\"width:323px;height:auto\" srcset=\"https:\/\/www.hoymercedes.com.ar\/principal\/wp-content\/uploads\/2023\/11\/teatro-talia-siri.jpg 720w, https:\/\/www.hoymercedes.com.ar\/principal\/wp-content\/uploads\/2023\/11\/teatro-talia-siri-482x620.jpg 482w, https:\/\/www.hoymercedes.com.ar\/principal\/wp-content\/uploads\/2023\/11\/teatro-talia-siri-117x150.jpg 117w\" sizes=\"auto, (max-width: 720px) 100vw, 720px\" \/><\/figure>\n<\/div>\n\n\n<p>El pr\u00f3ximo fin de semana, 1 y 2 de diciembre, 21 horas, el taller titulado Juegos Teatrales que coordinan Stella Siri y Marita Iglesias subir\u00e1n al escenario. El grupo que integra el taller presentar\u00e1 diferentes trabajos creados a lo largo del a\u00f1o con improvisaciones, mechando letras de canciones, elegidas por el grupo, armando un texto teatral&nbsp;unipersonal. <\/p>\n\n\n\n<p>Alicia Cabral, Graciela Jurado, Mariana Lemos, Graciela Solimandi, Patricia Nicodemo, Lili Casalla, Marita Iglesias y Eugenia Secco, son quienes actuar\u00e1n el primer fin de semana. <\/p>\n\n\n\n<p>Por su parte, bajo la coordinaci\u00f3n y direcci\u00f3n de Jorge Naipauer, los integrantes del taller de principiantes se presentar\u00e1 los d\u00edas viernes 8 y domingo 9 de diciembre, 21 horas. Este grupo presentar\u00e1 11 monologos cortos m\u00e1s algunas&nbsp;escenas de diferentes textos elegidos por sus integrantes. <\/p>\n\n\n\n<p>Quienes subir\u00e1n al escenario son Alejandra Palmieri, Roc\u00edo Torres, Dar\u00edo Torres, Luc\u00eda Vela, Sof\u00eda Bustamante, Kiki Cardozo, Josi Canessa, M\u00f3nica Gonz\u00e1lez, Mar\u00eda Eva Soto, Ana Rend\u00f3n y B\u00e1rbara Carussi. La puesta en escena se completa con los colaboradores que estar\u00e1n debajo del escenario. Entre ellos, Graciela Voigth, Nacho C\u00e1nepa, Yael Peralta, Juanita Tavarez, y Daniel Parisso. <\/p>\n\n\n\n<p>Finalmente, los coordinadores de ambos talleres aprovechan la oportunidad para agradecer a Paula Celeri y a Mar\u00eda Graciela Madrigal. <\/p>\n\n\n<div class=\"wp-block-image\">\n<figure class=\"aligncenter size-full is-resized\"><img loading=\"lazy\" decoding=\"async\" width=\"720\" height=\"728\" data-attachment-id=\"170034\" data-permalink=\"https:\/\/www.hoymercedes.com.ar\/principal\/2023\/11\/28\/muestra-anual-de-los-talleres-teatrales-del-talia\/teatro-talia-naipahuer\/#main\" data-orig-file=\"https:\/\/www.hoymercedes.com.ar\/principal\/wp-content\/uploads\/2023\/11\/teatro-talia-naipahuer.jpg\" data-orig-size=\"720,728\" data-comments-opened=\"0\" data-image-meta=\"{&quot;aperture&quot;:&quot;0&quot;,&quot;credit&quot;:&quot;&quot;,&quot;camera&quot;:&quot;&quot;,&quot;caption&quot;:&quot;&quot;,&quot;created_timestamp&quot;:&quot;0&quot;,&quot;copyright&quot;:&quot;&quot;,&quot;focal_length&quot;:&quot;0&quot;,&quot;iso&quot;:&quot;0&quot;,&quot;shutter_speed&quot;:&quot;0&quot;,&quot;title&quot;:&quot;&quot;,&quot;orientation&quot;:&quot;0&quot;}\" data-image-title=\"teatro talia naipahuer\" data-image-description=\"\" data-image-caption=\"\" data-large-file=\"https:\/\/www.hoymercedes.com.ar\/principal\/wp-content\/uploads\/2023\/11\/teatro-talia-naipahuer.jpg\" src=\"https:\/\/www.hoymercedes.com.ar\/principal\/wp-content\/uploads\/2023\/11\/teatro-talia-naipahuer.jpg\" alt=\"\" class=\"wp-image-170034\" style=\"width:602px;height:auto\" srcset=\"https:\/\/www.hoymercedes.com.ar\/principal\/wp-content\/uploads\/2023\/11\/teatro-talia-naipahuer.jpg 720w, https:\/\/www.hoymercedes.com.ar\/principal\/wp-content\/uploads\/2023\/11\/teatro-talia-naipahuer-613x620.jpg 613w, https:\/\/www.hoymercedes.com.ar\/principal\/wp-content\/uploads\/2023\/11\/teatro-talia-naipahuer-148x150.jpg 148w\" sizes=\"auto, (max-width: 720px) 100vw, 720px\" \/><\/figure>\n<\/div>","protected":false},"excerpt":{"rendered":"<p>Los primeros dos fines de semana de diciembre, el Teatro Tal\u00eda abre sus puertas para presentar las muestras de los &#8230; <a title=\"Muestra anual de los talleres teatrales del Tal\u00eda\" class=\"read-more\" href=\"https:\/\/www.hoymercedes.com.ar\/principal\/2023\/11\/28\/muestra-anual-de-los-talleres-teatrales-del-talia\/\" aria-label=\"Leer m\u00e1s sobre Muestra anual de los talleres teatrales del Tal\u00eda\">Leer m\u00e1s<\/a><\/p>\n","protected":false},"author":1,"featured_media":170033,"comment_status":"closed","ping_status":"open","sticky":false,"template":"","format":"standard","meta":{"_monsterinsights_skip_tracking":false,"_monsterinsights_sitenote_active":false,"_monsterinsights_sitenote_note":"","_monsterinsights_sitenote_category":0,"jetpack_post_was_ever_published":false,"_jetpack_newsletter_access":"","_jetpack_dont_email_post_to_subs":false,"_jetpack_newsletter_tier_id":0,"_jetpack_memberships_contains_paywalled_content":false,"_jetpack_memberships_contains_paid_content":false,"footnotes":"","jetpack_publicize_message":"","jetpack_publicize_feature_enabled":true,"jetpack_social_post_already_shared":true,"jetpack_social_options":{"image_generator_settings":{"template":"highway","default_image_id":0,"font":"","enabled":false},"version":2},"_wpas_customize_per_network":false},"categories":[104],"tags":[7805],"class_list":["post-170032","post","type-post","status-publish","format-standard","has-post-thumbnail","hentry","category-cultura","tag-cultura","generate-columns","tablet-grid-50","mobile-grid-100","grid-parent","grid-50"],"jetpack_publicize_connections":[],"jetpack_featured_media_url":"https:\/\/www.hoymercedes.com.ar\/principal\/wp-content\/uploads\/2023\/11\/teatro-talia-siri.jpg","wps_subtitle":"","jetpack_sharing_enabled":true,"_links":{"self":[{"href":"https:\/\/www.hoymercedes.com.ar\/principal\/wp-json\/wp\/v2\/posts\/170032","targetHints":{"allow":["GET"]}}],"collection":[{"href":"https:\/\/www.hoymercedes.com.ar\/principal\/wp-json\/wp\/v2\/posts"}],"about":[{"href":"https:\/\/www.hoymercedes.com.ar\/principal\/wp-json\/wp\/v2\/types\/post"}],"author":[{"embeddable":true,"href":"https:\/\/www.hoymercedes.com.ar\/principal\/wp-json\/wp\/v2\/users\/1"}],"replies":[{"embeddable":true,"href":"https:\/\/www.hoymercedes.com.ar\/principal\/wp-json\/wp\/v2\/comments?post=170032"}],"version-history":[{"count":0,"href":"https:\/\/www.hoymercedes.com.ar\/principal\/wp-json\/wp\/v2\/posts\/170032\/revisions"}],"wp:featuredmedia":[{"embeddable":true,"href":"https:\/\/www.hoymercedes.com.ar\/principal\/wp-json\/wp\/v2\/media\/170033"}],"wp:attachment":[{"href":"https:\/\/www.hoymercedes.com.ar\/principal\/wp-json\/wp\/v2\/media?parent=170032"}],"wp:term":[{"taxonomy":"category","embeddable":true,"href":"https:\/\/www.hoymercedes.com.ar\/principal\/wp-json\/wp\/v2\/categories?post=170032"},{"taxonomy":"post_tag","embeddable":true,"href":"https:\/\/www.hoymercedes.com.ar\/principal\/wp-json\/wp\/v2\/tags?post=170032"}],"curies":[{"name":"wp","href":"https:\/\/api.w.org\/{rel}","templated":true}]}}