{"id":170123,"date":"2023-12-02T06:42:00","date_gmt":"2023-12-02T09:42:00","guid":{"rendered":"https:\/\/www.hoymercedes.com.ar\/principal\/?p=170123"},"modified":"2023-12-02T06:56:43","modified_gmt":"2023-12-02T09:56:43","slug":"mancini-asume-el-proximo-10-como-intendente-de-suipacha","status":"publish","type":"post","link":"https:\/\/www.hoymercedes.com.ar\/principal\/2023\/12\/02\/mancini-asume-el-proximo-10-como-intendente-de-suipacha\/","title":{"rendered":"Mancini asume el pr\u00f3ximo 10 como intendente de Suipacha"},"content":{"rendered":"\n<figure class=\"wp-block-image size-full is-resized\"><img loading=\"lazy\" decoding=\"async\" width=\"900\" height=\"936\" data-attachment-id=\"134534\" data-permalink=\"https:\/\/www.hoymercedes.com.ar\/principal\/2021\/08\/01\/mancini-en-suipacha-el-plan-de-vacunacion-avanza-con-300-turnos-para-chicos-de-12-a-17-anos\/mancini-suipacha\/#main\" data-orig-file=\"https:\/\/www.hoymercedes.com.ar\/principal\/wp-content\/uploads\/2021\/08\/Mancini-Suipacha.jpg\" data-orig-size=\"900,936\" data-comments-opened=\"0\" data-image-meta=\"{&quot;aperture&quot;:&quot;0&quot;,&quot;credit&quot;:&quot;SEBASTIANAMBROSSIO&quot;,&quot;camera&quot;:&quot;&quot;,&quot;caption&quot;:&quot;&quot;,&quot;created_timestamp&quot;:&quot;0&quot;,&quot;copyright&quot;:&quot;SebastianAmbrossio&quot;,&quot;focal_length&quot;:&quot;0&quot;,&quot;iso&quot;:&quot;0&quot;,&quot;shutter_speed&quot;:&quot;0&quot;,&quot;title&quot;:&quot;&quot;,&quot;orientation&quot;:&quot;0&quot;}\" data-image-title=\"Juan Luis Mancini, intendente de Suipacha\" data-image-description=\"&lt;p&gt;Juan Luis Mancini, intendente de Suipacha&lt;\/p&gt;\n\" data-image-caption=\"&lt;p&gt;Juan Luis Mancini, intendente de Suipacha&lt;\/p&gt;\n\" data-large-file=\"https:\/\/www.hoymercedes.com.ar\/principal\/wp-content\/uploads\/2021\/08\/Mancini-Suipacha.jpg\" src=\"https:\/\/www.hoymercedes.com.ar\/principal\/wp-content\/uploads\/2021\/08\/Mancini-Suipacha.jpg\" alt=\"\" class=\"wp-image-134534\" style=\"width:960px;height:auto\" srcset=\"https:\/\/www.hoymercedes.com.ar\/principal\/wp-content\/uploads\/2021\/08\/Mancini-Suipacha.jpg 900w, https:\/\/www.hoymercedes.com.ar\/principal\/wp-content\/uploads\/2021\/08\/Mancini-Suipacha-596x620.jpg 596w, https:\/\/www.hoymercedes.com.ar\/principal\/wp-content\/uploads\/2021\/08\/Mancini-Suipacha-144x150.jpg 144w\" sizes=\"auto, (max-width: 900px) 100vw, 900px\" \/><\/figure>\n\n\n\n<p>El ganador de las \u00faltimas elecciones, por buen margen y desplazando al actual intendente Federico asumir\u00e1 el pr\u00f3ximo domingo 10 de diciembre a las 19hs en el espacio del \u00e1mbito edificio municipal.<\/p>\n\n\n\n<p>La actividad incluir\u00e1 tambi\u00e9n la toma de posesi\u00f3n de las y los nuevos consejeros escolares y concejales.<\/p>\n\n\n\n<p><strong>Juan Lu\u00eds Mancini <\/strong>es un joven intendente que permiti\u00f3 el regreso del peronismo al poder tras la experiencia muy criticada de Alejandro Federico de Juntos por el Cambio. De esta manera Uni\u00f3n por la Patria recupera la conducci\u00f3n de la vecina localidad.<\/p>\n\n\n\n<p>Se espera una ceremonia formal y respetuosa de las institucionalidades dando inicio a un mandato de 4 a\u00f1os para Mancini y su equipo de trabajo.<\/p>\n","protected":false},"excerpt":{"rendered":"<p>El ganador de las \u00faltimas elecciones, por buen margen y desplazando al actual intendente Federico asumir\u00e1 el pr\u00f3ximo domingo 10 &#8230; <a title=\"Mancini asume el pr\u00f3ximo 10 como intendente de Suipacha\" class=\"read-more\" href=\"https:\/\/www.hoymercedes.com.ar\/principal\/2023\/12\/02\/mancini-asume-el-proximo-10-como-intendente-de-suipacha\/\" aria-label=\"Leer m\u00e1s sobre Mancini asume el pr\u00f3ximo 10 como intendente de Suipacha\">Leer m\u00e1s<\/a><\/p>\n","protected":false},"author":1,"featured_media":134534,"comment_status":"closed","ping_status":"open","sticky":false,"template":"","format":"standard","meta":{"_monsterinsights_skip_tracking":false,"_monsterinsights_sitenote_active":false,"_monsterinsights_sitenote_note":"","_monsterinsights_sitenote_category":0,"jetpack_post_was_ever_published":false,"_jetpack_newsletter_access":"","_jetpack_dont_email_post_to_subs":false,"_jetpack_newsletter_tier_id":0,"_jetpack_memberships_contains_paywalled_content":false,"_jetpack_memberships_contains_paid_content":false,"footnotes":"","jetpack_publicize_message":"","jetpack_publicize_feature_enabled":true,"jetpack_social_post_already_shared":false,"jetpack_social_options":{"image_generator_settings":{"template":"highway","default_image_id":0,"font":"","enabled":false},"version":2},"_wpas_customize_per_network":false},"categories":[5],"tags":[17895,559],"class_list":["post-170123","post","type-post","status-publish","format-standard","has-post-thumbnail","hentry","category-politica","tag-mancini","tag-suipacha","generate-columns","tablet-grid-50","mobile-grid-100","grid-parent","grid-50"],"jetpack_publicize_connections":[],"jetpack_featured_media_url":"https:\/\/www.hoymercedes.com.ar\/principal\/wp-content\/uploads\/2021\/08\/Mancini-Suipacha.jpg","wps_subtitle":"Intendente de Suipacha","jetpack_sharing_enabled":true,"_links":{"self":[{"href":"https:\/\/www.hoymercedes.com.ar\/principal\/wp-json\/wp\/v2\/posts\/170123","targetHints":{"allow":["GET"]}}],"collection":[{"href":"https:\/\/www.hoymercedes.com.ar\/principal\/wp-json\/wp\/v2\/posts"}],"about":[{"href":"https:\/\/www.hoymercedes.com.ar\/principal\/wp-json\/wp\/v2\/types\/post"}],"author":[{"embeddable":true,"href":"https:\/\/www.hoymercedes.com.ar\/principal\/wp-json\/wp\/v2\/users\/1"}],"replies":[{"embeddable":true,"href":"https:\/\/www.hoymercedes.com.ar\/principal\/wp-json\/wp\/v2\/comments?post=170123"}],"version-history":[{"count":0,"href":"https:\/\/www.hoymercedes.com.ar\/principal\/wp-json\/wp\/v2\/posts\/170123\/revisions"}],"wp:featuredmedia":[{"embeddable":true,"href":"https:\/\/www.hoymercedes.com.ar\/principal\/wp-json\/wp\/v2\/media\/134534"}],"wp:attachment":[{"href":"https:\/\/www.hoymercedes.com.ar\/principal\/wp-json\/wp\/v2\/media?parent=170123"}],"wp:term":[{"taxonomy":"category","embeddable":true,"href":"https:\/\/www.hoymercedes.com.ar\/principal\/wp-json\/wp\/v2\/categories?post=170123"},{"taxonomy":"post_tag","embeddable":true,"href":"https:\/\/www.hoymercedes.com.ar\/principal\/wp-json\/wp\/v2\/tags?post=170123"}],"curies":[{"name":"wp","href":"https:\/\/api.w.org\/{rel}","templated":true}]}}