{"id":170178,"date":"2023-12-02T11:56:00","date_gmt":"2023-12-02T14:56:00","guid":{"rendered":"https:\/\/www.hoymercedes.com.ar\/principal\/?p=170178"},"modified":"2023-12-02T22:14:39","modified_gmt":"2023-12-03T01:14:39","slug":"realizaron-el-cierre-de-los-talleres-de-adultos-mayores","status":"publish","type":"post","link":"https:\/\/www.hoymercedes.com.ar\/principal\/2023\/12\/02\/realizaron-el-cierre-de-los-talleres-de-adultos-mayores\/","title":{"rendered":"Realizaron el cierre de los Talleres de Adultos Mayores"},"content":{"rendered":"\n<p>En el CEDAM se realiz\u00f3 el Cierre de los Talleres art\u00edsticos y culturales llevados adelante por el Municipio de Mercedes a trav\u00e9s de la Direcci\u00f3n de Adultos Mayores. Los mismos brindan lazos de comunicaci\u00f3n, contenci\u00f3n y recreaci\u00f3n para los adultos mayores.<\/p>\n\n\n<div class=\"wp-block-image\">\n<figure class=\"aligncenter size-full\"><img loading=\"lazy\" decoding=\"async\" width=\"960\" height=\"540\" data-attachment-id=\"170181\" data-permalink=\"https:\/\/www.hoymercedes.com.ar\/principal\/2023\/12\/02\/realizaron-el-cierre-de-los-talleres-de-adultos-mayores\/adultos-mayores-1-3\/#main\" data-orig-file=\"https:\/\/www.hoymercedes.com.ar\/principal\/wp-content\/uploads\/2023\/12\/adultos-mayores-1.jpg\" data-orig-size=\"960,540\" data-comments-opened=\"0\" data-image-meta=\"{&quot;aperture&quot;:&quot;0&quot;,&quot;credit&quot;:&quot;&quot;,&quot;camera&quot;:&quot;&quot;,&quot;caption&quot;:&quot;&quot;,&quot;created_timestamp&quot;:&quot;0&quot;,&quot;copyright&quot;:&quot;&quot;,&quot;focal_length&quot;:&quot;0&quot;,&quot;iso&quot;:&quot;0&quot;,&quot;shutter_speed&quot;:&quot;0&quot;,&quot;title&quot;:&quot;&quot;,&quot;orientation&quot;:&quot;0&quot;}\" data-image-title=\"adultos mayores 1\" data-image-description=\"\" data-image-caption=\"\" data-large-file=\"https:\/\/www.hoymercedes.com.ar\/principal\/wp-content\/uploads\/2023\/12\/adultos-mayores-1.jpg\" src=\"https:\/\/www.hoymercedes.com.ar\/principal\/wp-content\/uploads\/2023\/12\/adultos-mayores-1.jpg\" alt=\"\" class=\"wp-image-170181\" srcset=\"https:\/\/www.hoymercedes.com.ar\/principal\/wp-content\/uploads\/2023\/12\/adultos-mayores-1.jpg 960w, https:\/\/www.hoymercedes.com.ar\/principal\/wp-content\/uploads\/2023\/12\/adultos-mayores-1-630x354.jpg 630w, https:\/\/www.hoymercedes.com.ar\/principal\/wp-content\/uploads\/2023\/12\/adultos-mayores-1-150x84.jpg 150w\" sizes=\"auto, (max-width: 960px) 100vw, 960px\" \/><\/figure>\n<\/div>\n\n\n<p>La directora de Adultos Mayores, Victoria Odell, indic\u00f3 \u201ctuvimos un lindo encuentro donde escuchamos a un representante de cada taller quienes contaron qu\u00e9 signific\u00f3 para cada uno de ellos ser parte de estos grupos y actividades\u201d y a\u00f1adi\u00f3 \u201cfue algo hermoso que result\u00f3 ser muy importante para todos\u201d.<\/p>\n\n\n<div class=\"wp-block-image\">\n<figure class=\"aligncenter size-full\"><img loading=\"lazy\" decoding=\"async\" width=\"810\" height=\"540\" data-attachment-id=\"170179\" data-permalink=\"https:\/\/www.hoymercedes.com.ar\/principal\/2023\/12\/02\/realizaron-el-cierre-de-los-talleres-de-adultos-mayores\/amd\/#main\" data-orig-file=\"https:\/\/www.hoymercedes.com.ar\/principal\/wp-content\/uploads\/2023\/12\/AMD.jpeg\" data-orig-size=\"810,540\" data-comments-opened=\"0\" data-image-meta=\"{&quot;aperture&quot;:&quot;0&quot;,&quot;credit&quot;:&quot;&quot;,&quot;camera&quot;:&quot;&quot;,&quot;caption&quot;:&quot;&quot;,&quot;created_timestamp&quot;:&quot;0&quot;,&quot;copyright&quot;:&quot;&quot;,&quot;focal_length&quot;:&quot;0&quot;,&quot;iso&quot;:&quot;0&quot;,&quot;shutter_speed&quot;:&quot;0&quot;,&quot;title&quot;:&quot;&quot;,&quot;orientation&quot;:&quot;0&quot;}\" data-image-title=\"AMD\" data-image-description=\"\" data-image-caption=\"\" data-large-file=\"https:\/\/www.hoymercedes.com.ar\/principal\/wp-content\/uploads\/2023\/12\/AMD.jpeg\" src=\"https:\/\/www.hoymercedes.com.ar\/principal\/wp-content\/uploads\/2023\/12\/AMD.jpeg\" alt=\"\" class=\"wp-image-170179\" srcset=\"https:\/\/www.hoymercedes.com.ar\/principal\/wp-content\/uploads\/2023\/12\/AMD.jpeg 810w, https:\/\/www.hoymercedes.com.ar\/principal\/wp-content\/uploads\/2023\/12\/AMD-630x420.jpeg 630w, https:\/\/www.hoymercedes.com.ar\/principal\/wp-content\/uploads\/2023\/12\/AMD-150x100.jpeg 150w\" sizes=\"auto, (max-width: 810px) 100vw, 810px\" \/><\/figure>\n<\/div>\n\n\n<p>Y destac\u00f3 \u201cel gran trabajo de los profes que nos acompa\u00f1an todo el a\u00f1o que tienen un compromiso impresionante, que est\u00e1n siempre al pendiente de sus alumnos desde lo profesional y lo humano\u201d y apunt\u00f3 \u201cayer qued\u00f3 en claro que la participaci\u00f3n en cada uno de los encuentros era super valiosa y eso uni\u00f3 mucho a nuestros vecinos\u201d.<\/p>\n\n\n\n<p>Asimismo, Odell manifest\u00f3 \u201cpara el a\u00f1o que viene vamos a seguir trabajando en estos talleres, esperando que se incorporen m\u00e1s, porque cuantas m\u00e1s propuestas ofrezcamos, m\u00e1s posibilidades de sumar adultos mayores habr\u00e1, trabajaremos para que as\u00ed sea\u201d.<\/p>\n\n\n\n<p>Fuente: Prensa Municipal<\/p>\n\n\n<div class=\"wp-block-image\">\n<figure class=\"aligncenter size-full\"><img loading=\"lazy\" decoding=\"async\" width=\"960\" height=\"540\" data-attachment-id=\"170180\" data-permalink=\"https:\/\/www.hoymercedes.com.ar\/principal\/2023\/12\/02\/realizaron-el-cierre-de-los-talleres-de-adultos-mayores\/adultos-mayores-2-3\/#main\" data-orig-file=\"https:\/\/www.hoymercedes.com.ar\/principal\/wp-content\/uploads\/2023\/12\/adultos-mayores-2.jpg\" data-orig-size=\"960,540\" data-comments-opened=\"0\" data-image-meta=\"{&quot;aperture&quot;:&quot;0&quot;,&quot;credit&quot;:&quot;&quot;,&quot;camera&quot;:&quot;&quot;,&quot;caption&quot;:&quot;&quot;,&quot;created_timestamp&quot;:&quot;0&quot;,&quot;copyright&quot;:&quot;&quot;,&quot;focal_length&quot;:&quot;0&quot;,&quot;iso&quot;:&quot;0&quot;,&quot;shutter_speed&quot;:&quot;0&quot;,&quot;title&quot;:&quot;&quot;,&quot;orientation&quot;:&quot;0&quot;}\" data-image-title=\"adultos mayores 2\" data-image-description=\"\" data-image-caption=\"\" data-large-file=\"https:\/\/www.hoymercedes.com.ar\/principal\/wp-content\/uploads\/2023\/12\/adultos-mayores-2.jpg\" src=\"https:\/\/www.hoymercedes.com.ar\/principal\/wp-content\/uploads\/2023\/12\/adultos-mayores-2.jpg\" alt=\"\" class=\"wp-image-170180\" srcset=\"https:\/\/www.hoymercedes.com.ar\/principal\/wp-content\/uploads\/2023\/12\/adultos-mayores-2.jpg 960w, https:\/\/www.hoymercedes.com.ar\/principal\/wp-content\/uploads\/2023\/12\/adultos-mayores-2-630x354.jpg 630w, https:\/\/www.hoymercedes.com.ar\/principal\/wp-content\/uploads\/2023\/12\/adultos-mayores-2-150x84.jpg 150w\" sizes=\"auto, (max-width: 960px) 100vw, 960px\" \/><\/figure>\n<\/div>","protected":false},"excerpt":{"rendered":"<p>En el CEDAM se realiz\u00f3 el Cierre de los Talleres art\u00edsticos y culturales llevados adelante por el Municipio de Mercedes &#8230; <a title=\"Realizaron el cierre de los Talleres de Adultos Mayores\" class=\"read-more\" href=\"https:\/\/www.hoymercedes.com.ar\/principal\/2023\/12\/02\/realizaron-el-cierre-de-los-talleres-de-adultos-mayores\/\" aria-label=\"Leer m\u00e1s sobre Realizaron el cierre de los Talleres de Adultos Mayores\">Leer m\u00e1s<\/a><\/p>\n","protected":false},"author":1,"featured_media":170180,"comment_status":"closed","ping_status":"open","sticky":false,"template":"","format":"standard","meta":{"_monsterinsights_skip_tracking":false,"_monsterinsights_sitenote_active":false,"_monsterinsights_sitenote_note":"","_monsterinsights_sitenote_category":0,"jetpack_post_was_ever_published":false,"_jetpack_newsletter_access":"","_jetpack_dont_email_post_to_subs":false,"_jetpack_newsletter_tier_id":0,"_jetpack_memberships_contains_paywalled_content":false,"_jetpack_memberships_contains_paid_content":false,"footnotes":"","jetpack_publicize_message":"","jetpack_publicize_feature_enabled":true,"jetpack_social_post_already_shared":true,"jetpack_social_options":{"image_generator_settings":{"template":"highway","default_image_id":0,"font":"","enabled":false},"version":2},"_wpas_customize_per_network":false},"categories":[30],"tags":[244],"class_list":["post-170178","post","type-post","status-publish","format-standard","has-post-thumbnail","hentry","category-municipio","tag-municipio-2","generate-columns","tablet-grid-50","mobile-grid-100","grid-parent","grid-50"],"jetpack_publicize_connections":[],"jetpack_featured_media_url":"https:\/\/www.hoymercedes.com.ar\/principal\/wp-content\/uploads\/2023\/12\/adultos-mayores-2.jpg","wps_subtitle":"","jetpack_sharing_enabled":true,"_links":{"self":[{"href":"https:\/\/www.hoymercedes.com.ar\/principal\/wp-json\/wp\/v2\/posts\/170178","targetHints":{"allow":["GET"]}}],"collection":[{"href":"https:\/\/www.hoymercedes.com.ar\/principal\/wp-json\/wp\/v2\/posts"}],"about":[{"href":"https:\/\/www.hoymercedes.com.ar\/principal\/wp-json\/wp\/v2\/types\/post"}],"author":[{"embeddable":true,"href":"https:\/\/www.hoymercedes.com.ar\/principal\/wp-json\/wp\/v2\/users\/1"}],"replies":[{"embeddable":true,"href":"https:\/\/www.hoymercedes.com.ar\/principal\/wp-json\/wp\/v2\/comments?post=170178"}],"version-history":[{"count":0,"href":"https:\/\/www.hoymercedes.com.ar\/principal\/wp-json\/wp\/v2\/posts\/170178\/revisions"}],"wp:featuredmedia":[{"embeddable":true,"href":"https:\/\/www.hoymercedes.com.ar\/principal\/wp-json\/wp\/v2\/media\/170180"}],"wp:attachment":[{"href":"https:\/\/www.hoymercedes.com.ar\/principal\/wp-json\/wp\/v2\/media?parent=170178"}],"wp:term":[{"taxonomy":"category","embeddable":true,"href":"https:\/\/www.hoymercedes.com.ar\/principal\/wp-json\/wp\/v2\/categories?post=170178"},{"taxonomy":"post_tag","embeddable":true,"href":"https:\/\/www.hoymercedes.com.ar\/principal\/wp-json\/wp\/v2\/tags?post=170178"}],"curies":[{"name":"wp","href":"https:\/\/api.w.org\/{rel}","templated":true}]}}