{"id":170196,"date":"2023-12-03T07:33:00","date_gmt":"2023-12-03T10:33:00","guid":{"rendered":"https:\/\/www.hoymercedes.com.ar\/principal\/?p=170196"},"modified":"2023-12-02T22:57:45","modified_gmt":"2023-12-03T01:57:45","slug":"hubo-caminata-bajo-la-luz-de-la-luna","status":"publish","type":"post","link":"https:\/\/www.hoymercedes.com.ar\/principal\/2023\/12\/03\/hubo-caminata-bajo-la-luz-de-la-luna\/","title":{"rendered":"Hubo caminata bajo la luz de la luna"},"content":{"rendered":"\n<p>D\u00edas atr\u00e1s, la Asociaci\u00f3n SOS H\u00e1bitat llev\u00f3 adelante como propuesta una caminata en d\u00eda de luna llena. Desde la Pulper\u00eda de Cacho Dicatarina parti\u00f3 el grupo de vecinos que se sumaron a la propuestas de la instituci\u00f3n. <\/p>\n\n\n\n<p>Bordeando el R\u00edo Luj\u00e1n, se dirigieron al canal de la calle 15 iluminados por la luna llena en donde pudieron contemplar el sonido de los animales, aves e insectos. \u00abReconocimos especies ex\u00f3ticas y nativas de la flora que hab\u00eda en la zona ribere\u00f1a\u00bb, contaron desde SOS H\u00e1bitat.<\/p>\n\n\n<div class=\"wp-block-image\">\n<figure class=\"aligncenter size-full is-resized\"><img loading=\"lazy\" decoding=\"async\" width=\"400\" height=\"300\" data-attachment-id=\"170197\" data-permalink=\"https:\/\/www.hoymercedes.com.ar\/principal\/2023\/12\/03\/hubo-caminata-bajo-la-luz-de-la-luna\/image-48\/#main\" data-orig-file=\"https:\/\/www.hoymercedes.com.ar\/principal\/wp-content\/uploads\/2023\/12\/image.png\" data-orig-size=\"400,300\" data-comments-opened=\"0\" data-image-meta=\"{&quot;aperture&quot;:&quot;0&quot;,&quot;credit&quot;:&quot;&quot;,&quot;camera&quot;:&quot;&quot;,&quot;caption&quot;:&quot;&quot;,&quot;created_timestamp&quot;:&quot;0&quot;,&quot;copyright&quot;:&quot;&quot;,&quot;focal_length&quot;:&quot;0&quot;,&quot;iso&quot;:&quot;0&quot;,&quot;shutter_speed&quot;:&quot;0&quot;,&quot;title&quot;:&quot;&quot;,&quot;orientation&quot;:&quot;0&quot;}\" data-image-title=\"image\" data-image-description=\"\" data-image-caption=\"\" data-large-file=\"https:\/\/www.hoymercedes.com.ar\/principal\/wp-content\/uploads\/2023\/12\/image.png\" src=\"https:\/\/www.hoymercedes.com.ar\/principal\/wp-content\/uploads\/2023\/12\/image.png\" alt=\"\" class=\"wp-image-170197\" style=\"width:556px;height:auto\" srcset=\"https:\/\/www.hoymercedes.com.ar\/principal\/wp-content\/uploads\/2023\/12\/image.png 400w, https:\/\/www.hoymercedes.com.ar\/principal\/wp-content\/uploads\/2023\/12\/image-150x113.png 150w\" sizes=\"auto, (max-width: 400px) 100vw, 400px\" \/><\/figure>\n<\/div>\n\n\n<p>\u00abDel recorrido queremos primero agradecer a los caminantes del CEDAM que nos acompa\u00f1aron en el trayecto y a todos los que se acercaron. Segundo, queremos volver a insistir en que el canal de la 15 debe ser pluvial: el olor que se sent\u00eda indicaba la presencia de aguas cloacales. Adem\u00e1s de estar con residuos s\u00f3lidos urbanos flotando que se dirig\u00edan al r\u00edo.\u00a0Tenemos que cuidar nuestros canales, r\u00edo y arroyos porque son fuente de agua dulce, muy escasa. Pero necesitamos no solo el compromiso de los ciudadanos sino del municipio y \u00e1reas encargadas de controlar y hacer cumplir las ordenanzas para que no haya vuelcos clandestinos en estos canales\u00bb, agregaron.<\/p>\n\n\n<div class=\"wp-block-image\">\n<figure class=\"aligncenter size-full is-resized\"><img loading=\"lazy\" decoding=\"async\" width=\"400\" height=\"300\" data-attachment-id=\"170198\" data-permalink=\"https:\/\/www.hoymercedes.com.ar\/principal\/2023\/12\/03\/hubo-caminata-bajo-la-luz-de-la-luna\/image-1-22\/#main\" data-orig-file=\"https:\/\/www.hoymercedes.com.ar\/principal\/wp-content\/uploads\/2023\/12\/image-1.png\" data-orig-size=\"400,300\" data-comments-opened=\"0\" data-image-meta=\"{&quot;aperture&quot;:&quot;0&quot;,&quot;credit&quot;:&quot;&quot;,&quot;camera&quot;:&quot;&quot;,&quot;caption&quot;:&quot;&quot;,&quot;created_timestamp&quot;:&quot;0&quot;,&quot;copyright&quot;:&quot;&quot;,&quot;focal_length&quot;:&quot;0&quot;,&quot;iso&quot;:&quot;0&quot;,&quot;shutter_speed&quot;:&quot;0&quot;,&quot;title&quot;:&quot;&quot;,&quot;orientation&quot;:&quot;0&quot;}\" data-image-title=\"image-1\" data-image-description=\"\" data-image-caption=\"\" data-large-file=\"https:\/\/www.hoymercedes.com.ar\/principal\/wp-content\/uploads\/2023\/12\/image-1.png\" src=\"https:\/\/www.hoymercedes.com.ar\/principal\/wp-content\/uploads\/2023\/12\/image-1.png\" alt=\"\" class=\"wp-image-170198\" style=\"width:708px;height:auto\" srcset=\"https:\/\/www.hoymercedes.com.ar\/principal\/wp-content\/uploads\/2023\/12\/image-1.png 400w, https:\/\/www.hoymercedes.com.ar\/principal\/wp-content\/uploads\/2023\/12\/image-1-150x113.png 150w\" sizes=\"auto, (max-width: 400px) 100vw, 400px\" \/><\/figure>\n<\/div>\n\n\n<p>\u00abPor \u00faltimo, un pedido a los mercedinos: el \u00e1rea del parque es para disfrute de todos y descanso. No puede haber cientos de motocicletas con sus ca\u00f1os de escape molestando a los barrios aleda\u00f1os y alterando la tranquilidad de los que quieren descansar. Ac\u00e1 tambi\u00e9n queremos hacer hincapi\u00e9 en el \u00e1rea de\u00a0 tr\u00e1nsito para regular este tipo de vehiculos y el ruido. Y vale lo mismo para los autom\u00f3viles. Necesitamos una ciudad tranquila y segura. Una ciudad con movilidad sustentable\u00bb, finalizaron desde SOS H\u00e1bitat.<\/p>\n","protected":false},"excerpt":{"rendered":"<p>D\u00edas atr\u00e1s, la Asociaci\u00f3n SOS H\u00e1bitat llev\u00f3 adelante como propuesta una caminata en d\u00eda de luna llena. Desde la Pulper\u00eda &#8230; <a title=\"Hubo caminata bajo la luz de la luna\" class=\"read-more\" href=\"https:\/\/www.hoymercedes.com.ar\/principal\/2023\/12\/03\/hubo-caminata-bajo-la-luz-de-la-luna\/\" aria-label=\"Leer m\u00e1s sobre Hubo caminata bajo la luz de la luna\">Leer m\u00e1s<\/a><\/p>\n","protected":false},"author":1,"featured_media":170198,"comment_status":"closed","ping_status":"open","sticky":false,"template":"","format":"standard","meta":{"_monsterinsights_skip_tracking":false,"_monsterinsights_sitenote_active":false,"_monsterinsights_sitenote_note":"","_monsterinsights_sitenote_category":0,"jetpack_post_was_ever_published":false,"_jetpack_newsletter_access":"","_jetpack_dont_email_post_to_subs":false,"_jetpack_newsletter_tier_id":0,"_jetpack_memberships_contains_paywalled_content":false,"_jetpack_memberships_contains_paid_content":false,"footnotes":"","jetpack_publicize_message":"","jetpack_publicize_feature_enabled":true,"jetpack_social_post_already_shared":true,"jetpack_social_options":{"image_generator_settings":{"template":"highway","default_image_id":0,"font":"","enabled":false},"version":2},"_wpas_customize_per_network":false},"categories":[8],"tags":[],"class_list":["post-170196","post","type-post","status-publish","format-standard","has-post-thumbnail","hentry","category-sociedad","generate-columns","tablet-grid-50","mobile-grid-100","grid-parent","grid-50"],"jetpack_publicize_connections":[],"jetpack_featured_media_url":"https:\/\/www.hoymercedes.com.ar\/principal\/wp-content\/uploads\/2023\/12\/image-1.png","wps_subtitle":"","jetpack_sharing_enabled":true,"_links":{"self":[{"href":"https:\/\/www.hoymercedes.com.ar\/principal\/wp-json\/wp\/v2\/posts\/170196","targetHints":{"allow":["GET"]}}],"collection":[{"href":"https:\/\/www.hoymercedes.com.ar\/principal\/wp-json\/wp\/v2\/posts"}],"about":[{"href":"https:\/\/www.hoymercedes.com.ar\/principal\/wp-json\/wp\/v2\/types\/post"}],"author":[{"embeddable":true,"href":"https:\/\/www.hoymercedes.com.ar\/principal\/wp-json\/wp\/v2\/users\/1"}],"replies":[{"embeddable":true,"href":"https:\/\/www.hoymercedes.com.ar\/principal\/wp-json\/wp\/v2\/comments?post=170196"}],"version-history":[{"count":0,"href":"https:\/\/www.hoymercedes.com.ar\/principal\/wp-json\/wp\/v2\/posts\/170196\/revisions"}],"wp:featuredmedia":[{"embeddable":true,"href":"https:\/\/www.hoymercedes.com.ar\/principal\/wp-json\/wp\/v2\/media\/170198"}],"wp:attachment":[{"href":"https:\/\/www.hoymercedes.com.ar\/principal\/wp-json\/wp\/v2\/media?parent=170196"}],"wp:term":[{"taxonomy":"category","embeddable":true,"href":"https:\/\/www.hoymercedes.com.ar\/principal\/wp-json\/wp\/v2\/categories?post=170196"},{"taxonomy":"post_tag","embeddable":true,"href":"https:\/\/www.hoymercedes.com.ar\/principal\/wp-json\/wp\/v2\/tags?post=170196"}],"curies":[{"name":"wp","href":"https:\/\/api.w.org\/{rel}","templated":true}]}}