{"id":170228,"date":"2023-12-03T21:00:00","date_gmt":"2023-12-04T00:00:00","guid":{"rendered":"https:\/\/www.hoymercedes.com.ar\/principal\/?p=170228"},"modified":"2023-12-03T20:47:15","modified_gmt":"2023-12-03T23:47:15","slug":"se-presento-el-nuevo-libro-del-dr-jose-luis-zammitto","status":"publish","type":"post","link":"https:\/\/www.hoymercedes.com.ar\/principal\/2023\/12\/03\/se-presento-el-nuevo-libro-del-dr-jose-luis-zammitto\/","title":{"rendered":"Se present\u00f3 el nuevo libro del Dr. Jos\u00e9 Luis Zammitto"},"content":{"rendered":"\n<p><strong><em>El pasado viernes en el Colegio de Abogados del Departamento Judicial de Mercedes se llev\u00f3 adelante el acto de presentaci\u00f3n. Hubo lectura de poemas y an\u00e9cdotas.<\/em><\/strong><\/p>\n\n\n<div class=\"wp-block-image\">\n<figure class=\"aligncenter size-full\"><img loading=\"lazy\" decoding=\"async\" width=\"800\" height=\"533\" data-attachment-id=\"170221\" data-permalink=\"https:\/\/www.hoymercedes.com.ar\/principal\/2023\/12\/03\/ajedrez-pablo-salinardi-se-quedo-con-torneo-blitz-sabatino-de-primavera-x\/zamitto-2-1536x1023\/#main\" data-orig-file=\"https:\/\/www.hoymercedes.com.ar\/principal\/wp-content\/uploads\/2023\/12\/Zamitto-2-1536x1023-1.jpg\" data-orig-size=\"800,533\" data-comments-opened=\"0\" data-image-meta=\"{&quot;aperture&quot;:&quot;0&quot;,&quot;credit&quot;:&quot;&quot;,&quot;camera&quot;:&quot;&quot;,&quot;caption&quot;:&quot;&quot;,&quot;created_timestamp&quot;:&quot;0&quot;,&quot;copyright&quot;:&quot;&quot;,&quot;focal_length&quot;:&quot;0&quot;,&quot;iso&quot;:&quot;0&quot;,&quot;shutter_speed&quot;:&quot;0&quot;,&quot;title&quot;:&quot;&quot;,&quot;orientation&quot;:&quot;0&quot;}\" data-image-title=\"Zamitto-2-1536&amp;#215;1023\" data-image-description=\"\" data-image-caption=\"\" data-large-file=\"https:\/\/www.hoymercedes.com.ar\/principal\/wp-content\/uploads\/2023\/12\/Zamitto-2-1536x1023-1.jpg\" src=\"https:\/\/www.hoymercedes.com.ar\/principal\/wp-content\/uploads\/2023\/12\/Zamitto-2-1536x1023-1.jpg\" alt=\"\" class=\"wp-image-170221\" srcset=\"https:\/\/www.hoymercedes.com.ar\/principal\/wp-content\/uploads\/2023\/12\/Zamitto-2-1536x1023-1.jpg 800w, https:\/\/www.hoymercedes.com.ar\/principal\/wp-content\/uploads\/2023\/12\/Zamitto-2-1536x1023-1-630x420.jpg 630w, https:\/\/www.hoymercedes.com.ar\/principal\/wp-content\/uploads\/2023\/12\/Zamitto-2-1536x1023-1-150x100.jpg 150w, https:\/\/www.hoymercedes.com.ar\/principal\/wp-content\/uploads\/2023\/12\/Zamitto-2-1536x1023-1-700x465.jpg 700w\" sizes=\"auto, (max-width: 800px) 100vw, 800px\" \/><\/figure>\n<\/div>\n\n\n<p>La velada fue mucho m\u00e1s que una simple presentaci\u00f3n. Zammitto, acompa\u00f1ado por el Dr. Rub\u00e9n Eduardo Colimodio y Magdalena Beccar Varela, transform\u00f3 el acto en una experiencia muy emotiva. La Comisi\u00f3n de Extensi\u00f3n Sociocultural del CADJMercedes brind\u00f3 un espacio especial para este creador junto a C\u00e9sar Grad\u00edn, ex miembro de la comisi\u00f3n directiva y tambi\u00e9n escritor. Tambi\u00e9n acompa\u00f1aron la actividad las doctoras Patricia Leva y Mar\u00eda del Carmen G\u00f3mez Carranza, el doctor Ra\u00fal Lima y la doctora Mar\u00eda del Carmen Landini, as\u00ed como la tesorera doctora Leda Pecorelli y la consejera titular Alejandra Cordal.<\/p>\n\n\n\n<p>Colimodio expres\u00f3 su agradecimiento por ser parte de esta experiencia \u00fanica y destac\u00f3 la trayectoria literaria de Zammitto, resaltando que a pesar de haber ejercido como abogado desde 1974 hasta 2010, decidi\u00f3 lanzarse al mundo de la publicaci\u00f3n en su madurez. Adem\u00e1s, destac\u00f3 la versatilidad del autor, que incursion\u00f3 en la novela y el cuento, dejando un legado de 400 relatos cortos para la radiodifusi\u00f3n argentina.<\/p>\n\n\n\n<p>Magdalena Beccar Varela, desde su rol de correctora, comparti\u00f3 su honor por haber colaborado en la concreci\u00f3n de la obra, resaltando la sensibilidad y ternura que Zammitto imprime en sus escritos. Invit\u00f3 a los presentes a sumergirse en la obra, donde la vida se asoma entre la luz y la oscuridad, en los pliegues de lo on\u00edrico.<\/p>\n\n\n<div class=\"wp-block-image\">\n<figure class=\"aligncenter size-full\"><img loading=\"lazy\" decoding=\"async\" width=\"800\" height=\"533\" data-attachment-id=\"170222\" data-permalink=\"https:\/\/www.hoymercedes.com.ar\/principal\/2023\/12\/03\/ajedrez-pablo-salinardi-se-quedo-con-torneo-blitz-sabatino-de-primavera-x\/zamitto-1-696x464\/#main\" data-orig-file=\"https:\/\/www.hoymercedes.com.ar\/principal\/wp-content\/uploads\/2023\/12\/Zamitto-1-696x464-1.jpg\" data-orig-size=\"800,533\" data-comments-opened=\"0\" data-image-meta=\"{&quot;aperture&quot;:&quot;0&quot;,&quot;credit&quot;:&quot;&quot;,&quot;camera&quot;:&quot;&quot;,&quot;caption&quot;:&quot;&quot;,&quot;created_timestamp&quot;:&quot;0&quot;,&quot;copyright&quot;:&quot;&quot;,&quot;focal_length&quot;:&quot;0&quot;,&quot;iso&quot;:&quot;0&quot;,&quot;shutter_speed&quot;:&quot;0&quot;,&quot;title&quot;:&quot;&quot;,&quot;orientation&quot;:&quot;0&quot;}\" data-image-title=\"Zamitto-1-696&amp;#215;464\" data-image-description=\"\" data-image-caption=\"\" data-large-file=\"https:\/\/www.hoymercedes.com.ar\/principal\/wp-content\/uploads\/2023\/12\/Zamitto-1-696x464-1.jpg\" src=\"https:\/\/www.hoymercedes.com.ar\/principal\/wp-content\/uploads\/2023\/12\/Zamitto-1-696x464-1.jpg\" alt=\"\" class=\"wp-image-170222\" srcset=\"https:\/\/www.hoymercedes.com.ar\/principal\/wp-content\/uploads\/2023\/12\/Zamitto-1-696x464-1.jpg 800w, https:\/\/www.hoymercedes.com.ar\/principal\/wp-content\/uploads\/2023\/12\/Zamitto-1-696x464-1-630x420.jpg 630w, https:\/\/www.hoymercedes.com.ar\/principal\/wp-content\/uploads\/2023\/12\/Zamitto-1-696x464-1-150x100.jpg 150w, https:\/\/www.hoymercedes.com.ar\/principal\/wp-content\/uploads\/2023\/12\/Zamitto-1-696x464-1-700x465.jpg 700w\" sizes=\"auto, (max-width: 800px) 100vw, 800px\" \/><\/figure>\n<\/div>\n\n\n<p>La presentaci\u00f3n del \u00abPoemario del Amor y del Dolor\u00bb fue descrita por Colimodio como un viaje hacia emociones y pensamientos m\u00e1s profundos, destacando el enfoque magn\u00edfico de Zammitto para abordar temas po\u00e9ticos como el cari\u00f1o, el sufrimiento y la despedida. Defini\u00f3 el estilo literario del autor como \u00abuna danza entre las palabras y las im\u00e1genes\u00bb.<\/p>\n\n\n\n<p>El propio Zammitto, al tomar la palabra, se emocion\u00f3 hasta las l\u00e1grimas al encontrarse en su \u00abcasa\u00bb. Rememor\u00f3 viejos tiempos en Mercedes, compartiendo an\u00e9cdotas de calles de tierra y reuniones en el \u00abbul\u00edn de la avenida 40\u00bb. Mencion\u00f3 a Ismael Marcelo Siri y sus encuentros con Leopoldo Marechal, reflexionando sobre el papel del poeta y la inevitable conexi\u00f3n entre la vida y la muerte en el camino creativo.<\/p>\n\n\n\n<p>La presentaci\u00f3n fue un \u00e9xito, con Zammitto agradeciendo el apoyo de su familia y resaltando la importancia de su esposa, cuatro hijos y 11 nietos en su viaje literario. Con su \u00abPoemario del Amor y del Dolor\u00bb, Jos\u00e9 Luis Zammitto deja una huella imborrable en la escena literaria, uniendo corazones a trav\u00e9s de sus versos.<\/p>\n\n\n\n<p>Colaboraci\u00f3n Mariano Oyarz\u00fa<\/p>\n","protected":false},"excerpt":{"rendered":"<p>El pasado viernes en el Colegio de Abogados del Departamento Judicial de Mercedes se llev\u00f3 adelante el acto de presentaci\u00f3n. &#8230; <a title=\"Se present\u00f3 el nuevo libro del Dr. Jos\u00e9 Luis Zammitto\" class=\"read-more\" href=\"https:\/\/www.hoymercedes.com.ar\/principal\/2023\/12\/03\/se-presento-el-nuevo-libro-del-dr-jose-luis-zammitto\/\" aria-label=\"Leer m\u00e1s sobre Se present\u00f3 el nuevo libro del Dr. Jos\u00e9 Luis Zammitto\">Leer m\u00e1s<\/a><\/p>\n","protected":false},"author":1,"featured_media":170222,"comment_status":"closed","ping_status":"open","sticky":false,"template":"","format":"standard","meta":{"_monsterinsights_skip_tracking":false,"_monsterinsights_sitenote_active":false,"_monsterinsights_sitenote_note":"","_monsterinsights_sitenote_category":0,"jetpack_post_was_ever_published":false,"_jetpack_newsletter_access":"","_jetpack_dont_email_post_to_subs":false,"_jetpack_newsletter_tier_id":0,"_jetpack_memberships_contains_paywalled_content":false,"_jetpack_memberships_contains_paid_content":false,"footnotes":"","jetpack_publicize_message":"","jetpack_publicize_feature_enabled":true,"jetpack_social_post_already_shared":true,"jetpack_social_options":{"image_generator_settings":{"template":"highway","default_image_id":0,"font":"","enabled":false},"version":2},"_wpas_customize_per_network":false},"categories":[8],"tags":[],"class_list":["post-170228","post","type-post","status-publish","format-standard","has-post-thumbnail","hentry","category-sociedad","generate-columns","tablet-grid-50","mobile-grid-100","grid-parent","grid-50"],"jetpack_publicize_connections":[],"jetpack_featured_media_url":"https:\/\/www.hoymercedes.com.ar\/principal\/wp-content\/uploads\/2023\/12\/Zamitto-1-696x464-1.jpg","wps_subtitle":"","jetpack_sharing_enabled":true,"_links":{"self":[{"href":"https:\/\/www.hoymercedes.com.ar\/principal\/wp-json\/wp\/v2\/posts\/170228","targetHints":{"allow":["GET"]}}],"collection":[{"href":"https:\/\/www.hoymercedes.com.ar\/principal\/wp-json\/wp\/v2\/posts"}],"about":[{"href":"https:\/\/www.hoymercedes.com.ar\/principal\/wp-json\/wp\/v2\/types\/post"}],"author":[{"embeddable":true,"href":"https:\/\/www.hoymercedes.com.ar\/principal\/wp-json\/wp\/v2\/users\/1"}],"replies":[{"embeddable":true,"href":"https:\/\/www.hoymercedes.com.ar\/principal\/wp-json\/wp\/v2\/comments?post=170228"}],"version-history":[{"count":0,"href":"https:\/\/www.hoymercedes.com.ar\/principal\/wp-json\/wp\/v2\/posts\/170228\/revisions"}],"wp:featuredmedia":[{"embeddable":true,"href":"https:\/\/www.hoymercedes.com.ar\/principal\/wp-json\/wp\/v2\/media\/170222"}],"wp:attachment":[{"href":"https:\/\/www.hoymercedes.com.ar\/principal\/wp-json\/wp\/v2\/media?parent=170228"}],"wp:term":[{"taxonomy":"category","embeddable":true,"href":"https:\/\/www.hoymercedes.com.ar\/principal\/wp-json\/wp\/v2\/categories?post=170228"},{"taxonomy":"post_tag","embeddable":true,"href":"https:\/\/www.hoymercedes.com.ar\/principal\/wp-json\/wp\/v2\/tags?post=170228"}],"curies":[{"name":"wp","href":"https:\/\/api.w.org\/{rel}","templated":true}]}}