{"id":170232,"date":"2023-12-03T21:28:55","date_gmt":"2023-12-04T00:28:55","guid":{"rendered":"https:\/\/www.hoymercedes.com.ar\/principal\/?p=170232"},"modified":"2023-12-03T21:29:14","modified_gmt":"2023-12-04T00:29:14","slug":"fiesta-del-comercio-mercedino-sorteo-cientos-de-pesos-en-ordenes-de-compras","status":"publish","type":"post","link":"https:\/\/www.hoymercedes.com.ar\/principal\/2023\/12\/03\/fiesta-del-comercio-mercedino-sorteo-cientos-de-pesos-en-ordenes-de-compras\/","title":{"rendered":"Fiesta del Comercio Mercedino sorte\u00f3 cientos de pesos en \u00f3rdenes de compras"},"content":{"rendered":"\n<p>En la tarde &#8211; noche del s\u00e1bado, la calle 25 se volvi\u00f3 peatonal para celebrar una nueva Fiesta del Comercio Mercedino. Un evento que reuni\u00f3 a miles de vecinos que se acercaron al centro de la ciudad y aprovecharon la oportunidad para hacer sus compras as\u00ed como a participar de los sorteos con premios especiales propuestos por la C\u00e1mara Econ\u00f3mica Mercedina.<\/p>\n\n\n<div class=\"wp-block-image\">\n<figure class=\"aligncenter size-full\"><img loading=\"lazy\" decoding=\"async\" width=\"800\" height=\"531\" data-attachment-id=\"170235\" data-permalink=\"https:\/\/www.hoymercedes.com.ar\/principal\/2023\/12\/03\/fiesta-del-comercio-mercedino-sorteo-cientos-de-pesos-en-ordenes-de-compras\/cem-fiesta-2\/#main\" data-orig-file=\"https:\/\/www.hoymercedes.com.ar\/principal\/wp-content\/uploads\/2023\/12\/cem-fiesta-2.jpg\" data-orig-size=\"800,531\" data-comments-opened=\"0\" data-image-meta=\"{&quot;aperture&quot;:&quot;0&quot;,&quot;credit&quot;:&quot;&quot;,&quot;camera&quot;:&quot;&quot;,&quot;caption&quot;:&quot;&quot;,&quot;created_timestamp&quot;:&quot;0&quot;,&quot;copyright&quot;:&quot;&quot;,&quot;focal_length&quot;:&quot;0&quot;,&quot;iso&quot;:&quot;0&quot;,&quot;shutter_speed&quot;:&quot;0&quot;,&quot;title&quot;:&quot;&quot;,&quot;orientation&quot;:&quot;0&quot;}\" data-image-title=\"cem fiesta 2\" data-image-description=\"\" data-image-caption=\"\" data-large-file=\"https:\/\/www.hoymercedes.com.ar\/principal\/wp-content\/uploads\/2023\/12\/cem-fiesta-2.jpg\" src=\"https:\/\/www.hoymercedes.com.ar\/principal\/wp-content\/uploads\/2023\/12\/cem-fiesta-2.jpg\" alt=\"\" class=\"wp-image-170235\" srcset=\"https:\/\/www.hoymercedes.com.ar\/principal\/wp-content\/uploads\/2023\/12\/cem-fiesta-2.jpg 800w, https:\/\/www.hoymercedes.com.ar\/principal\/wp-content\/uploads\/2023\/12\/cem-fiesta-2-630x418.jpg 630w, https:\/\/www.hoymercedes.com.ar\/principal\/wp-content\/uploads\/2023\/12\/cem-fiesta-2-150x100.jpg 150w, https:\/\/www.hoymercedes.com.ar\/principal\/wp-content\/uploads\/2023\/12\/cem-fiesta-2-700x465.jpg 700w\" sizes=\"auto, (max-width: 800px) 100vw, 800px\" \/><\/figure>\n<\/div>\n\n\n<p>Las calles c\u00e9ntricas devenidas en peatonales, los comercios ofrecieron promociones, sector gastron\u00f3mico, actuaciones art\u00edsticas, la premiaci\u00f3n del concurso vidrieras y sorteos de \u00f3rdenes de compras de un total de 400.000 pesos. M\u00e1s de 100 comercios de distintos rubros participaron y 100.000 pesos en sorteo entre los comercios que participaron. El premio a la vidriera destacada fue para \u201cValeria Mart\u00edn\u201d perfumer\u00eda.<\/p>\n\n\n<div class=\"wp-block-image\">\n<figure class=\"aligncenter size-full\"><img loading=\"lazy\" decoding=\"async\" width=\"800\" height=\"531\" data-attachment-id=\"170234\" data-permalink=\"https:\/\/www.hoymercedes.com.ar\/principal\/2023\/12\/03\/fiesta-del-comercio-mercedino-sorteo-cientos-de-pesos-en-ordenes-de-compras\/cem-fiesta\/#main\" data-orig-file=\"https:\/\/www.hoymercedes.com.ar\/principal\/wp-content\/uploads\/2023\/12\/CEM-fiesta-.jpg\" data-orig-size=\"800,531\" data-comments-opened=\"0\" data-image-meta=\"{&quot;aperture&quot;:&quot;0&quot;,&quot;credit&quot;:&quot;&quot;,&quot;camera&quot;:&quot;&quot;,&quot;caption&quot;:&quot;&quot;,&quot;created_timestamp&quot;:&quot;0&quot;,&quot;copyright&quot;:&quot;&quot;,&quot;focal_length&quot;:&quot;0&quot;,&quot;iso&quot;:&quot;0&quot;,&quot;shutter_speed&quot;:&quot;0&quot;,&quot;title&quot;:&quot;&quot;,&quot;orientation&quot;:&quot;0&quot;}\" data-image-title=\"CEM fiesta\" data-image-description=\"\" data-image-caption=\"\" data-large-file=\"https:\/\/www.hoymercedes.com.ar\/principal\/wp-content\/uploads\/2023\/12\/CEM-fiesta-.jpg\" src=\"https:\/\/www.hoymercedes.com.ar\/principal\/wp-content\/uploads\/2023\/12\/CEM-fiesta-.jpg\" alt=\"\" class=\"wp-image-170234\" srcset=\"https:\/\/www.hoymercedes.com.ar\/principal\/wp-content\/uploads\/2023\/12\/CEM-fiesta-.jpg 800w, https:\/\/www.hoymercedes.com.ar\/principal\/wp-content\/uploads\/2023\/12\/CEM-fiesta--630x418.jpg 630w, https:\/\/www.hoymercedes.com.ar\/principal\/wp-content\/uploads\/2023\/12\/CEM-fiesta--150x100.jpg 150w, https:\/\/www.hoymercedes.com.ar\/principal\/wp-content\/uploads\/2023\/12\/CEM-fiesta--700x465.jpg 700w\" sizes=\"auto, (max-width: 800px) 100vw, 800px\" \/><\/figure>\n<\/div>\n\n\n<p>En el marco del evento tocaron dos bandas. All Time Lovers abri\u00f3 alrededor de las 19 y actu\u00f3 por m\u00e1s de una hora. Luego vino la premiaci\u00f3n, se sigui\u00f3 con los sorteos y se supo que a los ganadores se los va a estar llamando para que pasen en la semana en la C\u00e1mara para retirar sus premios. Y tras conocerse la premiaci\u00f3n a la mejor vidriera la Fiesta del Comercio cont\u00f3 en el cierre con Menta &amp; Lim\u00f3n que extendi\u00f3 su show hasta cerca de las 21.30 ante una important\u00edsima cantidad de gente que se convoc\u00f3.<\/p>\n\n\n\n<p>En el escenario ubicado en 24 y 25, el Presidente de la CEM, Carlos Garanzini, estuvo acompa\u00f1ado por integrantes de la comisi\u00f3n directiva de la CEM y autoridades municipales. Garanzini agradeci\u00f3 al municipio por su colaboraci\u00f3n, as\u00ed como a CAME, Garantizar, \u201ca todos los comerciantes y a los mercedinos porque eligieron comprar en Mercedes\u201d. <\/p>\n\n\n<div class=\"wp-block-image\">\n<figure class=\"aligncenter size-full\"><img loading=\"lazy\" decoding=\"async\" width=\"800\" height=\"531\" data-attachment-id=\"170237\" data-permalink=\"https:\/\/www.hoymercedes.com.ar\/principal\/2023\/12\/03\/fiesta-del-comercio-mercedino-sorteo-cientos-de-pesos-en-ordenes-de-compras\/cem-fiesta-4\/#main\" data-orig-file=\"https:\/\/www.hoymercedes.com.ar\/principal\/wp-content\/uploads\/2023\/12\/cem-fiesta-4.jpg\" data-orig-size=\"800,531\" data-comments-opened=\"0\" data-image-meta=\"{&quot;aperture&quot;:&quot;0&quot;,&quot;credit&quot;:&quot;&quot;,&quot;camera&quot;:&quot;&quot;,&quot;caption&quot;:&quot;&quot;,&quot;created_timestamp&quot;:&quot;0&quot;,&quot;copyright&quot;:&quot;&quot;,&quot;focal_length&quot;:&quot;0&quot;,&quot;iso&quot;:&quot;0&quot;,&quot;shutter_speed&quot;:&quot;0&quot;,&quot;title&quot;:&quot;&quot;,&quot;orientation&quot;:&quot;0&quot;}\" data-image-title=\"cem fiesta 4\" data-image-description=\"\" data-image-caption=\"\" data-large-file=\"https:\/\/www.hoymercedes.com.ar\/principal\/wp-content\/uploads\/2023\/12\/cem-fiesta-4.jpg\" src=\"https:\/\/www.hoymercedes.com.ar\/principal\/wp-content\/uploads\/2023\/12\/cem-fiesta-4.jpg\" alt=\"\" class=\"wp-image-170237\" srcset=\"https:\/\/www.hoymercedes.com.ar\/principal\/wp-content\/uploads\/2023\/12\/cem-fiesta-4.jpg 800w, https:\/\/www.hoymercedes.com.ar\/principal\/wp-content\/uploads\/2023\/12\/cem-fiesta-4-630x418.jpg 630w, https:\/\/www.hoymercedes.com.ar\/principal\/wp-content\/uploads\/2023\/12\/cem-fiesta-4-150x100.jpg 150w, https:\/\/www.hoymercedes.com.ar\/principal\/wp-content\/uploads\/2023\/12\/cem-fiesta-4-700x465.jpg 700w\" sizes=\"auto, (max-width: 800px) 100vw, 800px\" \/><\/figure>\n<\/div>","protected":false},"excerpt":{"rendered":"<p>En la tarde &#8211; noche del s\u00e1bado, la calle 25 se volvi\u00f3 peatonal para celebrar una nueva Fiesta del Comercio &#8230; <a title=\"Fiesta del Comercio Mercedino sorte\u00f3 cientos de pesos en \u00f3rdenes de compras\" class=\"read-more\" href=\"https:\/\/www.hoymercedes.com.ar\/principal\/2023\/12\/03\/fiesta-del-comercio-mercedino-sorteo-cientos-de-pesos-en-ordenes-de-compras\/\" aria-label=\"Leer m\u00e1s sobre Fiesta del Comercio Mercedino sorte\u00f3 cientos de pesos en \u00f3rdenes de compras\">Leer m\u00e1s<\/a><\/p>\n","protected":false},"author":1,"featured_media":170234,"comment_status":"closed","ping_status":"open","sticky":false,"template":"","format":"standard","meta":{"_monsterinsights_skip_tracking":false,"_monsterinsights_sitenote_active":false,"_monsterinsights_sitenote_note":"","_monsterinsights_sitenote_category":0,"jetpack_post_was_ever_published":false,"_jetpack_newsletter_access":"","_jetpack_dont_email_post_to_subs":false,"_jetpack_newsletter_tier_id":0,"_jetpack_memberships_contains_paywalled_content":false,"_jetpack_memberships_contains_paid_content":false,"footnotes":"","jetpack_publicize_message":"","jetpack_publicize_feature_enabled":true,"jetpack_social_post_already_shared":true,"jetpack_social_options":{"image_generator_settings":{"template":"highway","default_image_id":0,"font":"","enabled":false},"version":2},"_wpas_customize_per_network":false},"categories":[8],"tags":[10],"class_list":["post-170232","post","type-post","status-publish","format-standard","has-post-thumbnail","hentry","category-sociedad","tag-mercedes","generate-columns","tablet-grid-50","mobile-grid-100","grid-parent","grid-50"],"jetpack_publicize_connections":[],"jetpack_featured_media_url":"https:\/\/www.hoymercedes.com.ar\/principal\/wp-content\/uploads\/2023\/12\/CEM-fiesta-.jpg","wps_subtitle":"","jetpack_sharing_enabled":true,"_links":{"self":[{"href":"https:\/\/www.hoymercedes.com.ar\/principal\/wp-json\/wp\/v2\/posts\/170232","targetHints":{"allow":["GET"]}}],"collection":[{"href":"https:\/\/www.hoymercedes.com.ar\/principal\/wp-json\/wp\/v2\/posts"}],"about":[{"href":"https:\/\/www.hoymercedes.com.ar\/principal\/wp-json\/wp\/v2\/types\/post"}],"author":[{"embeddable":true,"href":"https:\/\/www.hoymercedes.com.ar\/principal\/wp-json\/wp\/v2\/users\/1"}],"replies":[{"embeddable":true,"href":"https:\/\/www.hoymercedes.com.ar\/principal\/wp-json\/wp\/v2\/comments?post=170232"}],"version-history":[{"count":0,"href":"https:\/\/www.hoymercedes.com.ar\/principal\/wp-json\/wp\/v2\/posts\/170232\/revisions"}],"wp:featuredmedia":[{"embeddable":true,"href":"https:\/\/www.hoymercedes.com.ar\/principal\/wp-json\/wp\/v2\/media\/170234"}],"wp:attachment":[{"href":"https:\/\/www.hoymercedes.com.ar\/principal\/wp-json\/wp\/v2\/media?parent=170232"}],"wp:term":[{"taxonomy":"category","embeddable":true,"href":"https:\/\/www.hoymercedes.com.ar\/principal\/wp-json\/wp\/v2\/categories?post=170232"},{"taxonomy":"post_tag","embeddable":true,"href":"https:\/\/www.hoymercedes.com.ar\/principal\/wp-json\/wp\/v2\/tags?post=170232"}],"curies":[{"name":"wp","href":"https:\/\/api.w.org\/{rel}","templated":true}]}}