{"id":170262,"date":"2023-12-04T18:25:48","date_gmt":"2023-12-04T21:25:48","guid":{"rendered":"https:\/\/www.hoymercedes.com.ar\/principal\/?p=170262"},"modified":"2023-12-04T18:29:55","modified_gmt":"2023-12-04T21:29:55","slug":"voces-del-pasado-sonrisas-del-presente","status":"publish","type":"post","link":"https:\/\/www.hoymercedes.com.ar\/principal\/2023\/12\/04\/voces-del-pasado-sonrisas-del-presente\/","title":{"rendered":"Voces del pasado, sonrisas del presente"},"content":{"rendered":"\n<p>Por Oscar Dinova &#8211; \u00abNo recordamos d\u00edas, recordamos momentos\u00bb &#8211; C\u00e9sar Pavese, escritor italiano. <\/p>\n\n\n\n<p>Pertenece casi a la magia el encuentro entre la literatura y la realidad, as\u00ed como el hecho de ver un sue\u00f1o transformarse en un acto de la vida. \u00bfCu\u00e1l fue primero nos preguntamos? So\u00f1\u00e9 porque lo viv\u00ed, o estoy viviendo lo so\u00f1ado\u2026<\/p>\n\n\n<div class=\"wp-block-image\">\n<figure class=\"aligncenter size-full\"><img loading=\"lazy\" decoding=\"async\" width=\"800\" height=\"453\" data-attachment-id=\"170263\" data-permalink=\"https:\/\/www.hoymercedes.com.ar\/principal\/2023\/12\/04\/voces-del-pasado-sonrisas-del-presente\/405360788_3706931332863891_3660385189778428221_n\/#main\" data-orig-file=\"https:\/\/www.hoymercedes.com.ar\/principal\/wp-content\/uploads\/2023\/12\/405360788_3706931332863891_3660385189778428221_n.jpg\" data-orig-size=\"800,453\" data-comments-opened=\"0\" data-image-meta=\"{&quot;aperture&quot;:&quot;0&quot;,&quot;credit&quot;:&quot;&quot;,&quot;camera&quot;:&quot;&quot;,&quot;caption&quot;:&quot;&quot;,&quot;created_timestamp&quot;:&quot;0&quot;,&quot;copyright&quot;:&quot;&quot;,&quot;focal_length&quot;:&quot;0&quot;,&quot;iso&quot;:&quot;0&quot;,&quot;shutter_speed&quot;:&quot;0&quot;,&quot;title&quot;:&quot;&quot;,&quot;orientation&quot;:&quot;0&quot;}\" data-image-title=\"405360788_3706931332863891_3660385189778428221_n\" data-image-description=\"\" data-image-caption=\"\" data-large-file=\"https:\/\/www.hoymercedes.com.ar\/principal\/wp-content\/uploads\/2023\/12\/405360788_3706931332863891_3660385189778428221_n.jpg\" src=\"https:\/\/www.hoymercedes.com.ar\/principal\/wp-content\/uploads\/2023\/12\/405360788_3706931332863891_3660385189778428221_n.jpg\" alt=\"\" class=\"wp-image-170263\" srcset=\"https:\/\/www.hoymercedes.com.ar\/principal\/wp-content\/uploads\/2023\/12\/405360788_3706931332863891_3660385189778428221_n.jpg 800w, https:\/\/www.hoymercedes.com.ar\/principal\/wp-content\/uploads\/2023\/12\/405360788_3706931332863891_3660385189778428221_n-630x357.jpg 630w, https:\/\/www.hoymercedes.com.ar\/principal\/wp-content\/uploads\/2023\/12\/405360788_3706931332863891_3660385189778428221_n-150x85.jpg 150w\" sizes=\"auto, (max-width: 800px) 100vw, 800px\" \/><\/figure>\n<\/div>\n\n\n<p>As\u00ed <a><\/a>hemos transitado estos d\u00edas. La llamada de una amiga me alerta de un testimonio, alguien que estuvo en una historia de mis libros, muy precisamente de un Cuento; Una Ni\u00f1ez en Gral. Rivas, est\u00e1 entre nosotros. Los corazones se agitan, la convocatoria surge y el encuentro se pacta para un s\u00e1bado.<\/p>\n\n\n\n<p>Mi madre, hab\u00eda vivido hermosos e inolvidables d\u00edas en un pueblo rural; Gral Rivas. Fue en la d\u00e9cada del \u00b430 cuando su madre, Ang\u00e9lica, -mi abuela- la envi\u00f3 desde Tuyut\u00ed, para poder hacer la primaria en un lugar confortable, seguro y acogedor: la Escuela N\u00b03 de ese pueblo.<\/p>\n\n\n\n<p>Su castillo-escuela estaba conducido por una t\u00eda, delgada, comprometida, inquebrantable ciudadana: la t\u00eda Mita Cerisola. Ah\u00ed conoci\u00f3 mi madre los juegos, estudios, las fiestas escolares y populares, la compa\u00f1\u00eda de una mascota incre\u00edble y por sobre todo a sus amigas de la infancia, con las que hac\u00edan y deshac\u00edan el mundo, todo estaba permitido\u2026 menos aburrirse.<\/p>\n\n\n\n<p>Entre ellas, una gurrumina vivaz y movediza; Elsita. Con ella compartir\u00e1 la rayuela, las mu\u00f1ecas, ba\u00f1ar a Polito y sobre todo cantar y bailar canciones infantiles, muchas canciones, el tiempo las llev\u00f3 lejos.<\/p>\n\n\n\n<p>Han pasado m\u00e1s de ochenta a\u00f1os\u2026<\/p>\n\n\n\n<p>De pronto, la tengo frente a m\u00ed, como salida de un deseo otorgado por un hada madrina. Vivaz, amable, con una voz serena y firme desgrana para nosotros sus dulces recuerdos, esos que atesor\u00f3 durante d\u00e9cadas, como la guardiana de un invalorable tesoro; los juegos de la ni\u00f1ez en el patio de la escuela.<\/p>\n\n\n\n<p>-Tu madre ac\u00e1 en la foto es la que tengo aqu\u00ed, me dice, se\u00f1al\u00e1ndose el coraz\u00f3n, se re\u00eda mucho y jugaba siempre con nosotras\u2026 \u00a1y nos retaba! No puedo olvidar esa vez que cant\u00e1bamos La Farolera y nosotras dec\u00edamos saltando sin parar\u2026 \u201cLa farolera trompez\u00f3 y en la calle se cay\u00f3, y al pasar por un cuartel se enamor\u00f3 de un coronel\u201d.<\/p>\n\n\n\n<p>-Chicas, chicas, nos dijo Nelly, no se dice \u201ctrompez\u00f3, se dice tropez\u00f3\u201d.<\/p>\n\n\n\n<p>Ella viv\u00eda con la maestra-directora-mam\u00e1 postiza, dentro de la escuela. La correg\u00edan y ella nos correg\u00eda.<\/p>\n\n\n\n<p>Ac\u00e1 est\u00e1, la ni\u00f1ita que trompezaba. Con sus flamantes 93 a\u00f1os, una sonrisa contagiante que resuena en la casita paqueta y un jard\u00edn pleno de flores. Cerramos los ojos y nos dejamos llevar. Las escuchamos descubriendo el universo en ese patio de baldosas, prepar\u00e1ndose sin querer, para la gran aventura de la vida.<\/p>\n\n\n\n<p>As\u00ed como mi madre, Elsa Bagnera, esta hermosa mujer, teji\u00f3 de la mejor manera el destino de sus d\u00edas, tuvo hijos, nietos y biznietos. Cuid\u00f3 de los suyos y sigue habitando la casa paterna. Tiene el don de la memoria y cuida celosamente de las personas que ah\u00ed habitan\u2026 Como mi madre, Nelly Conde, que vive para siempre en su coraz\u00f3n.<\/p>\n\n\n\n<p>Gracias Elsa por traerla hasta nosotros, celebremos tu vida.<\/p>\n\n\n\n<p>Oscar Dinova, escritor-relator mercedino<br>Fotos: Diana Manos<br>Contacto: Delia Ferretto<\/p>\n","protected":false},"excerpt":{"rendered":"<p>Por Oscar Dinova &#8211; \u00abNo recordamos d\u00edas, recordamos momentos\u00bb &#8211; C\u00e9sar Pavese, escritor italiano. Pertenece casi a la magia el &#8230; <a title=\"Voces del pasado, sonrisas del presente\" class=\"read-more\" href=\"https:\/\/www.hoymercedes.com.ar\/principal\/2023\/12\/04\/voces-del-pasado-sonrisas-del-presente\/\" aria-label=\"Leer m\u00e1s sobre Voces del pasado, sonrisas del presente\">Leer m\u00e1s<\/a><\/p>\n","protected":false},"author":1,"featured_media":170263,"comment_status":"closed","ping_status":"open","sticky":false,"template":"","format":"standard","meta":{"_monsterinsights_skip_tracking":false,"_monsterinsights_sitenote_active":false,"_monsterinsights_sitenote_note":"","_monsterinsights_sitenote_category":0,"jetpack_post_was_ever_published":false,"_jetpack_newsletter_access":"","_jetpack_dont_email_post_to_subs":false,"_jetpack_newsletter_tier_id":0,"_jetpack_memberships_contains_paywalled_content":false,"_jetpack_memberships_contains_paid_content":false,"footnotes":"","jetpack_publicize_message":"","jetpack_publicize_feature_enabled":true,"jetpack_social_post_already_shared":true,"jetpack_social_options":{"image_generator_settings":{"template":"highway","default_image_id":0,"font":"","enabled":false},"version":2},"_wpas_customize_per_network":false},"categories":[104],"tags":[7805],"class_list":["post-170262","post","type-post","status-publish","format-standard","has-post-thumbnail","hentry","category-cultura","tag-cultura","generate-columns","tablet-grid-50","mobile-grid-100","grid-parent","grid-50"],"jetpack_publicize_connections":[],"jetpack_featured_media_url":"https:\/\/www.hoymercedes.com.ar\/principal\/wp-content\/uploads\/2023\/12\/405360788_3706931332863891_3660385189778428221_n.jpg","wps_subtitle":"","jetpack_sharing_enabled":true,"_links":{"self":[{"href":"https:\/\/www.hoymercedes.com.ar\/principal\/wp-json\/wp\/v2\/posts\/170262","targetHints":{"allow":["GET"]}}],"collection":[{"href":"https:\/\/www.hoymercedes.com.ar\/principal\/wp-json\/wp\/v2\/posts"}],"about":[{"href":"https:\/\/www.hoymercedes.com.ar\/principal\/wp-json\/wp\/v2\/types\/post"}],"author":[{"embeddable":true,"href":"https:\/\/www.hoymercedes.com.ar\/principal\/wp-json\/wp\/v2\/users\/1"}],"replies":[{"embeddable":true,"href":"https:\/\/www.hoymercedes.com.ar\/principal\/wp-json\/wp\/v2\/comments?post=170262"}],"version-history":[{"count":0,"href":"https:\/\/www.hoymercedes.com.ar\/principal\/wp-json\/wp\/v2\/posts\/170262\/revisions"}],"wp:featuredmedia":[{"embeddable":true,"href":"https:\/\/www.hoymercedes.com.ar\/principal\/wp-json\/wp\/v2\/media\/170263"}],"wp:attachment":[{"href":"https:\/\/www.hoymercedes.com.ar\/principal\/wp-json\/wp\/v2\/media?parent=170262"}],"wp:term":[{"taxonomy":"category","embeddable":true,"href":"https:\/\/www.hoymercedes.com.ar\/principal\/wp-json\/wp\/v2\/categories?post=170262"},{"taxonomy":"post_tag","embeddable":true,"href":"https:\/\/www.hoymercedes.com.ar\/principal\/wp-json\/wp\/v2\/tags?post=170262"}],"curies":[{"name":"wp","href":"https:\/\/api.w.org\/{rel}","templated":true}]}}