{"id":170267,"date":"2023-12-04T19:15:00","date_gmt":"2023-12-04T22:15:00","guid":{"rendered":"https:\/\/www.hoymercedes.com.ar\/principal\/?p=170267"},"modified":"2023-12-04T18:39:24","modified_gmt":"2023-12-04T21:39:24","slug":"liga-mercedina-el-senior-40-comienza-con-los-cruces","status":"publish","type":"post","link":"https:\/\/www.hoymercedes.com.ar\/principal\/2023\/12\/04\/liga-mercedina-el-senior-40-comienza-con-los-cruces\/","title":{"rendered":"Liga Mercedina: El Senior +40 comienza con los cruces"},"content":{"rendered":"\n<p><strong><em>Se jugaron las \u00faltimas fechas de la etapa regular y ya est\u00e1n los 8 clasificados que van en la b\u00fasqueda del campeonato. Este martes comienzan los cuartos de final con definici\u00f3n a partido \u00fanico.<\/em><\/strong><\/p>\n\n\n\n<p>Durante la semana, comenzado por el lunes y culminado el jueves, se llevaron adelante las dos fechas que le restaban al torneo de F\u00fatbol Senior +40 organizado por la Liga Mercedina.<\/p>\n\n\n\n<p>En esta etapa, se buscaban los 8 clasificados que enfrenten los cruces de cuartos de final, con los 3 punteros, los tres segundos y los dos mejores terceros.&nbsp;<\/p>\n\n\n\n<p>Al contar con la zona con un equipo menos, desde la Liga se defini\u00f3 que la clasificaci\u00f3n a la siguiente ronda se establezca por ranking de puntos en base a un promedio, dado que algunos conjuntos contar\u00edan con menos partidos que otros.<\/p>\n\n\n\n<p>En tanto, los resultados de la fecha 9 y la fecha 10 fueron los siguientes:<\/p>\n\n\n\n<p><strong>Fecha 9<\/strong><br>Costa Brava 1 (Gerardo Rodr\u00edguez)\u00a0<br>Defensores 0<\/p>\n\n\n\n<p>San Bernardo 1 (Nicol\u00e1s Islas)\u00a0<br>Uni\u00f3n 4 (Mat\u00edas \u00c1vila, Juan Casas, Luis Ferrero y Leandro Ramirez)<\/p>\n\n\n\n<p>Belgrano 1 (Jonathan Bacri)<br>Mercedes 5 (Mario Alday 2, Leandro Bernasconi, Carlos D&#8217;Andrea y Juan Bereterbide)<\/p>\n\n\n\n<p>Racing 2 (Fernando Garza e Ivo Laco Salda\u00f1a)<br>Trocha 2 (Osvaldo Avila y Esteban Locampo)<\/p>\n\n\n\n<p>V\u00e9lez \u2013 Flandria (Suspendido) Se dio traslado al Tribunal de Disciplina.<br>\u2022 La resoluci\u00f3n establece \u201cdar por ganado el partido al Club V\u00e9lez ante el Club Flandria (Senior) quedando el siguiente resultado final: 1 a 0 a favor del Club V\u00e9lez\u201d.<\/p>\n\n\n\n<p><strong>Fecha 10<\/strong><br>Mercedes 2 (Juan Musso 2)\u00a0<br>V\u00e9lez 2 (Mat\u00edas Fern\u00e1ndez\u00a0 y Leonardo Martino)<\/p>\n\n\n\n<p>El Front\u00f3n 2 (Adri\u00e1n Farias 2)\u00a0<br>San Bernardo 0<\/p>\n\n\n\n<p>Quilmes 3 (Alejandro Sequeira 2 y Juan Rold\u00e1n)<br>Costa Brava 0<\/p>\n\n\n\n<p>Palometas 2 (Dante Carretero y Diego Figueredo)<br>Belgrano 0<\/p>\n\n\n\n<p>Uni\u00f3n 4 (Mat\u00edas \u00c1vila, Luis Ferrero, Leandro Ram\u00edrez y Claudio Corgniati)\u00a0<br>Racing 2 (Dardo Schaaf y Ariel Segovia).<\/p>\n\n\n<div class=\"wp-block-image\">\n<figure class=\"aligncenter size-full\"><img loading=\"lazy\" decoding=\"async\" width=\"526\" height=\"320\" data-attachment-id=\"170268\" data-permalink=\"https:\/\/www.hoymercedes.com.ar\/principal\/2023\/12\/04\/liga-mercedina-el-senior-40-comienza-con-los-cruces\/image-3-17\/#main\" data-orig-file=\"https:\/\/www.hoymercedes.com.ar\/principal\/wp-content\/uploads\/2023\/12\/image-3.png\" data-orig-size=\"526,320\" data-comments-opened=\"0\" data-image-meta=\"{&quot;aperture&quot;:&quot;0&quot;,&quot;credit&quot;:&quot;&quot;,&quot;camera&quot;:&quot;&quot;,&quot;caption&quot;:&quot;&quot;,&quot;created_timestamp&quot;:&quot;0&quot;,&quot;copyright&quot;:&quot;&quot;,&quot;focal_length&quot;:&quot;0&quot;,&quot;iso&quot;:&quot;0&quot;,&quot;shutter_speed&quot;:&quot;0&quot;,&quot;title&quot;:&quot;&quot;,&quot;orientation&quot;:&quot;0&quot;}\" data-image-title=\"image-3\" data-image-description=\"\" data-image-caption=\"\" data-large-file=\"https:\/\/www.hoymercedes.com.ar\/principal\/wp-content\/uploads\/2023\/12\/image-3.png\" src=\"https:\/\/www.hoymercedes.com.ar\/principal\/wp-content\/uploads\/2023\/12\/image-3.png\" alt=\"\" class=\"wp-image-170268\" srcset=\"https:\/\/www.hoymercedes.com.ar\/principal\/wp-content\/uploads\/2023\/12\/image-3.png 526w, https:\/\/www.hoymercedes.com.ar\/principal\/wp-content\/uploads\/2023\/12\/image-3-150x91.png 150w\" sizes=\"auto, (max-width: 526px) 100vw, 526px\" \/><\/figure>\n<\/div>\n\n\n<p><strong>De cara a los cruces<\/strong><\/p>\n\n\n\n<p>Con todos los partidos jugados, finalmente quedaron resueltas las posiciones y, de acuerdo a la tabla de promedios, se establecieron los cruces pertinentes.<\/p>\n\n\n\n<p>Para ello, el equipo con mayor promedio considerado el mejor primero recibir\u00e1 al segundo mejor tercero y as\u00ed sucesivamente a fin de diagramar los cuartos de final.<\/p>\n\n\n\n<p>La definici\u00f3n ser\u00e1 a partido \u00fanico y en caso de empate habr\u00e1 penales para dirimir quien contin\u00faa en la etapa de semifinales. Por lo pronto, quedaron diagramados los encuentros para el martes 5 de diciembre.<\/p>\n\n\n\n<p><strong>Cancha El Front\u00f3n<\/strong><br>21 hs<br>El Front\u00f3n &#8211; Flandria<br>Partido 1<\/p>\n\n\n\n<p><strong>Cancha Mercedes<\/strong><br>21 hs<br>Mercedes &#8211; Costa Brava<br>Partido 2<\/p>\n\n\n\n<p><strong>Cancha Quilmes<\/strong><br>21 hs<br>Quilmes &#8211; Uni\u00f3n<br>Partido 3<\/p>\n\n\n\n<p><strong>Cancha Palometas<\/strong><br>21 hs<br>Palometas &#8211; Defensores<br>Partido 4<\/p>\n\n\n\n<p>Desde la Liga informan que en caso de suspenderse la jornada por inclemencias clim\u00e1ticas se reprograman los partidos para el d\u00eda siguiente, mi\u00e9rcoles 6 de diciembre.&nbsp;<\/p>\n\n\n\n<p>Adem\u00e1s, se establece que los cruces de semifinales ser\u00e1n entre el ganador del Partido 1 y el Partido 4 y el ganador del partido 2 y el 3.Mantendr\u00e1 la localia aquellos clubes que hayan terminado en la mejor posici\u00f3n en la tabla general.<\/p>\n\n\n\n<p>Colaboraci\u00f3n Mariano Oyarz\u00fa<\/p>\n","protected":false},"excerpt":{"rendered":"<p>Se jugaron las \u00faltimas fechas de la etapa regular y ya est\u00e1n los 8 clasificados que van en la b\u00fasqueda &#8230; <a title=\"Liga Mercedina: El Senior +40 comienza con los cruces\" class=\"read-more\" href=\"https:\/\/www.hoymercedes.com.ar\/principal\/2023\/12\/04\/liga-mercedina-el-senior-40-comienza-con-los-cruces\/\" aria-label=\"Leer m\u00e1s sobre Liga Mercedina: El Senior +40 comienza con los cruces\">Leer m\u00e1s<\/a><\/p>\n","protected":false},"author":1,"featured_media":170269,"comment_status":"closed","ping_status":"open","sticky":false,"template":"","format":"standard","meta":{"_monsterinsights_skip_tracking":false,"_monsterinsights_sitenote_active":false,"_monsterinsights_sitenote_note":"","_monsterinsights_sitenote_category":0,"jetpack_post_was_ever_published":false,"_jetpack_newsletter_access":"","_jetpack_dont_email_post_to_subs":false,"_jetpack_newsletter_tier_id":0,"_jetpack_memberships_contains_paywalled_content":false,"_jetpack_memberships_contains_paid_content":false,"footnotes":"","jetpack_publicize_message":"","jetpack_publicize_feature_enabled":true,"jetpack_social_post_already_shared":true,"jetpack_social_options":{"image_generator_settings":{"template":"highway","default_image_id":0,"font":"","enabled":false},"version":2},"_wpas_customize_per_network":false},"categories":[8],"tags":[],"class_list":["post-170267","post","type-post","status-publish","format-standard","has-post-thumbnail","hentry","category-sociedad","generate-columns","tablet-grid-50","mobile-grid-100","grid-parent","grid-50"],"jetpack_publicize_connections":[],"jetpack_featured_media_url":"https:\/\/www.hoymercedes.com.ar\/principal\/wp-content\/uploads\/2023\/12\/futbol-senior.jpg","wps_subtitle":"","jetpack_sharing_enabled":true,"_links":{"self":[{"href":"https:\/\/www.hoymercedes.com.ar\/principal\/wp-json\/wp\/v2\/posts\/170267","targetHints":{"allow":["GET"]}}],"collection":[{"href":"https:\/\/www.hoymercedes.com.ar\/principal\/wp-json\/wp\/v2\/posts"}],"about":[{"href":"https:\/\/www.hoymercedes.com.ar\/principal\/wp-json\/wp\/v2\/types\/post"}],"author":[{"embeddable":true,"href":"https:\/\/www.hoymercedes.com.ar\/principal\/wp-json\/wp\/v2\/users\/1"}],"replies":[{"embeddable":true,"href":"https:\/\/www.hoymercedes.com.ar\/principal\/wp-json\/wp\/v2\/comments?post=170267"}],"version-history":[{"count":0,"href":"https:\/\/www.hoymercedes.com.ar\/principal\/wp-json\/wp\/v2\/posts\/170267\/revisions"}],"wp:featuredmedia":[{"embeddable":true,"href":"https:\/\/www.hoymercedes.com.ar\/principal\/wp-json\/wp\/v2\/media\/170269"}],"wp:attachment":[{"href":"https:\/\/www.hoymercedes.com.ar\/principal\/wp-json\/wp\/v2\/media?parent=170267"}],"wp:term":[{"taxonomy":"category","embeddable":true,"href":"https:\/\/www.hoymercedes.com.ar\/principal\/wp-json\/wp\/v2\/categories?post=170267"},{"taxonomy":"post_tag","embeddable":true,"href":"https:\/\/www.hoymercedes.com.ar\/principal\/wp-json\/wp\/v2\/tags?post=170267"}],"curies":[{"name":"wp","href":"https:\/\/api.w.org\/{rel}","templated":true}]}}