{"id":170297,"date":"2023-12-05T18:47:11","date_gmt":"2023-12-05T21:47:11","guid":{"rendered":"https:\/\/www.hoymercedes.com.ar\/principal\/?p=170297"},"modified":"2023-12-05T18:54:25","modified_gmt":"2023-12-05T21:54:25","slug":"infanto-juvenil-aparecen-los-primeros-campeones-de-la-liga","status":"publish","type":"post","link":"https:\/\/www.hoymercedes.com.ar\/principal\/2023\/12\/05\/infanto-juvenil-aparecen-los-primeros-campeones-de-la-liga\/","title":{"rendered":"Infanto juvenil: Aparecen los primeros campeones de la Liga"},"content":{"rendered":"\n<p><strong><em>Durante el fin de semana se consagraron Estudiantes en 2013 y 2010 y Pabell\u00f3n Argentino en 5ta divisi\u00f3n. Por delante quedan dos fechas para definir el resto de las categor\u00edas.<\/em><\/strong><\/p>\n\n\n<div class=\"wp-block-image\">\n<figure class=\"aligncenter size-full\"><img loading=\"lazy\" decoding=\"async\" width=\"800\" height=\"533\" data-attachment-id=\"170302\" data-permalink=\"https:\/\/www.hoymercedes.com.ar\/principal\/2023\/12\/05\/infanto-juvenil-aparecen-los-primeros-campeones-de-la-liga\/img-20231204-wa0009\/#main\" data-orig-file=\"https:\/\/www.hoymercedes.com.ar\/principal\/wp-content\/uploads\/2023\/12\/IMG-20231204-WA0009.jpg\" data-orig-size=\"800,533\" data-comments-opened=\"0\" data-image-meta=\"{&quot;aperture&quot;:&quot;0&quot;,&quot;credit&quot;:&quot;&quot;,&quot;camera&quot;:&quot;&quot;,&quot;caption&quot;:&quot;&quot;,&quot;created_timestamp&quot;:&quot;0&quot;,&quot;copyright&quot;:&quot;&quot;,&quot;focal_length&quot;:&quot;0&quot;,&quot;iso&quot;:&quot;0&quot;,&quot;shutter_speed&quot;:&quot;0&quot;,&quot;title&quot;:&quot;&quot;,&quot;orientation&quot;:&quot;0&quot;}\" data-image-title=\"IMG-20231204-WA0009\" data-image-description=\"\" data-image-caption=\"\" data-large-file=\"https:\/\/www.hoymercedes.com.ar\/principal\/wp-content\/uploads\/2023\/12\/IMG-20231204-WA0009.jpg\" src=\"https:\/\/www.hoymercedes.com.ar\/principal\/wp-content\/uploads\/2023\/12\/IMG-20231204-WA0009.jpg\" alt=\"\" class=\"wp-image-170302\" srcset=\"https:\/\/www.hoymercedes.com.ar\/principal\/wp-content\/uploads\/2023\/12\/IMG-20231204-WA0009.jpg 800w, https:\/\/www.hoymercedes.com.ar\/principal\/wp-content\/uploads\/2023\/12\/IMG-20231204-WA0009-630x420.jpg 630w, https:\/\/www.hoymercedes.com.ar\/principal\/wp-content\/uploads\/2023\/12\/IMG-20231204-WA0009-150x100.jpg 150w, https:\/\/www.hoymercedes.com.ar\/principal\/wp-content\/uploads\/2023\/12\/IMG-20231204-WA0009-700x465.jpg 700w\" sizes=\"auto, (max-width: 800px) 100vw, 800px\" \/><\/figure>\n<\/div>\n\n\n<p>Con pocos d\u00edas para que finalice el a\u00f1o, las categor\u00edas masculinas de la infanto juvenil de la Liga Mercedina de f\u00fatbol entran en la etapa de definici\u00f3n del clausura.<\/p>\n\n\n\n<p>En esta ocasi\u00f3n y con varias suspensiones en los \u00faltimos meses de primavera, desde la organizaci\u00f3n se dispuso comenzar la jornada n\u00famero 13 el pasado mi\u00e9rcoles, sumando partidos el jueves, viernes y s\u00e1bados.<\/p>\n\n\n\n<p>De esta manera, se dio paso al adelantamiento de la \u00faltima jornada la cual tuvo alguno de sus partidos este s\u00e1bado por la tarde, dejando a los primeros campeones del a\u00f1o.<\/p>\n\n\n\n<p>Por un lado, la categor\u00eda que se resolvi\u00f3 fue la 2013 donde el conjunto que se consagr\u00f3 campe\u00f3n fue Estudiantes. En principio, los chicos del \u201cpincha\u201d superaron a V\u00e9lez el jueves y el s\u00e1bado, fueron visitantes ante Holanda por la fecha 15.<\/p>\n\n\n\n<p>Con la victoria conseguida en cancha, la categor\u00eda infantil de Estudiantes festej\u00f3 su campeonato junto a sus padres y familiares que se acercaron a la cancha para ser testigos de la definici\u00f3n. As\u00ed, los chicos disfrutaron del logro con las cl\u00e1sicas espumas y humos azulgranas que le dieron un imponente marco al logro conseguido.<\/p>\n\n\n\n<p>Por otro lado, lo mismo sucedi\u00f3 en la 2010 donde Estudiantes logr\u00f3 superar a sus rivales tanto el jueves como el s\u00e1bado. En primer t\u00e9rmino se qued\u00f3 con los puntos ante V\u00e9lez y luego el s\u00e1bado festej\u00f3 ante el \u201cnaranja\u201d un nuevo certamen, recreando lo hecho en el apertura donde tambi\u00e9n fue el ganador.<\/p>\n\n\n\n<p>Por \u00faltimo, el otro que se qued\u00f3 con el campeonato fue Pabell\u00f3n Argentino en la quinta divisi\u00f3n, que si bien solo sumo un punto tras el empate ante Juventud, la victoria de Estudiantes ante V\u00e9lez por 1 a 0 le adjudicaron el campeonato.<\/p>\n\n\n<div class=\"wp-block-image\">\n<figure class=\"aligncenter size-full\"><img loading=\"lazy\" decoding=\"async\" width=\"800\" height=\"533\" data-attachment-id=\"170301\" data-permalink=\"https:\/\/www.hoymercedes.com.ar\/principal\/2023\/12\/05\/infanto-juvenil-aparecen-los-primeros-campeones-de-la-liga\/img-20231204-wa0011\/#main\" data-orig-file=\"https:\/\/www.hoymercedes.com.ar\/principal\/wp-content\/uploads\/2023\/12\/IMG-20231204-WA0011.jpg\" data-orig-size=\"800,533\" data-comments-opened=\"0\" data-image-meta=\"{&quot;aperture&quot;:&quot;0&quot;,&quot;credit&quot;:&quot;&quot;,&quot;camera&quot;:&quot;&quot;,&quot;caption&quot;:&quot;&quot;,&quot;created_timestamp&quot;:&quot;0&quot;,&quot;copyright&quot;:&quot;&quot;,&quot;focal_length&quot;:&quot;0&quot;,&quot;iso&quot;:&quot;0&quot;,&quot;shutter_speed&quot;:&quot;0&quot;,&quot;title&quot;:&quot;&quot;,&quot;orientation&quot;:&quot;0&quot;}\" data-image-title=\"IMG-20231204-WA0011\" data-image-description=\"\" data-image-caption=\"\" data-large-file=\"https:\/\/www.hoymercedes.com.ar\/principal\/wp-content\/uploads\/2023\/12\/IMG-20231204-WA0011.jpg\" src=\"https:\/\/www.hoymercedes.com.ar\/principal\/wp-content\/uploads\/2023\/12\/IMG-20231204-WA0011.jpg\" alt=\"\" class=\"wp-image-170301\" srcset=\"https:\/\/www.hoymercedes.com.ar\/principal\/wp-content\/uploads\/2023\/12\/IMG-20231204-WA0011.jpg 800w, https:\/\/www.hoymercedes.com.ar\/principal\/wp-content\/uploads\/2023\/12\/IMG-20231204-WA0011-630x420.jpg 630w, https:\/\/www.hoymercedes.com.ar\/principal\/wp-content\/uploads\/2023\/12\/IMG-20231204-WA0011-150x100.jpg 150w, https:\/\/www.hoymercedes.com.ar\/principal\/wp-content\/uploads\/2023\/12\/IMG-20231204-WA0011-700x465.jpg 700w\" sizes=\"auto, (max-width: 800px) 100vw, 800px\" \/><\/figure>\n<\/div>\n\n\n<p><strong>Resultados<\/strong><br>Categor\u00eda 2013<br>Ateneo 1 \u2013 Los Carteros 1<br>Palometas 6 \u2013 Holanda 0<br>El Front\u00f3n 5 \u2013 Defensores 0<br>Estudiantes 5 \u2013 V\u00e9lez 0<br>Talleres 0 \u2013 Juventud 6<br>Trocha 0 \u2013 Uni\u00f3n 4<br>Gowland 0 \u2013 Mercedes 2<br>Holanda 0 \u2013 Estudiantes 6<\/p>\n\n\n\n<p>Categor\u00eda 2012<br>Ateneo 0 \u2013 Los Carteros 2<br>Palometas \u2013 Holanda (Postergado)<br>El Front\u00f3n 0 \u2013 Defensores 0<br>Estudiantes 1 \u2013 V\u00e9lez 1<br>Talleres 2 \u2013 Juventud 1<br>Trocha 2 \u2013 Uni\u00f3n 3<br>Gowland 0 \u2013 Mercedes 6<br>Holanda 1 \u2013 Estudiantes 4<\/p>\n\n\n\n<p>Categor\u00eda 2011<br>Ateneo 0 \u2013 Los Carteros 2<br>El Front\u00f3n 0 \u2013 Defensores 1<br>Estudiantes 6 \u2013 V\u00e9lez 0<br>Pabell\u00f3n Argentino 1 \u2013 Juventud 2<br>La Tijera \u2013 Quilmes (Postergado)<br>Trocha 0 \u2013 Uni\u00f3n 3<\/p>\n\n\n\n<p>Categor\u00eda 2010<br>Ateneo 0 \u2013 Los Carteros 2<br>Palometas 6 \u2013 Holanda 0<br>El Front\u00f3n 3 \u2013 Defensores 0<br>Estudiantes 6 \u2013 V\u00e9lez 1<br>Pabell\u00f3n Argentino 1 \u2013 Juventud 1<br>La Tijera 0 \u2013 Quilmes 1<br>Trocha 0 \u2013 Uni\u00f3n 6<br>Gowland 0 \u2013 Mercedes 6<br>Holanda 0 \u2013 Estudiantes 6<\/p>\n\n\n\n<p>Categor\u00eda 2009<br>Ateneo 2 \u2013 Los Carteros 1<br>El Front\u00f3n \u2013 Defensores (Suspendido)<br>Estudiantes 4 \u2013 V\u00e9lez 3<br>Pabell\u00f3n Argentino 1 ) \u2013 Juventud 5<br>El Tim\u00f3n 1 \u2013 Mercedes 6<\/p>\n\n\n\n<p>Categor\u00eda 2008<br>Ateneo 4 \u2013 Los Carteros 0<br>Palometas \u2013 Holanda (Postergado)<br>El Front\u00f3n 4 \u2013 Defensores 2<br>Estudiantes 2 \u2013 V\u00e9lez 0<br>Pabell\u00f3n Argentino 1 \u2013 Juventud 4<br>La Tijera 3 \u2013 Quilmes 2<br>Trocha 0 \u2013 Uni\u00f3n 0<br>El Tim\u00f3n 0 \u2013 Mercedes 4<br>Holanda 2 \u2013 Estudiantes 3<\/p>\n\n\n\n<p>Categor\u00eda 5\u00aa<br>Ateneo 1 \u2013 Los Carteros 0<br>Palometas 1 \u2013 Holanda 0<br>El Front\u00f3n 2 \u2013 Defensores 2<br>Estudiantes 1 \u2013 V\u00e9lez 0<br>Pabell\u00f3n Argentino 0 \u2013 Juventud 0<br>La Tijera 1 \u2013 Quilmes 1<br>Trocha 0 \u2013 Uni\u00f3n 4<br>El Tim\u00f3n 2 \u2013 Mercedes 2<br>Holanda 0 \u2013 Estudiantes 1<\/p>\n\n\n<div class=\"wp-block-image\">\n<figure class=\"aligncenter size-full\"><img loading=\"lazy\" decoding=\"async\" width=\"800\" height=\"533\" data-attachment-id=\"170300\" data-permalink=\"https:\/\/www.hoymercedes.com.ar\/principal\/2023\/12\/05\/infanto-juvenil-aparecen-los-primeros-campeones-de-la-liga\/img-20231204-wa0014\/#main\" data-orig-file=\"https:\/\/www.hoymercedes.com.ar\/principal\/wp-content\/uploads\/2023\/12\/IMG-20231204-WA0014.jpg\" data-orig-size=\"800,533\" data-comments-opened=\"0\" data-image-meta=\"{&quot;aperture&quot;:&quot;0&quot;,&quot;credit&quot;:&quot;&quot;,&quot;camera&quot;:&quot;&quot;,&quot;caption&quot;:&quot;&quot;,&quot;created_timestamp&quot;:&quot;0&quot;,&quot;copyright&quot;:&quot;&quot;,&quot;focal_length&quot;:&quot;0&quot;,&quot;iso&quot;:&quot;0&quot;,&quot;shutter_speed&quot;:&quot;0&quot;,&quot;title&quot;:&quot;&quot;,&quot;orientation&quot;:&quot;0&quot;}\" data-image-title=\"IMG-20231204-WA0014\" data-image-description=\"\" data-image-caption=\"\" data-large-file=\"https:\/\/www.hoymercedes.com.ar\/principal\/wp-content\/uploads\/2023\/12\/IMG-20231204-WA0014.jpg\" src=\"https:\/\/www.hoymercedes.com.ar\/principal\/wp-content\/uploads\/2023\/12\/IMG-20231204-WA0014.jpg\" alt=\"\" class=\"wp-image-170300\" srcset=\"https:\/\/www.hoymercedes.com.ar\/principal\/wp-content\/uploads\/2023\/12\/IMG-20231204-WA0014.jpg 800w, https:\/\/www.hoymercedes.com.ar\/principal\/wp-content\/uploads\/2023\/12\/IMG-20231204-WA0014-630x420.jpg 630w, https:\/\/www.hoymercedes.com.ar\/principal\/wp-content\/uploads\/2023\/12\/IMG-20231204-WA0014-150x100.jpg 150w, https:\/\/www.hoymercedes.com.ar\/principal\/wp-content\/uploads\/2023\/12\/IMG-20231204-WA0014-700x465.jpg 700w\" sizes=\"auto, (max-width: 800px) 100vw, 800px\" \/><\/figure>\n<\/div>\n\n\n<p><strong>Lo que viene<\/strong><br>Por delante quedar\u00e1 resolver las fechas 14 y 15, aunque algunos partidos ya se realizaron de la \u00faltima jornada. No obstante, el clausura de la infanto juvenil se ha mostrado muy parejo y habr\u00e1 que esperar los pr\u00f3ximos partidos para conocer los campeones de la 2012, 2011, 2009 y 2008.<\/p>\n\n\n\n<p><strong>Fecha 14<\/strong><br>La Tijera Vs. Estudiantes\u00a0<br>Ateneo Vs. Palometas\u00a0<br>Mercedes Vs. El Front\u00f3n\u00a0<br>Uni\u00f3n Vs. Defensores\u00a0<br>Los Carteros Vs. Juventud\u00a0<br>Quilmes Vs. V\u00e9lez\u00a0<br>Holanda Vs. Talleres \/ Pabell\u00f3n Argentino\u00a0<br>Gowland \/ El Tim\u00f3n Vs. Trocha\u00a0<\/p>\n\n\n\n<p><strong>Fecha 15<\/strong><br>Defensores Vs. La Tijera\u00a0<br>Los Carteros Vs. El Front\u00f3n\u00a0<br>V\u00e9lez Vs. Ateneo\u00a0<br>Holanda Vs. Estudiantes\u00a0<br>Palometas Vs. Gowland \/ El Tim\u00f3n\u00a0<br>Trocha Vs. Mercedes\u00a0<br>Talleres \/ Pabell\u00f3n Argentino Vs. Uni\u00f3n\u00a0<br>Juventud Vs. Quilmes\u00a0<\/p>\n\n\n\n<p>Colaboraci\u00f3n Mariano Oyarz\u00fa<br>Fotos: Victoria Inostroza.<\/p>\n","protected":false},"excerpt":{"rendered":"<p>Durante el fin de semana se consagraron Estudiantes en 2013 y 2010 y Pabell\u00f3n Argentino en 5ta divisi\u00f3n. Por delante &#8230; <a title=\"Infanto juvenil: Aparecen los primeros campeones de la Liga\" class=\"read-more\" href=\"https:\/\/www.hoymercedes.com.ar\/principal\/2023\/12\/05\/infanto-juvenil-aparecen-los-primeros-campeones-de-la-liga\/\" aria-label=\"Leer m\u00e1s sobre Infanto juvenil: Aparecen los primeros campeones de la Liga\">Leer m\u00e1s<\/a><\/p>\n","protected":false},"author":1,"featured_media":170300,"comment_status":"closed","ping_status":"open","sticky":false,"template":"","format":"standard","meta":{"_monsterinsights_skip_tracking":false,"_monsterinsights_sitenote_active":false,"_monsterinsights_sitenote_note":"","_monsterinsights_sitenote_category":0,"jetpack_post_was_ever_published":false,"_jetpack_newsletter_access":"","_jetpack_dont_email_post_to_subs":false,"_jetpack_newsletter_tier_id":0,"_jetpack_memberships_contains_paywalled_content":false,"_jetpack_memberships_contains_paid_content":false,"footnotes":"","jetpack_publicize_message":"","jetpack_publicize_feature_enabled":true,"jetpack_social_post_already_shared":true,"jetpack_social_options":{"image_generator_settings":{"template":"highway","default_image_id":0,"font":"","enabled":false},"version":2},"_wpas_customize_per_network":false},"categories":[8],"tags":[],"class_list":["post-170297","post","type-post","status-publish","format-standard","has-post-thumbnail","hentry","category-sociedad","generate-columns","tablet-grid-50","mobile-grid-100","grid-parent","grid-50"],"jetpack_publicize_connections":[],"jetpack_featured_media_url":"https:\/\/www.hoymercedes.com.ar\/principal\/wp-content\/uploads\/2023\/12\/IMG-20231204-WA0014.jpg","wps_subtitle":"","jetpack_sharing_enabled":true,"_links":{"self":[{"href":"https:\/\/www.hoymercedes.com.ar\/principal\/wp-json\/wp\/v2\/posts\/170297","targetHints":{"allow":["GET"]}}],"collection":[{"href":"https:\/\/www.hoymercedes.com.ar\/principal\/wp-json\/wp\/v2\/posts"}],"about":[{"href":"https:\/\/www.hoymercedes.com.ar\/principal\/wp-json\/wp\/v2\/types\/post"}],"author":[{"embeddable":true,"href":"https:\/\/www.hoymercedes.com.ar\/principal\/wp-json\/wp\/v2\/users\/1"}],"replies":[{"embeddable":true,"href":"https:\/\/www.hoymercedes.com.ar\/principal\/wp-json\/wp\/v2\/comments?post=170297"}],"version-history":[{"count":0,"href":"https:\/\/www.hoymercedes.com.ar\/principal\/wp-json\/wp\/v2\/posts\/170297\/revisions"}],"wp:featuredmedia":[{"embeddable":true,"href":"https:\/\/www.hoymercedes.com.ar\/principal\/wp-json\/wp\/v2\/media\/170300"}],"wp:attachment":[{"href":"https:\/\/www.hoymercedes.com.ar\/principal\/wp-json\/wp\/v2\/media?parent=170297"}],"wp:term":[{"taxonomy":"category","embeddable":true,"href":"https:\/\/www.hoymercedes.com.ar\/principal\/wp-json\/wp\/v2\/categories?post=170297"},{"taxonomy":"post_tag","embeddable":true,"href":"https:\/\/www.hoymercedes.com.ar\/principal\/wp-json\/wp\/v2\/tags?post=170297"}],"curies":[{"name":"wp","href":"https:\/\/api.w.org\/{rel}","templated":true}]}}