{"id":170353,"date":"2023-12-06T16:50:45","date_gmt":"2023-12-06T19:50:45","guid":{"rendered":"https:\/\/www.hoymercedes.com.ar\/principal\/?p=170353"},"modified":"2023-12-06T16:50:50","modified_gmt":"2023-12-06T19:50:50","slug":"cuatro-allanamientos-en-mercedes-en-el-marco-de-la-operacion-proteccion-de-las-infancias-ii","status":"publish","type":"post","link":"https:\/\/www.hoymercedes.com.ar\/principal\/2023\/12\/06\/cuatro-allanamientos-en-mercedes-en-el-marco-de-la-operacion-proteccion-de-las-infancias-ii\/","title":{"rendered":"Cuatro allanamientos en Mercedes en el marco de la Operaci\u00f3n Protecci\u00f3n de las Infancias II"},"content":{"rendered":"\n<p>En la jornada del 5 de diciembre del corriente se llevaron a cabo m\u00e1s de un centenar de allanamientos conjuntos en la provincia de Buenos Aires, Chaco y Santa Fe y coordinados en la provincia de Buenos Aires en el marco de la Operaci\u00f3n Protecci\u00f3n de las Infancias II.<\/p>\n\n\n<div class=\"wp-block-image\">\n<figure class=\"aligncenter size-full\"><img loading=\"lazy\" decoding=\"async\" width=\"800\" height=\"533\" data-attachment-id=\"170324\" data-permalink=\"https:\/\/www.hoymercedes.com.ar\/principal\/img-20231205-wa0066_copy_800x533\/\" data-orig-file=\"https:\/\/www.hoymercedes.com.ar\/principal\/wp-content\/uploads\/2023\/12\/IMG-20231205-WA0066_copy_800x533.jpg\" data-orig-size=\"800,533\" data-comments-opened=\"0\" data-image-meta=\"{&quot;aperture&quot;:&quot;0&quot;,&quot;credit&quot;:&quot;&quot;,&quot;camera&quot;:&quot;&quot;,&quot;caption&quot;:&quot;&quot;,&quot;created_timestamp&quot;:&quot;0&quot;,&quot;copyright&quot;:&quot;&quot;,&quot;focal_length&quot;:&quot;0&quot;,&quot;iso&quot;:&quot;0&quot;,&quot;shutter_speed&quot;:&quot;0&quot;,&quot;title&quot;:&quot;&quot;,&quot;orientation&quot;:&quot;0&quot;}\" data-image-title=\"IMG-20231205-WA0066_copy_800x533\" data-image-description=\"\" data-image-caption=\"\" data-large-file=\"https:\/\/www.hoymercedes.com.ar\/principal\/wp-content\/uploads\/2023\/12\/IMG-20231205-WA0066_copy_800x533.jpg\" src=\"https:\/\/www.hoymercedes.com.ar\/principal\/wp-content\/uploads\/2023\/12\/IMG-20231205-WA0066_copy_800x533.jpg\" alt=\"\" class=\"wp-image-170324\" srcset=\"https:\/\/www.hoymercedes.com.ar\/principal\/wp-content\/uploads\/2023\/12\/IMG-20231205-WA0066_copy_800x533.jpg 800w, https:\/\/www.hoymercedes.com.ar\/principal\/wp-content\/uploads\/2023\/12\/IMG-20231205-WA0066_copy_800x533-630x420.jpg 630w, https:\/\/www.hoymercedes.com.ar\/principal\/wp-content\/uploads\/2023\/12\/IMG-20231205-WA0066_copy_800x533-150x100.jpg 150w, https:\/\/www.hoymercedes.com.ar\/principal\/wp-content\/uploads\/2023\/12\/IMG-20231205-WA0066_copy_800x533-700x465.jpg 700w\" sizes=\"auto, (max-width: 800px) 100vw, 800px\" \/><\/figure>\n<\/div>\n\n\n<p>Cuatro de estos allanamientos se realizaron en las localidades Luj\u00e1n, 25 de Mayo y 9 de Julio, pertenecientes al Departamento Judicial Mercedes. Los mismos fueron el resultado de la labor sobre varias causas judiciales a cargo de La Unidad Funcional de Instrucci\u00f3n y Juicio N\u00b0 1 del Dpto. Judicial &#8211; con actuaci\u00f3n del ayudante fiscal Javier Casarini &#8211; convalidadas por los Juzgado de Garant\u00edas N\u00b0 1 y Juzgado de Garant\u00edas N\u00b0 3.<\/p>\n\n\n\n<p>Vale recordar que las investigaciones surgen a partir de la utilizaci\u00f3n del sistema estadounidense Internet Crimes Against Children Child On-line Protection System (ICACCOPS), plataforma empleada para combatir la explotaci\u00f3n sexual infantil y colaborar con otras entidades, en pos de la protecci\u00f3n y el rescate de ni\u00f1os, ni\u00f1as y adolescentes basados en plataformas de intercambio Peer to Peer, dentro del territorio bonaerense durante el per\u00edodo comprendido entre el 30 de agosto y el 6 de octubre de 2023.<\/p>\n\n\n\n<p>Dos de los allanamientos realizados fueron en el partido de Luj\u00e1n: uno en barrio Esperanza y otro en la localidad de Cortines con participaci\u00f3n de efectivos de la Delegaci\u00f3n Departamental de Investigaciones en Funci\u00f3n Judicial Luj\u00e1n junto a la Subdelegaci\u00f3n Departamental de Investigaciones Luj\u00e1n, Gabinete T\u00e9cnico Operativo de la Jefatura Comunal Mercedes y Estaci\u00f3n de Polic\u00eda Comunal Mercedes. En los mismos fueron notificados de la formaci\u00f3n de causa en su contra dos hombres de 49 y 46 a\u00f1os por los delitos de \u201cProducci\u00f3n, comercializaci\u00f3n, etc. de representaci\u00f3n de menores de 18 a\u00f1os dedicados a actividades sexuales\u201d.<\/p>\n\n\n<div class=\"wp-block-image\">\n<figure class=\"aligncenter size-full\"><img loading=\"lazy\" decoding=\"async\" width=\"800\" height=\"533\" data-attachment-id=\"170321\" data-permalink=\"https:\/\/www.hoymercedes.com.ar\/principal\/img-20231205-wa0068_copy_800x533\/\" data-orig-file=\"https:\/\/www.hoymercedes.com.ar\/principal\/wp-content\/uploads\/2023\/12\/IMG-20231205-WA0068_copy_800x533.jpg\" data-orig-size=\"800,533\" data-comments-opened=\"0\" data-image-meta=\"{&quot;aperture&quot;:&quot;0&quot;,&quot;credit&quot;:&quot;&quot;,&quot;camera&quot;:&quot;&quot;,&quot;caption&quot;:&quot;&quot;,&quot;created_timestamp&quot;:&quot;0&quot;,&quot;copyright&quot;:&quot;&quot;,&quot;focal_length&quot;:&quot;0&quot;,&quot;iso&quot;:&quot;0&quot;,&quot;shutter_speed&quot;:&quot;0&quot;,&quot;title&quot;:&quot;&quot;,&quot;orientation&quot;:&quot;0&quot;}\" data-image-title=\"IMG-20231205-WA0068_copy_800x533\" data-image-description=\"\" data-image-caption=\"\" data-large-file=\"https:\/\/www.hoymercedes.com.ar\/principal\/wp-content\/uploads\/2023\/12\/IMG-20231205-WA0068_copy_800x533.jpg\" src=\"https:\/\/www.hoymercedes.com.ar\/principal\/wp-content\/uploads\/2023\/12\/IMG-20231205-WA0068_copy_800x533.jpg\" alt=\"\" class=\"wp-image-170321\" srcset=\"https:\/\/www.hoymercedes.com.ar\/principal\/wp-content\/uploads\/2023\/12\/IMG-20231205-WA0068_copy_800x533.jpg 800w, https:\/\/www.hoymercedes.com.ar\/principal\/wp-content\/uploads\/2023\/12\/IMG-20231205-WA0068_copy_800x533-630x420.jpg 630w, https:\/\/www.hoymercedes.com.ar\/principal\/wp-content\/uploads\/2023\/12\/IMG-20231205-WA0068_copy_800x533-150x100.jpg 150w, https:\/\/www.hoymercedes.com.ar\/principal\/wp-content\/uploads\/2023\/12\/IMG-20231205-WA0068_copy_800x533-700x465.jpg 700w\" sizes=\"auto, (max-width: 800px) 100vw, 800px\" \/><\/figure>\n<\/div>\n\n\n<p>En la localidad de 9 de Julio con la actuaci\u00f3n de personal del Gabinete Prevenci\u00f3n Criminol\u00f3gico de la Polic\u00eda Comunal 9 de Julio y Sub DDI Bragado se allan\u00f3 un domicilio de barrio La Morocha y otro allanamiento se efectu\u00f3 en una vivienda en la localidad de 25 de Mayo con participaci\u00f3n de la Subdelegaci\u00f3n Departamental de Investigaciones en Funci\u00f3n Judicial 25 de Mayo, GTP de la Comisar\u00eda Primera de 25 de Mayo. En estos \u00faltimos fueron notificados de la formaci\u00f3n de causa en su contra dos hombres de 42 y 46 a\u00f1os.<\/p>\n\n\n\n<p>En todos los casos se logr\u00f3 el secuestro de celulares, computadoras, notebook,c\u00e1maras fotogr\u00e1ficas, pen drive, disco r\u00edgidos, tarjetas de memoria, dispositivos de almacenamiento masivo de informaci\u00f3n y elementos electr\u00f3nicos para la producci\u00f3n y reproducci\u00f3n de im\u00e1genes, entre otros. Los mismos ser\u00e1n oportunamente periciados.<\/p>\n\n\n\n<p>Vale destacar que estos operativos, adem\u00e1s del delito de descarga y distribuci\u00f3n de material de abuso sexual infantil, se incluyen entre los investigados: la tenencia, su posible producci\u00f3n y el acoso sexual en l\u00ednea (conocido com\u00fanmente como Grooming), contemplados en los Art. 128 y 131 del C\u00f3digo Penal\u00a0Argentino.<\/p>\n\n\n\n<p>Fuente: Ministerio P\u00fablico Fiscal Dpto Judicial Mercedes<\/p>\n","protected":false},"excerpt":{"rendered":"<p>En la jornada del 5 de diciembre del corriente se llevaron a cabo m\u00e1s de un centenar de allanamientos conjuntos &#8230; <a title=\"Cuatro allanamientos en Mercedes en el marco de la Operaci\u00f3n Protecci\u00f3n de las Infancias II\" class=\"read-more\" href=\"https:\/\/www.hoymercedes.com.ar\/principal\/2023\/12\/06\/cuatro-allanamientos-en-mercedes-en-el-marco-de-la-operacion-proteccion-de-las-infancias-ii\/\" aria-label=\"Leer m\u00e1s sobre Cuatro allanamientos en Mercedes en el marco de la Operaci\u00f3n Protecci\u00f3n de las Infancias II\">Leer m\u00e1s<\/a><\/p>\n","protected":false},"author":1,"featured_media":170323,"comment_status":"closed","ping_status":"open","sticky":false,"template":"","format":"standard","meta":{"_monsterinsights_skip_tracking":false,"_monsterinsights_sitenote_active":false,"_monsterinsights_sitenote_note":"","_monsterinsights_sitenote_category":0,"jetpack_post_was_ever_published":false,"_jetpack_newsletter_access":"","_jetpack_dont_email_post_to_subs":false,"_jetpack_newsletter_tier_id":0,"_jetpack_memberships_contains_paywalled_content":false,"_jetpack_memberships_contains_paid_content":false,"footnotes":"","jetpack_publicize_message":"","jetpack_publicize_feature_enabled":true,"jetpack_social_post_already_shared":true,"jetpack_social_options":{"image_generator_settings":{"template":"highway","default_image_id":0,"font":"","enabled":false},"version":2},"_wpas_customize_per_network":false},"categories":[8],"tags":[],"class_list":["post-170353","post","type-post","status-publish","format-standard","has-post-thumbnail","hentry","category-sociedad","generate-columns","tablet-grid-50","mobile-grid-100","grid-parent","grid-50"],"jetpack_publicize_connections":[],"jetpack_featured_media_url":"https:\/\/www.hoymercedes.com.ar\/principal\/wp-content\/uploads\/2023\/12\/IMG-20231205-WA0071_copy_800x533.jpg","wps_subtitle":"","jetpack_sharing_enabled":true,"_links":{"self":[{"href":"https:\/\/www.hoymercedes.com.ar\/principal\/wp-json\/wp\/v2\/posts\/170353","targetHints":{"allow":["GET"]}}],"collection":[{"href":"https:\/\/www.hoymercedes.com.ar\/principal\/wp-json\/wp\/v2\/posts"}],"about":[{"href":"https:\/\/www.hoymercedes.com.ar\/principal\/wp-json\/wp\/v2\/types\/post"}],"author":[{"embeddable":true,"href":"https:\/\/www.hoymercedes.com.ar\/principal\/wp-json\/wp\/v2\/users\/1"}],"replies":[{"embeddable":true,"href":"https:\/\/www.hoymercedes.com.ar\/principal\/wp-json\/wp\/v2\/comments?post=170353"}],"version-history":[{"count":0,"href":"https:\/\/www.hoymercedes.com.ar\/principal\/wp-json\/wp\/v2\/posts\/170353\/revisions"}],"wp:featuredmedia":[{"embeddable":true,"href":"https:\/\/www.hoymercedes.com.ar\/principal\/wp-json\/wp\/v2\/media\/170323"}],"wp:attachment":[{"href":"https:\/\/www.hoymercedes.com.ar\/principal\/wp-json\/wp\/v2\/media?parent=170353"}],"wp:term":[{"taxonomy":"category","embeddable":true,"href":"https:\/\/www.hoymercedes.com.ar\/principal\/wp-json\/wp\/v2\/categories?post=170353"},{"taxonomy":"post_tag","embeddable":true,"href":"https:\/\/www.hoymercedes.com.ar\/principal\/wp-json\/wp\/v2\/tags?post=170353"}],"curies":[{"name":"wp","href":"https:\/\/api.w.org\/{rel}","templated":true}]}}