{"id":170428,"date":"2023-12-08T17:02:00","date_gmt":"2023-12-08T20:02:00","guid":{"rendered":"https:\/\/www.hoymercedes.com.ar\/principal\/?p=170428"},"modified":"2023-12-08T21:38:48","modified_gmt":"2023-12-09T00:38:48","slug":"un-aprehendido-por-hurto-usando-inhibidores-de-senal","status":"publish","type":"post","link":"https:\/\/www.hoymercedes.com.ar\/principal\/2023\/12\/08\/un-aprehendido-por-hurto-usando-inhibidores-de-senal\/","title":{"rendered":"Un aprehendido por hurto usando inhibidores de se\u00f1al"},"content":{"rendered":"\n<p>Se llev\u00f3 a cabo la aprehensi\u00f3n de una persona vinculadas a dos hechos de hurto mediante la utilizaci\u00f3n de inhibidores de se\u00f1al de veh\u00edculos en la ciudad de Mercedes.<\/p>\n\n\n\n<p>De acuerdo a lo que pudo conocerse, el pasado mi\u00e9rcoles 6, en horas de la ma\u00f1ana, una mujer -aun no identificada &#8211; y un hombre con domicilio en San Nicolas, llegaron a la ciudad de Mercedes a bordo de un autom\u00f3vil Volkswagen Polo. En calles 27 entre 14 y 16, mediante la utilizaci\u00f3n de un inhibido de se\u00f1al de cierre centralizado cuya propietaria hab\u00eda activado a distancia, lograr dejar abierto un Peugeot 307. Se acercaron al mismo y se apoderaron de su interior de una mochila, y billetera con toda la documentaci\u00f3n, tarjetas y dinero de la v\u00edctima, llaves y elementos de electr\u00f3nica.<\/p>\n\n\n\n<p>Minutos m\u00e1s tarde, la pareja se dirigi\u00f3 hacia calle 26 entre 23 y 25, utiliz\u00e1ndolo la misma modalidad, bloquearon el cierre de un autom\u00f3vil Toyota Corolla y se hicieron de una mochila, una computadora port\u00e1til, billetera con toda la documentaci\u00f3n y dinero de la v\u00edctima, llaves y elementos de electr\u00f3nica, uniformes de trabajo y ropa.<\/p>\n\n\n\n<p>Al percatarse del faltante las v\u00edctimas realizaron la denuncia correspondiente. En este marco tom\u00f3 intervenci\u00f3n la Unidad Funcional de Instrucci\u00f3n N.\u00ba 4 del Departamento Judicial Mercedes. Tras diversas tareas investigativas se logr\u00f3 determinar la participaci\u00f3n del autom\u00f3vil que utiliz\u00f3 la pareja y se realiz\u00f3 un operativo logrando interceptar el veh\u00edculo en la ciudad de San Nicolas. Es as\u00ed como se logr\u00f3 la aprehensi\u00f3n del sujeto.<\/p>\n\n\n\n<p>El imputado (de 53 a\u00f1os, oriundo de San Nicolas) compareci\u00f3 ante el agente fiscal actuante en el marco de la audiencia de declaraci\u00f3n en los t\u00e9rminos del art. 308 del C\u00f3digo Procesal Penal en la jornada de este jueves 7 del corriente. Fue por el delito de \u201cHurto agravado por el uso de ganzua, llave falsa u otro instrumento semejante, reiterado (dos hechos)\u00bb e hizo uso de su derecho a negarse a declarar.<\/p>\n\n\n\n<p>Fuente: Ministerio P\u00fablico Fiscal Depto Judicial de Mercedes <\/p>\n","protected":false},"excerpt":{"rendered":"<p>Se llev\u00f3 a cabo la aprehensi\u00f3n de una persona vinculadas a dos hechos de hurto mediante la utilizaci\u00f3n de inhibidores &#8230; <a title=\"Un aprehendido por hurto usando inhibidores de se\u00f1al\" class=\"read-more\" href=\"https:\/\/www.hoymercedes.com.ar\/principal\/2023\/12\/08\/un-aprehendido-por-hurto-usando-inhibidores-de-senal\/\" aria-label=\"Leer m\u00e1s sobre Un aprehendido por hurto usando inhibidores de se\u00f1al\">Leer m\u00e1s<\/a><\/p>\n","protected":false},"author":1,"featured_media":149152,"comment_status":"closed","ping_status":"open","sticky":false,"template":"","format":"standard","meta":{"_monsterinsights_skip_tracking":false,"_monsterinsights_sitenote_active":false,"_monsterinsights_sitenote_note":"","_monsterinsights_sitenote_category":0,"jetpack_post_was_ever_published":false,"_jetpack_newsletter_access":"","_jetpack_dont_email_post_to_subs":false,"_jetpack_newsletter_tier_id":0,"_jetpack_memberships_contains_paywalled_content":false,"_jetpack_memberships_contains_paid_content":false,"footnotes":"","jetpack_publicize_message":"","jetpack_publicize_feature_enabled":true,"jetpack_social_post_already_shared":true,"jetpack_social_options":{"image_generator_settings":{"template":"highway","default_image_id":0,"font":"","enabled":false},"version":2},"_wpas_customize_per_network":false},"categories":[85],"tags":[],"class_list":["post-170428","post","type-post","status-publish","format-standard","has-post-thumbnail","hentry","category-policial","generate-columns","tablet-grid-50","mobile-grid-100","grid-parent","grid-50"],"jetpack_publicize_connections":[],"jetpack_featured_media_url":"https:\/\/www.hoymercedes.com.ar\/principal\/wp-content\/uploads\/2022\/06\/fachada-fiscalias.jpg","wps_subtitle":"","jetpack_sharing_enabled":true,"_links":{"self":[{"href":"https:\/\/www.hoymercedes.com.ar\/principal\/wp-json\/wp\/v2\/posts\/170428","targetHints":{"allow":["GET"]}}],"collection":[{"href":"https:\/\/www.hoymercedes.com.ar\/principal\/wp-json\/wp\/v2\/posts"}],"about":[{"href":"https:\/\/www.hoymercedes.com.ar\/principal\/wp-json\/wp\/v2\/types\/post"}],"author":[{"embeddable":true,"href":"https:\/\/www.hoymercedes.com.ar\/principal\/wp-json\/wp\/v2\/users\/1"}],"replies":[{"embeddable":true,"href":"https:\/\/www.hoymercedes.com.ar\/principal\/wp-json\/wp\/v2\/comments?post=170428"}],"version-history":[{"count":0,"href":"https:\/\/www.hoymercedes.com.ar\/principal\/wp-json\/wp\/v2\/posts\/170428\/revisions"}],"wp:featuredmedia":[{"embeddable":true,"href":"https:\/\/www.hoymercedes.com.ar\/principal\/wp-json\/wp\/v2\/media\/149152"}],"wp:attachment":[{"href":"https:\/\/www.hoymercedes.com.ar\/principal\/wp-json\/wp\/v2\/media?parent=170428"}],"wp:term":[{"taxonomy":"category","embeddable":true,"href":"https:\/\/www.hoymercedes.com.ar\/principal\/wp-json\/wp\/v2\/categories?post=170428"},{"taxonomy":"post_tag","embeddable":true,"href":"https:\/\/www.hoymercedes.com.ar\/principal\/wp-json\/wp\/v2\/tags?post=170428"}],"curies":[{"name":"wp","href":"https:\/\/api.w.org\/{rel}","templated":true}]}}