{"id":170431,"date":"2023-12-08T21:03:38","date_gmt":"2023-12-09T00:03:38","guid":{"rendered":"https:\/\/www.hoymercedes.com.ar\/principal\/?p=170431"},"modified":"2023-12-08T21:03:41","modified_gmt":"2023-12-09T00:03:41","slug":"wonka-y-muchachos-en-el-cine-mercedes","status":"publish","type":"post","link":"https:\/\/www.hoymercedes.com.ar\/principal\/2023\/12\/08\/wonka-y-muchachos-en-el-cine-mercedes\/","title":{"rendered":"Wonka y Muchachos en el Cine Mercedes"},"content":{"rendered":"\n<p>Desde este viernes 8 de diciembre, el Cine Mercedes est\u00e1 presentando dos de los estrenos m\u00e1s esperados del mes. Por un lado, la pel\u00edcula que testimonia el triunfo del Argentina en el Mundial de Futbol hace un a\u00f1o, y por el otro, Wonka, basada en la historia de Charlie y la F\u00e1brica de Chocolate. <\/p>\n\n\n<div class=\"wp-block-image\">\n<figure class=\"aligncenter size-full\"><img loading=\"lazy\" decoding=\"async\" width=\"764\" height=\"800\" data-attachment-id=\"170432\" data-permalink=\"https:\/\/www.hoymercedes.com.ar\/principal\/2023\/12\/08\/wonka-y-muchachos-en-el-cine-mercedes\/gacetilla-cine-mercedes-1-5\/#main\" data-orig-file=\"https:\/\/www.hoymercedes.com.ar\/principal\/wp-content\/uploads\/2023\/12\/Gacetilla-Cine-Mercedes-1.jpg\" data-orig-size=\"764,800\" data-comments-opened=\"0\" data-image-meta=\"{&quot;aperture&quot;:&quot;0&quot;,&quot;credit&quot;:&quot;&quot;,&quot;camera&quot;:&quot;&quot;,&quot;caption&quot;:&quot;&quot;,&quot;created_timestamp&quot;:&quot;0&quot;,&quot;copyright&quot;:&quot;&quot;,&quot;focal_length&quot;:&quot;0&quot;,&quot;iso&quot;:&quot;0&quot;,&quot;shutter_speed&quot;:&quot;0&quot;,&quot;title&quot;:&quot;&quot;,&quot;orientation&quot;:&quot;1&quot;}\" data-image-title=\"Gacetilla Cine Mercedes (1)\" data-image-description=\"\" data-image-caption=\"\" data-large-file=\"https:\/\/www.hoymercedes.com.ar\/principal\/wp-content\/uploads\/2023\/12\/Gacetilla-Cine-Mercedes-1.jpg\" src=\"https:\/\/www.hoymercedes.com.ar\/principal\/wp-content\/uploads\/2023\/12\/Gacetilla-Cine-Mercedes-1.jpg\" alt=\"\" class=\"wp-image-170432\" srcset=\"https:\/\/www.hoymercedes.com.ar\/principal\/wp-content\/uploads\/2023\/12\/Gacetilla-Cine-Mercedes-1.jpg 764w, https:\/\/www.hoymercedes.com.ar\/principal\/wp-content\/uploads\/2023\/12\/Gacetilla-Cine-Mercedes-1-592x620.jpg 592w, https:\/\/www.hoymercedes.com.ar\/principal\/wp-content\/uploads\/2023\/12\/Gacetilla-Cine-Mercedes-1-143x150.jpg 143w\" sizes=\"auto, (max-width: 764px) 100vw, 764px\" \/><\/figure>\n<\/div>\n\n\n<p>Sinopsis \u00abWonka\u00bb: Basada en el personaje que protagoniza &#8216;Charlie y la f\u00e1brica de chocolate&#8217;, el libro infantil m\u00e1s emblem\u00e1tico de Roald Dahl y uno de los m\u00e1s vendidos de todos los tiempos, &#8216;Wonka&#8217; cuenta la historia de c\u00f3mo el mayor inventor, mago y chocolatero del mundo se convirti\u00f3 en el querido Willy Wonka que conocemos hoy en d\u00eda, centr\u00e1ndose en los inicios del joven y de c\u00f3mo conoci\u00f3 a Oompa-Loompas en una de sus primeras aventuras. (FILMAFFINITY)<\/p>\n\n\n\n<p>Sinopsis \u00abMuchachos\u00bb: Pel\u00edcula sobre la fiesta m\u00e1s numerosa de la historia argentina, las celebraciones por el t\u00edtulo de la Selecci\u00f3n Argentina en el Mundial de F\u00fatbol Qatar 2022, una experiencia cinematogr\u00e1fica que a trav\u00e9s de videos obtenidos mediante la convocatoria a argentinos en todo el mundo y material in\u00e9dito con tomas de drones de los festejos y de la llegada de la Selecci\u00f3n, llevar\u00e1 al p\u00fablico a ese diciembre eterno donde las calles se ti\u00f1eron de celeste y blanco.<\/p>\n","protected":false},"excerpt":{"rendered":"<p>Desde este viernes 8 de diciembre, el Cine Mercedes est\u00e1 presentando dos de los estrenos m\u00e1s esperados del mes. Por &#8230; <a title=\"Wonka y Muchachos en el Cine Mercedes\" class=\"read-more\" href=\"https:\/\/www.hoymercedes.com.ar\/principal\/2023\/12\/08\/wonka-y-muchachos-en-el-cine-mercedes\/\" aria-label=\"Leer m\u00e1s sobre Wonka y Muchachos en el Cine Mercedes\">Leer m\u00e1s<\/a><\/p>\n","protected":false},"author":1,"featured_media":170433,"comment_status":"closed","ping_status":"open","sticky":false,"template":"","format":"standard","meta":{"_monsterinsights_skip_tracking":false,"_monsterinsights_sitenote_active":false,"_monsterinsights_sitenote_note":"","_monsterinsights_sitenote_category":0,"jetpack_post_was_ever_published":false,"_jetpack_newsletter_access":"","_jetpack_dont_email_post_to_subs":false,"_jetpack_newsletter_tier_id":0,"_jetpack_memberships_contains_paywalled_content":false,"_jetpack_memberships_contains_paid_content":false,"footnotes":"","jetpack_publicize_message":"","jetpack_publicize_feature_enabled":true,"jetpack_social_post_already_shared":true,"jetpack_social_options":{"image_generator_settings":{"template":"highway","default_image_id":0,"font":"","enabled":false},"version":2},"_wpas_customize_per_network":false},"categories":[104],"tags":[7805],"class_list":["post-170431","post","type-post","status-publish","format-standard","has-post-thumbnail","hentry","category-cultura","tag-cultura","generate-columns","tablet-grid-50","mobile-grid-100","grid-parent","grid-50"],"jetpack_publicize_connections":[],"jetpack_featured_media_url":"https:\/\/www.hoymercedes.com.ar\/principal\/wp-content\/uploads\/2023\/12\/muchachos-1.jpg","wps_subtitle":"","jetpack_sharing_enabled":true,"_links":{"self":[{"href":"https:\/\/www.hoymercedes.com.ar\/principal\/wp-json\/wp\/v2\/posts\/170431","targetHints":{"allow":["GET"]}}],"collection":[{"href":"https:\/\/www.hoymercedes.com.ar\/principal\/wp-json\/wp\/v2\/posts"}],"about":[{"href":"https:\/\/www.hoymercedes.com.ar\/principal\/wp-json\/wp\/v2\/types\/post"}],"author":[{"embeddable":true,"href":"https:\/\/www.hoymercedes.com.ar\/principal\/wp-json\/wp\/v2\/users\/1"}],"replies":[{"embeddable":true,"href":"https:\/\/www.hoymercedes.com.ar\/principal\/wp-json\/wp\/v2\/comments?post=170431"}],"version-history":[{"count":0,"href":"https:\/\/www.hoymercedes.com.ar\/principal\/wp-json\/wp\/v2\/posts\/170431\/revisions"}],"wp:featuredmedia":[{"embeddable":true,"href":"https:\/\/www.hoymercedes.com.ar\/principal\/wp-json\/wp\/v2\/media\/170433"}],"wp:attachment":[{"href":"https:\/\/www.hoymercedes.com.ar\/principal\/wp-json\/wp\/v2\/media?parent=170431"}],"wp:term":[{"taxonomy":"category","embeddable":true,"href":"https:\/\/www.hoymercedes.com.ar\/principal\/wp-json\/wp\/v2\/categories?post=170431"},{"taxonomy":"post_tag","embeddable":true,"href":"https:\/\/www.hoymercedes.com.ar\/principal\/wp-json\/wp\/v2\/tags?post=170431"}],"curies":[{"name":"wp","href":"https:\/\/api.w.org\/{rel}","templated":true}]}}