{"id":170469,"date":"2023-12-09T19:48:26","date_gmt":"2023-12-09T22:48:26","guid":{"rendered":"https:\/\/www.hoymercedes.com.ar\/principal\/?p=170469"},"modified":"2023-12-09T19:48:29","modified_gmt":"2023-12-09T22:48:29","slug":"calle-y-paseo-en-homenaje-a-lucas-fal","status":"publish","type":"post","link":"https:\/\/www.hoymercedes.com.ar\/principal\/2023\/12\/09\/calle-y-paseo-en-homenaje-a-lucas-fal\/","title":{"rendered":"Calle y paseo en homenaje a Lucas Fal"},"content":{"rendered":"\n<p>Durante la ma\u00f1ana de este s\u00e1bado 9 de diciembre, a pocas horas de celebrarse los 40 a\u00f1os de Democracia ininterrumpida en Argentina, en la plaza que est\u00e1 entre las principales estaciones de trenes y que se conoce como Paseo de la Juventud se oficializ\u00f3 la imposici\u00f3n de nombre a la calle en homenaje a Lucas Fal, dirigente de la Uni\u00f3n C\u00edvica Radical que falleci\u00f3 en 2016 luego de haber estado a 800 votos de diferencia para la Intendencia de Mercedes contra el actual Jefe Comunal en 2015. <\/p>\n\n\n\n<figure class=\"wp-block-gallery has-nested-images columns-default is-cropped wp-block-gallery-1 is-layout-flex wp-block-gallery-is-layout-flex\">\n<figure class=\"wp-block-image size-large\"><img loading=\"lazy\" decoding=\"async\" width=\"800\" height=\"533\" data-attachment-id=\"170470\" data-permalink=\"https:\/\/www.hoymercedes.com.ar\/principal\/2023\/12\/09\/calle-y-paseo-en-homenaje-a-lucas-fal\/pasaje-lucas-fal-6\/#main\" data-orig-file=\"https:\/\/www.hoymercedes.com.ar\/principal\/wp-content\/uploads\/2023\/12\/pasaje-lucas-fal-6.jpg\" data-orig-size=\"800,533\" data-comments-opened=\"0\" data-image-meta=\"{&quot;aperture&quot;:&quot;0&quot;,&quot;credit&quot;:&quot;&quot;,&quot;camera&quot;:&quot;&quot;,&quot;caption&quot;:&quot;&quot;,&quot;created_timestamp&quot;:&quot;1702120356&quot;,&quot;copyright&quot;:&quot;&quot;,&quot;focal_length&quot;:&quot;0&quot;,&quot;iso&quot;:&quot;0&quot;,&quot;shutter_speed&quot;:&quot;0&quot;,&quot;title&quot;:&quot;&quot;,&quot;orientation&quot;:&quot;0&quot;}\" data-image-title=\"pasaje lucas fal (6)\" data-image-description=\"\" data-image-caption=\"\" data-large-file=\"https:\/\/www.hoymercedes.com.ar\/principal\/wp-content\/uploads\/2023\/12\/pasaje-lucas-fal-6.jpg\" data-id=\"170470\" src=\"https:\/\/www.hoymercedes.com.ar\/principal\/wp-content\/uploads\/2023\/12\/pasaje-lucas-fal-6.jpg\" alt=\"\" class=\"wp-image-170470\" srcset=\"https:\/\/www.hoymercedes.com.ar\/principal\/wp-content\/uploads\/2023\/12\/pasaje-lucas-fal-6.jpg 800w, https:\/\/www.hoymercedes.com.ar\/principal\/wp-content\/uploads\/2023\/12\/pasaje-lucas-fal-6-630x420.jpg 630w, https:\/\/www.hoymercedes.com.ar\/principal\/wp-content\/uploads\/2023\/12\/pasaje-lucas-fal-6-150x100.jpg 150w, https:\/\/www.hoymercedes.com.ar\/principal\/wp-content\/uploads\/2023\/12\/pasaje-lucas-fal-6-700x465.jpg 700w\" sizes=\"auto, (max-width: 800px) 100vw, 800px\" \/><\/figure>\n\n\n\n<figure class=\"wp-block-image size-large\"><img loading=\"lazy\" decoding=\"async\" width=\"800\" height=\"533\" data-attachment-id=\"170475\" data-permalink=\"https:\/\/www.hoymercedes.com.ar\/principal\/2023\/12\/09\/calle-y-paseo-en-homenaje-a-lucas-fal\/pasaje-lucas-fal-7\/#main\" data-orig-file=\"https:\/\/www.hoymercedes.com.ar\/principal\/wp-content\/uploads\/2023\/12\/pasaje-lucas-fal-7.jpg\" data-orig-size=\"800,533\" data-comments-opened=\"0\" data-image-meta=\"{&quot;aperture&quot;:&quot;0&quot;,&quot;credit&quot;:&quot;&quot;,&quot;camera&quot;:&quot;&quot;,&quot;caption&quot;:&quot;&quot;,&quot;created_timestamp&quot;:&quot;1702120359&quot;,&quot;copyright&quot;:&quot;&quot;,&quot;focal_length&quot;:&quot;0&quot;,&quot;iso&quot;:&quot;0&quot;,&quot;shutter_speed&quot;:&quot;0&quot;,&quot;title&quot;:&quot;&quot;,&quot;orientation&quot;:&quot;0&quot;}\" data-image-title=\"pasaje lucas fal (7)\" data-image-description=\"\" data-image-caption=\"\" data-large-file=\"https:\/\/www.hoymercedes.com.ar\/principal\/wp-content\/uploads\/2023\/12\/pasaje-lucas-fal-7.jpg\" data-id=\"170475\" src=\"https:\/\/www.hoymercedes.com.ar\/principal\/wp-content\/uploads\/2023\/12\/pasaje-lucas-fal-7.jpg\" alt=\"\" class=\"wp-image-170475\" srcset=\"https:\/\/www.hoymercedes.com.ar\/principal\/wp-content\/uploads\/2023\/12\/pasaje-lucas-fal-7.jpg 800w, https:\/\/www.hoymercedes.com.ar\/principal\/wp-content\/uploads\/2023\/12\/pasaje-lucas-fal-7-630x420.jpg 630w, https:\/\/www.hoymercedes.com.ar\/principal\/wp-content\/uploads\/2023\/12\/pasaje-lucas-fal-7-150x100.jpg 150w, https:\/\/www.hoymercedes.com.ar\/principal\/wp-content\/uploads\/2023\/12\/pasaje-lucas-fal-7-700x465.jpg 700w\" sizes=\"auto, (max-width: 800px) 100vw, 800px\" \/><\/figure>\n\n\n\n<figure class=\"wp-block-image size-large\"><img loading=\"lazy\" decoding=\"async\" width=\"800\" height=\"533\" data-attachment-id=\"170477\" data-permalink=\"https:\/\/www.hoymercedes.com.ar\/principal\/2023\/12\/09\/calle-y-paseo-en-homenaje-a-lucas-fal\/pasaje-lucas-fal-2\/#main\" data-orig-file=\"https:\/\/www.hoymercedes.com.ar\/principal\/wp-content\/uploads\/2023\/12\/pasaje-lucas-fal-2.jpg\" data-orig-size=\"800,533\" data-comments-opened=\"0\" data-image-meta=\"{&quot;aperture&quot;:&quot;0&quot;,&quot;credit&quot;:&quot;&quot;,&quot;camera&quot;:&quot;&quot;,&quot;caption&quot;:&quot;&quot;,&quot;created_timestamp&quot;:&quot;1702120486&quot;,&quot;copyright&quot;:&quot;&quot;,&quot;focal_length&quot;:&quot;0&quot;,&quot;iso&quot;:&quot;0&quot;,&quot;shutter_speed&quot;:&quot;0&quot;,&quot;title&quot;:&quot;&quot;,&quot;orientation&quot;:&quot;0&quot;}\" data-image-title=\"pasaje lucas fal (2)\" data-image-description=\"\" data-image-caption=\"\" data-large-file=\"https:\/\/www.hoymercedes.com.ar\/principal\/wp-content\/uploads\/2023\/12\/pasaje-lucas-fal-2.jpg\" data-id=\"170477\" src=\"https:\/\/www.hoymercedes.com.ar\/principal\/wp-content\/uploads\/2023\/12\/pasaje-lucas-fal-2.jpg\" alt=\"\" class=\"wp-image-170477\" srcset=\"https:\/\/www.hoymercedes.com.ar\/principal\/wp-content\/uploads\/2023\/12\/pasaje-lucas-fal-2.jpg 800w, https:\/\/www.hoymercedes.com.ar\/principal\/wp-content\/uploads\/2023\/12\/pasaje-lucas-fal-2-630x420.jpg 630w, https:\/\/www.hoymercedes.com.ar\/principal\/wp-content\/uploads\/2023\/12\/pasaje-lucas-fal-2-150x100.jpg 150w, https:\/\/www.hoymercedes.com.ar\/principal\/wp-content\/uploads\/2023\/12\/pasaje-lucas-fal-2-700x465.jpg 700w\" sizes=\"auto, (max-width: 800px) 100vw, 800px\" \/><\/figure>\n<\/figure>\n\n\n\n<p>Promediando la ma\u00f1ana, familiares, amigos, colegas pol\u00edticos, referentes de la UCR y de otros partidos pol\u00edticos, vecinos, amigos de la familia de Lucas Fal se dieron cita en la calle 8 entre 17 y 29 para participar del acto que oficializ\u00f3 la denomincaci\u00f3n de ese pasaje con el nombre del joven pol\u00edtico fallecido a los 40 a\u00f1os en 2016. <\/p>\n\n\n\n<p>Joven pero con extensa e intensa trayectoria en la pol\u00edtica iniciada en el Centro de Estudiantes del Colegio Nacional en los primeros a\u00f1os de la d\u00e9cada del &#8217;90, luego como dirigente universitario en la Franja Morada de  Entre R\u00edos, donde estudi\u00f3 Bioingenier\u00eda, y dirigiendo la UCR Mercedes, ya de vuelta en la ciudad cuando su sue\u00f1o de llegar a la Intendencia se vio muy cerca en las elecciones de 2015, quedando a 800 votos del actual Jefe Comunal Juan Ignacio Ustarroz. Sue\u00f1os que se vieron truncados en abril de 2016, cuando siendo funcionario provincial fallece. <\/p>\n\n\n<div class=\"wp-block-image\">\n<figure class=\"aligncenter size-full\"><img loading=\"lazy\" decoding=\"async\" width=\"800\" height=\"533\" data-attachment-id=\"170472\" data-permalink=\"https:\/\/www.hoymercedes.com.ar\/principal\/2023\/12\/09\/calle-y-paseo-en-homenaje-a-lucas-fal\/pasaje-lucas-fal-3\/#main\" data-orig-file=\"https:\/\/www.hoymercedes.com.ar\/principal\/wp-content\/uploads\/2023\/12\/pasaje-lucas-fal-3.jpg\" data-orig-size=\"800,533\" data-comments-opened=\"0\" data-image-meta=\"{&quot;aperture&quot;:&quot;0&quot;,&quot;credit&quot;:&quot;&quot;,&quot;camera&quot;:&quot;&quot;,&quot;caption&quot;:&quot;&quot;,&quot;created_timestamp&quot;:&quot;1702118364&quot;,&quot;copyright&quot;:&quot;&quot;,&quot;focal_length&quot;:&quot;0&quot;,&quot;iso&quot;:&quot;0&quot;,&quot;shutter_speed&quot;:&quot;0&quot;,&quot;title&quot;:&quot;&quot;,&quot;orientation&quot;:&quot;0&quot;}\" data-image-title=\"pasaje lucas fal (3)\" data-image-description=\"\" data-image-caption=\"\" data-large-file=\"https:\/\/www.hoymercedes.com.ar\/principal\/wp-content\/uploads\/2023\/12\/pasaje-lucas-fal-3.jpg\" src=\"https:\/\/www.hoymercedes.com.ar\/principal\/wp-content\/uploads\/2023\/12\/pasaje-lucas-fal-3.jpg\" alt=\"\" class=\"wp-image-170472\" srcset=\"https:\/\/www.hoymercedes.com.ar\/principal\/wp-content\/uploads\/2023\/12\/pasaje-lucas-fal-3.jpg 800w, https:\/\/www.hoymercedes.com.ar\/principal\/wp-content\/uploads\/2023\/12\/pasaje-lucas-fal-3-630x420.jpg 630w, https:\/\/www.hoymercedes.com.ar\/principal\/wp-content\/uploads\/2023\/12\/pasaje-lucas-fal-3-150x100.jpg 150w, https:\/\/www.hoymercedes.com.ar\/principal\/wp-content\/uploads\/2023\/12\/pasaje-lucas-fal-3-700x465.jpg 700w\" sizes=\"auto, (max-width: 800px) 100vw, 800px\" \/><figcaption class=\"wp-element-caption\">Esteban Biagini, Concejal Mandato Cumplido, record\u00f3 los a\u00f1os de militancia junto a Fal cuando rearmaban la Juventud Radical de Mercedes. <\/figcaption><\/figure>\n<\/div>\n\n\n<p>La ordenanza municipal N\u00b0 8.925\/22 fue aprobada por unanimidad en el Concejo Deliberante el 24 de octubre de 2022. El autor de la ordenanza, Esteban Biagini, concejal mandato cumplido, tom\u00f3 la palabra ante los presentes y record\u00f3 los a\u00f1os compartidos con Lucas en el rearmado de la Juventud Radical de Mercedes. \u00abCasi 20 a\u00f1os nos separaban. Aprend\u00ed mucho de \u00e9l y cada d\u00eda lo recuerdo\u00bb , expres\u00f3 Biagini evocando los valores de Fal con la voz entrecortada por momentos. <\/p>\n\n\n\n<p>Luego, fue el momento de Marcelo Gouman, legislador de la ciudad de Buenos Aires hasta este s\u00e1bado, que destac\u00f3 los a\u00f1os de Lucas como universitario y dentro de Franja Morada. Siete hitos marc\u00f3 de Fal; los a\u00f1os de militancia en la Universidad de Entre R\u00edos, algunas an\u00e9cdotas de j\u00f3venes estudiantes, el inicio de su propia familia con Ileana, la militancia de adulto y su profesi\u00f3n, destacando tambi\u00e9n algunos de sus valores, proyectos, debates y pensamientos a reflejarse en la actualidad. <\/p>\n\n\n\n<figure class=\"wp-block-gallery has-nested-images columns-default is-cropped wp-block-gallery-2 is-layout-flex wp-block-gallery-is-layout-flex\">\n<figure class=\"wp-block-image size-large\"><img loading=\"lazy\" decoding=\"async\" width=\"800\" height=\"533\" data-attachment-id=\"170473\" data-permalink=\"https:\/\/www.hoymercedes.com.ar\/principal\/2023\/12\/09\/calle-y-paseo-en-homenaje-a-lucas-fal\/pasaje-lucas-fal-4\/#main\" data-orig-file=\"https:\/\/www.hoymercedes.com.ar\/principal\/wp-content\/uploads\/2023\/12\/pasaje-lucas-fal-4.jpg\" data-orig-size=\"800,533\" data-comments-opened=\"0\" data-image-meta=\"{&quot;aperture&quot;:&quot;0&quot;,&quot;credit&quot;:&quot;&quot;,&quot;camera&quot;:&quot;&quot;,&quot;caption&quot;:&quot;&quot;,&quot;created_timestamp&quot;:&quot;1702118649&quot;,&quot;copyright&quot;:&quot;&quot;,&quot;focal_length&quot;:&quot;0&quot;,&quot;iso&quot;:&quot;0&quot;,&quot;shutter_speed&quot;:&quot;0&quot;,&quot;title&quot;:&quot;&quot;,&quot;orientation&quot;:&quot;0&quot;}\" data-image-title=\"pasaje lucas fal (4)\" data-image-description=\"\" data-image-caption=\"\" data-large-file=\"https:\/\/www.hoymercedes.com.ar\/principal\/wp-content\/uploads\/2023\/12\/pasaje-lucas-fal-4.jpg\" data-id=\"170473\" src=\"https:\/\/www.hoymercedes.com.ar\/principal\/wp-content\/uploads\/2023\/12\/pasaje-lucas-fal-4.jpg\" alt=\"\" class=\"wp-image-170473\" srcset=\"https:\/\/www.hoymercedes.com.ar\/principal\/wp-content\/uploads\/2023\/12\/pasaje-lucas-fal-4.jpg 800w, https:\/\/www.hoymercedes.com.ar\/principal\/wp-content\/uploads\/2023\/12\/pasaje-lucas-fal-4-630x420.jpg 630w, https:\/\/www.hoymercedes.com.ar\/principal\/wp-content\/uploads\/2023\/12\/pasaje-lucas-fal-4-150x100.jpg 150w, https:\/\/www.hoymercedes.com.ar\/principal\/wp-content\/uploads\/2023\/12\/pasaje-lucas-fal-4-700x465.jpg 700w\" sizes=\"auto, (max-width: 800px) 100vw, 800px\" \/><\/figure>\n\n\n\n<figure class=\"wp-block-image size-large\"><img loading=\"lazy\" decoding=\"async\" width=\"800\" height=\"533\" data-attachment-id=\"170474\" data-permalink=\"https:\/\/www.hoymercedes.com.ar\/principal\/2023\/12\/09\/calle-y-paseo-en-homenaje-a-lucas-fal\/pasaje-lucas-fal-5\/#main\" data-orig-file=\"https:\/\/www.hoymercedes.com.ar\/principal\/wp-content\/uploads\/2023\/12\/pasaje-lucas-fal-5.jpg\" data-orig-size=\"800,533\" data-comments-opened=\"0\" data-image-meta=\"{&quot;aperture&quot;:&quot;0&quot;,&quot;credit&quot;:&quot;&quot;,&quot;camera&quot;:&quot;&quot;,&quot;caption&quot;:&quot;&quot;,&quot;created_timestamp&quot;:&quot;1702119673&quot;,&quot;copyright&quot;:&quot;&quot;,&quot;focal_length&quot;:&quot;0&quot;,&quot;iso&quot;:&quot;0&quot;,&quot;shutter_speed&quot;:&quot;0&quot;,&quot;title&quot;:&quot;&quot;,&quot;orientation&quot;:&quot;0&quot;}\" data-image-title=\"pasaje lucas fal (5)\" data-image-description=\"\" data-image-caption=\"\" data-large-file=\"https:\/\/www.hoymercedes.com.ar\/principal\/wp-content\/uploads\/2023\/12\/pasaje-lucas-fal-5.jpg\" data-id=\"170474\" src=\"https:\/\/www.hoymercedes.com.ar\/principal\/wp-content\/uploads\/2023\/12\/pasaje-lucas-fal-5.jpg\" alt=\"\" class=\"wp-image-170474\" srcset=\"https:\/\/www.hoymercedes.com.ar\/principal\/wp-content\/uploads\/2023\/12\/pasaje-lucas-fal-5.jpg 800w, https:\/\/www.hoymercedes.com.ar\/principal\/wp-content\/uploads\/2023\/12\/pasaje-lucas-fal-5-630x420.jpg 630w, https:\/\/www.hoymercedes.com.ar\/principal\/wp-content\/uploads\/2023\/12\/pasaje-lucas-fal-5-150x100.jpg 150w, https:\/\/www.hoymercedes.com.ar\/principal\/wp-content\/uploads\/2023\/12\/pasaje-lucas-fal-5-700x465.jpg 700w\" sizes=\"auto, (max-width: 800px) 100vw, 800px\" \/><\/figure>\n<\/figure>\n\n\n\n<p>A continuaci\u00f3n, el Intendente de Mercedes, Juan Ignacio Ustarroz, se dirigi\u00f3 a los presentes para hablar tambi\u00e9n de Lucas Fal con quien disput\u00f3 la intendencia en 2015. Destac\u00f3 la importancia de Fal como pol\u00edtico y su influencia en la sociedad y en varios proyectos como el Paseo de la Juventud, una de las propuestas de campa\u00f1a del radical en 2015. Tambi\u00e9n resalt\u00f3 la herencia de Lucas en sus hijos y en el orgullo que ellos tendr\u00e1n de un padre querido por la comunidad. <\/p>\n\n\n\n<p>Lel\u00e9 Falabella de Fal, madre de Lucas, fue la oradora que cerr\u00f3 el acto. En nombre de la familia, conmovida, agradeci\u00f3 a todos los que colaboraron con la realizaci\u00f3n del hito que recuerda al joven pol\u00edtico. Entre ellos destac\u00f3 a los autores del proyecto de la UCR Mercedes, en la cabeza de Biaggini, al Concejo Deliberante que aprob\u00f3 la propuesta en 2022, al Intendente Ustarroz que dispuso de los recursos municipales para la realizaci\u00f3n del hito y que la familia agradeci\u00f3 pero que prefiri\u00f3 realizar el hito ellos mismos y a quienes participaron de la idea del monolito, el dise\u00f1o y construcci\u00f3n con la ayuda de \u00abFernando, Esteban y H\u00e9ctor, tres amigos de la vida\u00bb. Tambi\u00e9n agradeci\u00f3 a los arquitectos Susana Camele y Luciano Longo. <\/p>\n\n\n<div class=\"wp-block-image\">\n<figure class=\"aligncenter size-full\"><img loading=\"lazy\" decoding=\"async\" width=\"800\" height=\"533\" data-attachment-id=\"170476\" data-permalink=\"https:\/\/www.hoymercedes.com.ar\/principal\/2023\/12\/09\/calle-y-paseo-en-homenaje-a-lucas-fal\/pasaje-lucas-fal-8\/#main\" data-orig-file=\"https:\/\/www.hoymercedes.com.ar\/principal\/wp-content\/uploads\/2023\/12\/pasaje-lucas-fal-8.jpg\" data-orig-size=\"800,533\" data-comments-opened=\"0\" data-image-meta=\"{&quot;aperture&quot;:&quot;0&quot;,&quot;credit&quot;:&quot;&quot;,&quot;camera&quot;:&quot;&quot;,&quot;caption&quot;:&quot;&quot;,&quot;created_timestamp&quot;:&quot;1702120415&quot;,&quot;copyright&quot;:&quot;&quot;,&quot;focal_length&quot;:&quot;0&quot;,&quot;iso&quot;:&quot;0&quot;,&quot;shutter_speed&quot;:&quot;0&quot;,&quot;title&quot;:&quot;&quot;,&quot;orientation&quot;:&quot;0&quot;}\" data-image-title=\"pasaje lucas fal (8)\" data-image-description=\"\" data-image-caption=\"\" data-large-file=\"https:\/\/www.hoymercedes.com.ar\/principal\/wp-content\/uploads\/2023\/12\/pasaje-lucas-fal-8.jpg\" src=\"https:\/\/www.hoymercedes.com.ar\/principal\/wp-content\/uploads\/2023\/12\/pasaje-lucas-fal-8.jpg\" alt=\"\" class=\"wp-image-170476\" srcset=\"https:\/\/www.hoymercedes.com.ar\/principal\/wp-content\/uploads\/2023\/12\/pasaje-lucas-fal-8.jpg 800w, https:\/\/www.hoymercedes.com.ar\/principal\/wp-content\/uploads\/2023\/12\/pasaje-lucas-fal-8-630x420.jpg 630w, https:\/\/www.hoymercedes.com.ar\/principal\/wp-content\/uploads\/2023\/12\/pasaje-lucas-fal-8-150x100.jpg 150w, https:\/\/www.hoymercedes.com.ar\/principal\/wp-content\/uploads\/2023\/12\/pasaje-lucas-fal-8-700x465.jpg 700w\" sizes=\"auto, (max-width: 800px) 100vw, 800px\" \/><\/figure>\n<\/div>\n\n\n<p>\u00abEl que bien lo conoc\u00eda, solo lo pod\u00eda amar a Lucas. No hab\u00eda otra posibilidad. Estoy muy feliz que sea una calle la que lleve el nombre de Lucas. La calle es circulaci\u00f3n, din\u00e1mica de vida. Tambi\u00e9n la calle, o el camino, es el destino. Me gust\u00f3 asociar a Lucas con el destino y el camino de la vida. Lucas desde muy chico fue pol\u00edtico, aunque no se di\u00f3 cuenta, inconcientemente todo lo que hac\u00eda, como organizar, provcar, generar. Cuando empez\u00f3 en el Centro de Estudiantes, no s\u00e9 si lo consider\u00f3 como algo que pesar\u00eda en su futuro. Sab\u00eda que le gustaba hacerlo y disfrutaba fiestas a beneficio de su colegio. En Entre R\u00edos, cuando conoce la pol\u00edtica en serio y la realidad en serio, tambi\u00e9n lo empieza a golpear. Es cuando se da cuenta que ese es su destino\u00bb, destac\u00f3 Lel\u00e9, quien tambi\u00e9n fue concejal en la ciudad de Mercedes. <\/p>\n\n\n\n<p>\u00abSab\u00eda que algo estaba a la espera. Lo que estaba a la espera era su ciudad. Quer\u00eda trabajar por Mercedes y en alg\u00fan momento abandon\u00f3 lo que ten\u00eda armado a nivel laboral y se dedic\u00f3 exclusivamente a la pol\u00edtica. Eso es elegir el camino, el camino que uno sabe que le corresponde. Por eso fue un hombre inmensamente feliz. Fue un hombre agradecido. Porque acept\u00f3 el desaf\u00edo de su destino. Sab\u00eda que el camino no era facil&#8230; Encima nos respalda otro camino, el tren. Este hito est\u00e1 rodeado de movimiento, de gente que va buscando su destino y de estudiantes que viajan a rendir examenes. Ojala que sea un buen augurio para alguno de los que suban al tren con alguna ilusi\u00f3n\u00bb, agreg\u00f3 la madre de Lucas Fal. <\/p>\n\n\n\n<p>Por otra parte, a los presentes le entregaron una publicaci\u00f3n con eleg\u00edas escritas por Celina Fal, por Atahualpa Mason, por Juan Pablo L\u00f3pez Baggio, un an\u00f3nimo y el cierre con la eleg\u00eda de Eduardo que destaca el \u00ab\u00faltimo acto de altruismo\u00bb de Lucas Fal al donar todos sus \u00f3rganos e \u00abirse vac\u00edo\u00bb. <\/p>\n\n\n\n<p>Por TeCleArte. <\/p>\n","protected":false},"excerpt":{"rendered":"<p>Durante la ma\u00f1ana de este s\u00e1bado 9 de diciembre, a pocas horas de celebrarse los 40 a\u00f1os de Democracia ininterrumpida &#8230; <a title=\"Calle y paseo en homenaje a Lucas Fal\" class=\"read-more\" href=\"https:\/\/www.hoymercedes.com.ar\/principal\/2023\/12\/09\/calle-y-paseo-en-homenaje-a-lucas-fal\/\" aria-label=\"Leer m\u00e1s sobre Calle y paseo en homenaje a Lucas Fal\">Leer m\u00e1s<\/a><\/p>\n","protected":false},"author":1,"featured_media":170471,"comment_status":"closed","ping_status":"open","sticky":false,"template":"","format":"standard","meta":{"_monsterinsights_skip_tracking":false,"_monsterinsights_sitenote_active":false,"_monsterinsights_sitenote_note":"","_monsterinsights_sitenote_category":0,"jetpack_post_was_ever_published":false,"_jetpack_newsletter_access":"","_jetpack_dont_email_post_to_subs":false,"_jetpack_newsletter_tier_id":0,"_jetpack_memberships_contains_paywalled_content":false,"_jetpack_memberships_contains_paid_content":false,"footnotes":"","jetpack_publicize_message":"","jetpack_publicize_feature_enabled":true,"jetpack_social_post_already_shared":true,"jetpack_social_options":{"image_generator_settings":{"template":"highway","default_image_id":0,"font":"","enabled":false},"version":2},"_wpas_customize_per_network":false},"categories":[8],"tags":[],"class_list":["post-170469","post","type-post","status-publish","format-standard","has-post-thumbnail","hentry","category-sociedad","generate-columns","tablet-grid-50","mobile-grid-100","grid-parent","grid-50"],"jetpack_publicize_connections":[],"jetpack_featured_media_url":"https:\/\/www.hoymercedes.com.ar\/principal\/wp-content\/uploads\/2023\/12\/pasaje-lucas-fal-1.jpg","wps_subtitle":"","jetpack_sharing_enabled":true,"_links":{"self":[{"href":"https:\/\/www.hoymercedes.com.ar\/principal\/wp-json\/wp\/v2\/posts\/170469","targetHints":{"allow":["GET"]}}],"collection":[{"href":"https:\/\/www.hoymercedes.com.ar\/principal\/wp-json\/wp\/v2\/posts"}],"about":[{"href":"https:\/\/www.hoymercedes.com.ar\/principal\/wp-json\/wp\/v2\/types\/post"}],"author":[{"embeddable":true,"href":"https:\/\/www.hoymercedes.com.ar\/principal\/wp-json\/wp\/v2\/users\/1"}],"replies":[{"embeddable":true,"href":"https:\/\/www.hoymercedes.com.ar\/principal\/wp-json\/wp\/v2\/comments?post=170469"}],"version-history":[{"count":0,"href":"https:\/\/www.hoymercedes.com.ar\/principal\/wp-json\/wp\/v2\/posts\/170469\/revisions"}],"wp:featuredmedia":[{"embeddable":true,"href":"https:\/\/www.hoymercedes.com.ar\/principal\/wp-json\/wp\/v2\/media\/170471"}],"wp:attachment":[{"href":"https:\/\/www.hoymercedes.com.ar\/principal\/wp-json\/wp\/v2\/media?parent=170469"}],"wp:term":[{"taxonomy":"category","embeddable":true,"href":"https:\/\/www.hoymercedes.com.ar\/principal\/wp-json\/wp\/v2\/categories?post=170469"},{"taxonomy":"post_tag","embeddable":true,"href":"https:\/\/www.hoymercedes.com.ar\/principal\/wp-json\/wp\/v2\/tags?post=170469"}],"curies":[{"name":"wp","href":"https:\/\/api.w.org\/{rel}","templated":true}]}}