{"id":170511,"date":"2023-12-10T17:40:00","date_gmt":"2023-12-10T20:40:00","guid":{"rendered":"https:\/\/www.hoymercedes.com.ar\/principal\/?p=170511"},"modified":"2023-12-10T16:49:26","modified_gmt":"2023-12-10T19:49:26","slug":"tenis-felipe-rivero-se-llevo-el-ultimo-de-la-categoria-c","status":"publish","type":"post","link":"https:\/\/www.hoymercedes.com.ar\/principal\/2023\/12\/10\/tenis-felipe-rivero-se-llevo-el-ultimo-de-la-categoria-c\/","title":{"rendered":"Tenis: Felipe Rivero se llev\u00f3 el \u00faltimo de la categor\u00eda \u00abC\u00bb"},"content":{"rendered":"\n<p>Felipe Rivero y  Miqueas Ascani fueron los dos finalistas de la competencia de la categor\u00eda C en Tenis. Ambos finalistas demostraron un gran nivel, pero Rivero logr\u00f3 consagrarse como nuevo campe\u00f3n. Por otro lado, el campe\u00f3n lleg\u00f3 al partido decisivo tras derrotar 4-2 a Mat\u00edas Re en semifinales, mientras que Ascani se hab\u00eda impuesto ante Joaqu\u00edn Trevisan por 4-3.<\/p>\n\n\n\n<p>El certamen realizado por Alan Demattei, correspondiente al calendario anual de internos de las escuelas de tenis del Club Mercedes y la Liga de Padres, cont\u00f3 con la participaci\u00f3n de 12 jugadores. Todos fueron divididos en tres grupos de cuatro clasificando a los dos primeros de cada grupo m\u00e1s los dos mejores terceros<\/p>\n\n\n\n<p>Cuartos de final:<br>_Miqueas Ascani 4-1 a Marcos Masciocchi<br>_Joaqu\u00edn Trevisan 4-0 a Marco Luppi<br>_Mat\u00edas Re 4-0 a Pedro Veppo<br>_Felipe Rivero 4-3 a Manuel Cinto<\/p>\n\n\n\n<p>Semifinales:<br>_Miqueas Ascani 4\/3 a Joaqu\u00edn Trevisan<br>_Felipe Rivero 4\/3 a Mat\u00edas Re<\/p>\n\n\n\n<p>Final:<br>_Felipe Rivero 4\/3 a Miqueas Ascani<\/p>\n","protected":false},"excerpt":{"rendered":"<p>Felipe Rivero y Miqueas Ascani fueron los dos finalistas de la competencia de la categor\u00eda C en Tenis. Ambos finalistas &#8230; <a title=\"Tenis: Felipe Rivero se llev\u00f3 el \u00faltimo de la categor\u00eda \u00abC\u00bb\" class=\"read-more\" href=\"https:\/\/www.hoymercedes.com.ar\/principal\/2023\/12\/10\/tenis-felipe-rivero-se-llevo-el-ultimo-de-la-categoria-c\/\" aria-label=\"Leer m\u00e1s sobre Tenis: Felipe Rivero se llev\u00f3 el \u00faltimo de la categor\u00eda \u00abC\u00bb\">Leer m\u00e1s<\/a><\/p>\n","protected":false},"author":1,"featured_media":170512,"comment_status":"closed","ping_status":"open","sticky":false,"template":"","format":"standard","meta":{"_monsterinsights_skip_tracking":false,"_monsterinsights_sitenote_active":false,"_monsterinsights_sitenote_note":"","_monsterinsights_sitenote_category":0,"jetpack_post_was_ever_published":false,"_jetpack_newsletter_access":"","_jetpack_dont_email_post_to_subs":false,"_jetpack_newsletter_tier_id":0,"_jetpack_memberships_contains_paywalled_content":false,"_jetpack_memberships_contains_paid_content":false,"footnotes":"","jetpack_publicize_message":"","jetpack_publicize_feature_enabled":true,"jetpack_social_post_already_shared":true,"jetpack_social_options":{"image_generator_settings":{"template":"highway","default_image_id":0,"font":"","enabled":false},"version":2},"_wpas_customize_per_network":false},"categories":[21],"tags":[204],"class_list":["post-170511","post","type-post","status-publish","format-standard","has-post-thumbnail","hentry","category-deportes","tag-deportes-2","generate-columns","tablet-grid-50","mobile-grid-100","grid-parent","grid-50"],"jetpack_publicize_connections":[],"jetpack_featured_media_url":"https:\/\/www.hoymercedes.com.ar\/principal\/wp-content\/uploads\/2023\/12\/IMG-20231209-WA0097.jpg","wps_subtitle":"","jetpack_sharing_enabled":true,"_links":{"self":[{"href":"https:\/\/www.hoymercedes.com.ar\/principal\/wp-json\/wp\/v2\/posts\/170511","targetHints":{"allow":["GET"]}}],"collection":[{"href":"https:\/\/www.hoymercedes.com.ar\/principal\/wp-json\/wp\/v2\/posts"}],"about":[{"href":"https:\/\/www.hoymercedes.com.ar\/principal\/wp-json\/wp\/v2\/types\/post"}],"author":[{"embeddable":true,"href":"https:\/\/www.hoymercedes.com.ar\/principal\/wp-json\/wp\/v2\/users\/1"}],"replies":[{"embeddable":true,"href":"https:\/\/www.hoymercedes.com.ar\/principal\/wp-json\/wp\/v2\/comments?post=170511"}],"version-history":[{"count":0,"href":"https:\/\/www.hoymercedes.com.ar\/principal\/wp-json\/wp\/v2\/posts\/170511\/revisions"}],"wp:featuredmedia":[{"embeddable":true,"href":"https:\/\/www.hoymercedes.com.ar\/principal\/wp-json\/wp\/v2\/media\/170512"}],"wp:attachment":[{"href":"https:\/\/www.hoymercedes.com.ar\/principal\/wp-json\/wp\/v2\/media?parent=170511"}],"wp:term":[{"taxonomy":"category","embeddable":true,"href":"https:\/\/www.hoymercedes.com.ar\/principal\/wp-json\/wp\/v2\/categories?post=170511"},{"taxonomy":"post_tag","embeddable":true,"href":"https:\/\/www.hoymercedes.com.ar\/principal\/wp-json\/wp\/v2\/tags?post=170511"}],"curies":[{"name":"wp","href":"https:\/\/api.w.org\/{rel}","templated":true}]}}