{"id":170540,"date":"2023-12-11T15:32:53","date_gmt":"2023-12-11T18:32:53","guid":{"rendered":"https:\/\/www.hoymercedes.com.ar\/principal\/?p=170540"},"modified":"2023-12-11T15:35:03","modified_gmt":"2023-12-11T18:35:03","slug":"mancini-asumio-como-intendente-de-suipacha","status":"publish","type":"post","link":"https:\/\/www.hoymercedes.com.ar\/principal\/2023\/12\/11\/mancini-asumio-como-intendente-de-suipacha\/","title":{"rendered":"Mancini asumi\u00f3 como intendente de Suipacha"},"content":{"rendered":"\n<figure class=\"wp-block-image size-full\"><img loading=\"lazy\" decoding=\"async\" width=\"960\" height=\"640\" data-attachment-id=\"170541\" data-permalink=\"https:\/\/www.hoymercedes.com.ar\/principal\/2023\/12\/11\/mancini-asumio-como-intendente-de-suipacha\/mancini-asume-2023-1\/#main\" data-orig-file=\"https:\/\/www.hoymercedes.com.ar\/principal\/wp-content\/uploads\/2023\/12\/Mancini-Asume-2023-1.jpeg\" data-orig-size=\"960,640\" data-comments-opened=\"0\" data-image-meta=\"{&quot;aperture&quot;:&quot;0&quot;,&quot;credit&quot;:&quot;&quot;,&quot;camera&quot;:&quot;&quot;,&quot;caption&quot;:&quot;&quot;,&quot;created_timestamp&quot;:&quot;0&quot;,&quot;copyright&quot;:&quot;&quot;,&quot;focal_length&quot;:&quot;0&quot;,&quot;iso&quot;:&quot;0&quot;,&quot;shutter_speed&quot;:&quot;0&quot;,&quot;title&quot;:&quot;&quot;,&quot;orientation&quot;:&quot;0&quot;}\" data-image-title=\"Mancini-Asume-2023-1\" data-image-description=\"\" data-image-caption=\"\" data-large-file=\"https:\/\/www.hoymercedes.com.ar\/principal\/wp-content\/uploads\/2023\/12\/Mancini-Asume-2023-1.jpeg\" src=\"https:\/\/www.hoymercedes.com.ar\/principal\/wp-content\/uploads\/2023\/12\/Mancini-Asume-2023-1.jpeg\" alt=\"\" class=\"wp-image-170541\" srcset=\"https:\/\/www.hoymercedes.com.ar\/principal\/wp-content\/uploads\/2023\/12\/Mancini-Asume-2023-1.jpeg 960w, https:\/\/www.hoymercedes.com.ar\/principal\/wp-content\/uploads\/2023\/12\/Mancini-Asume-2023-1-630x420.jpeg 630w, https:\/\/www.hoymercedes.com.ar\/principal\/wp-content\/uploads\/2023\/12\/Mancini-Asume-2023-1-150x100.jpeg 150w\" sizes=\"auto, (max-width: 960px) 100vw, 960px\" \/><\/figure>\n\n\n\n<p>Desde este domingo por la noche ya est\u00e1 en funciones. Muchos vecinos y vecinas acompa\u00f1aron el acto. Se comprometi\u00f3 a trabajar duro y afirm\u00f3 que la situaci\u00f3n financiera del municipio es complicada.<\/p>\n\n\n\n<p>La presidenta del Concejo Deliberante Bel\u00e9n Morales le tom\u00f3 juramento como intendente a Juan Luis Mancini, a quien la voluntad popular de los vecinos y vecinas de Suipacha lo hab\u00eda erigido como futuro primer mandatario de la ciudad.<br>Muchos vecinos y vecinas se acercaron a la puerta de la Municipalidad, que cont\u00f3 adem\u00e1s con la presencia del intendente de Luj\u00e1n Leonardo Boto y otros funcionarios provinciales. El saliente intendente Alejandro Federico tambi\u00e9n estuvo presente y se qued\u00f3 hasta el final del acto.<\/p>\n\n\n\n<p><br>A la hora de dirigirse a los presentes Juan Luis Mancini destac\u00f3 el apoyo recibido por la sociedad e inst\u00f3 a trabajar por todos y todas los vecinos. \u201cQueremos lograr y consolidar en Suipacha y General Rivas \u201cUn pueblo unido que sea capaz de brindarle a cada vecino y vecina su oportunidad de desarrollo. Logramos en el tiempo conformar equipos de trabajo con base en la idoneidad de sus integrantes y en su voluntad de involucrarse, sincera y honestamente, en causas que buscan mejorar la calidad de vida y las oportunidades que merecen nuestro vecinos y vecinas. De ellos surgen funcionarios y funcionarias, dispuestos a trabajar incansablemente buscando que su tarea sea de utilidad y atienda las demandas de nuestro pueblo. Adem\u00e1s, conformamos un equipo de gobierno donde nos vamos a exigir constantemente: Responsabilidad, esfuerzo, humildad, honestidad, visi\u00f3n de futuro, m\u00e9todo y aprecio por la funci\u00f3n p\u00fablica y hacia nuestra comunidad\u201d, cont\u00f3.<\/p>\n\n\n\n<figure class=\"wp-block-image size-large\"><img loading=\"lazy\" decoding=\"async\" width=\"1024\" height=\"683\" data-attachment-id=\"170542\" data-permalink=\"https:\/\/www.hoymercedes.com.ar\/principal\/2023\/12\/11\/mancini-asumio-como-intendente-de-suipacha\/mancini-asume-2023-2\/#main\" data-orig-file=\"https:\/\/www.hoymercedes.com.ar\/principal\/wp-content\/uploads\/2023\/12\/Mancini-Asume-2023-2.jpeg\" data-orig-size=\"1296,864\" data-comments-opened=\"0\" data-image-meta=\"{&quot;aperture&quot;:&quot;0&quot;,&quot;credit&quot;:&quot;&quot;,&quot;camera&quot;:&quot;&quot;,&quot;caption&quot;:&quot;&quot;,&quot;created_timestamp&quot;:&quot;0&quot;,&quot;copyright&quot;:&quot;&quot;,&quot;focal_length&quot;:&quot;0&quot;,&quot;iso&quot;:&quot;0&quot;,&quot;shutter_speed&quot;:&quot;0&quot;,&quot;title&quot;:&quot;&quot;,&quot;orientation&quot;:&quot;0&quot;}\" data-image-title=\"Mancini-Asume-2023-2\" data-image-description=\"\" data-image-caption=\"\" data-large-file=\"https:\/\/www.hoymercedes.com.ar\/principal\/wp-content\/uploads\/2023\/12\/Mancini-Asume-2023-2-1024x683.jpeg\" src=\"https:\/\/www.hoymercedes.com.ar\/principal\/wp-content\/uploads\/2023\/12\/Mancini-Asume-2023-2-1024x683.jpeg\" alt=\"\" class=\"wp-image-170542\" srcset=\"https:\/\/www.hoymercedes.com.ar\/principal\/wp-content\/uploads\/2023\/12\/Mancini-Asume-2023-2-1024x683.jpeg 1024w, https:\/\/www.hoymercedes.com.ar\/principal\/wp-content\/uploads\/2023\/12\/Mancini-Asume-2023-2-630x420.jpeg 630w, https:\/\/www.hoymercedes.com.ar\/principal\/wp-content\/uploads\/2023\/12\/Mancini-Asume-2023-2-150x100.jpeg 150w, https:\/\/www.hoymercedes.com.ar\/principal\/wp-content\/uploads\/2023\/12\/Mancini-Asume-2023-2.jpeg 1296w\" sizes=\"auto, (max-width: 1024px) 100vw, 1024px\" \/><\/figure>\n\n\n\n<p><br>Adem\u00e1s, Mancini se tom\u00f3 unos minutos para detallar la situaci\u00f3n econ\u00f3mica y financiera en la que se encuentran las arcas municipales. \u201cSabemos que nos encontramos con una compleja situaci\u00f3n econ\u00f3mica financiera en la municipalidad: deuda con proveedores; ca\u00edda abrupta y constante durante los \u00faltimos 5 a\u00f1os del Coeficiente \u00danico de Distribuci\u00f3n (CUD), que es el que define cuales son nuestros ingresos por coparticipaci\u00f3n. Fondos que env\u00eda la provincia y de libre disponibilidad para hacer frente a los compromisos asumidos. Estos fondos, adem\u00e1s, en constante ca\u00edda, a ra\u00edz de la falta de estad\u00edsticas de la gesti\u00f3n saliente, representan el 85% de los recursos de la comunidad. Y una masa salarial que representa el 70% del presupuesto municipal. Sin contar los contratados y los vecinos y vecinas que se encuentran brindando servicios a la municipalidad bajo la modalidad del Programa de Entrenamiento Ocupacional (PEO)\u201d, dijo Mancini en su discurso.<br>Ya sobre el final llegaron los saludos y las interminables fotos con los vecinos y vecinas que se acercaron hasta la plaza principal y que le dieron un gran marco a esta fiesta democr\u00e1tica.<\/p>\n","protected":false},"excerpt":{"rendered":"<p>Desde este domingo por la noche ya est\u00e1 en funciones. Muchos vecinos y vecinas acompa\u00f1aron el acto. Se comprometi\u00f3 a &#8230; <a title=\"Mancini asumi\u00f3 como intendente de Suipacha\" class=\"read-more\" href=\"https:\/\/www.hoymercedes.com.ar\/principal\/2023\/12\/11\/mancini-asumio-como-intendente-de-suipacha\/\" aria-label=\"Leer m\u00e1s sobre Mancini asumi\u00f3 como intendente de Suipacha\">Leer m\u00e1s<\/a><\/p>\n","protected":false},"author":1,"featured_media":170541,"comment_status":"closed","ping_status":"open","sticky":false,"template":"","format":"standard","meta":{"_monsterinsights_skip_tracking":false,"_monsterinsights_sitenote_active":false,"_monsterinsights_sitenote_note":"","_monsterinsights_sitenote_category":0,"jetpack_post_was_ever_published":false,"_jetpack_newsletter_access":"","_jetpack_dont_email_post_to_subs":false,"_jetpack_newsletter_tier_id":0,"_jetpack_memberships_contains_paywalled_content":false,"_jetpack_memberships_contains_paid_content":false,"footnotes":"","jetpack_publicize_message":"","jetpack_publicize_feature_enabled":true,"jetpack_social_post_already_shared":true,"jetpack_social_options":{"image_generator_settings":{"template":"highway","default_image_id":0,"font":"","enabled":false},"version":2},"_wpas_customize_per_network":false},"categories":[8],"tags":[18442,559],"class_list":["post-170540","post","type-post","status-publish","format-standard","has-post-thumbnail","hentry","category-sociedad","tag-juan-luis-mancini","tag-suipacha","generate-columns","tablet-grid-50","mobile-grid-100","grid-parent","grid-50"],"jetpack_publicize_connections":[],"jetpack_featured_media_url":"https:\/\/www.hoymercedes.com.ar\/principal\/wp-content\/uploads\/2023\/12\/Mancini-Asume-2023-1.jpeg","wps_subtitle":"Intendentes de la regi\u00f3n ","jetpack_sharing_enabled":true,"_links":{"self":[{"href":"https:\/\/www.hoymercedes.com.ar\/principal\/wp-json\/wp\/v2\/posts\/170540","targetHints":{"allow":["GET"]}}],"collection":[{"href":"https:\/\/www.hoymercedes.com.ar\/principal\/wp-json\/wp\/v2\/posts"}],"about":[{"href":"https:\/\/www.hoymercedes.com.ar\/principal\/wp-json\/wp\/v2\/types\/post"}],"author":[{"embeddable":true,"href":"https:\/\/www.hoymercedes.com.ar\/principal\/wp-json\/wp\/v2\/users\/1"}],"replies":[{"embeddable":true,"href":"https:\/\/www.hoymercedes.com.ar\/principal\/wp-json\/wp\/v2\/comments?post=170540"}],"version-history":[{"count":0,"href":"https:\/\/www.hoymercedes.com.ar\/principal\/wp-json\/wp\/v2\/posts\/170540\/revisions"}],"wp:featuredmedia":[{"embeddable":true,"href":"https:\/\/www.hoymercedes.com.ar\/principal\/wp-json\/wp\/v2\/media\/170541"}],"wp:attachment":[{"href":"https:\/\/www.hoymercedes.com.ar\/principal\/wp-json\/wp\/v2\/media?parent=170540"}],"wp:term":[{"taxonomy":"category","embeddable":true,"href":"https:\/\/www.hoymercedes.com.ar\/principal\/wp-json\/wp\/v2\/categories?post=170540"},{"taxonomy":"post_tag","embeddable":true,"href":"https:\/\/www.hoymercedes.com.ar\/principal\/wp-json\/wp\/v2\/tags?post=170540"}],"curies":[{"name":"wp","href":"https:\/\/api.w.org\/{rel}","templated":true}]}}