{"id":170548,"date":"2023-12-11T17:47:32","date_gmt":"2023-12-11T20:47:32","guid":{"rendered":"https:\/\/www.hoymercedes.com.ar\/principal\/?p=170548"},"modified":"2023-12-11T18:35:30","modified_gmt":"2023-12-11T21:35:30","slug":"hcd-se-despidieron-los-concejales-2019-2023","status":"publish","type":"post","link":"https:\/\/www.hoymercedes.com.ar\/principal\/2023\/12\/11\/hcd-se-despidieron-los-concejales-2019-2023\/","title":{"rendered":"HCD: se despidieron los Concejales 2019 &#8211; 2023"},"content":{"rendered":"\n<p>Durante la ma\u00f1ana de este lunes, los Concejales que iniciaron su labor en una banca dentro del Concejo Deliberante de Mercedes en diciembre de 2019 se despidieron de la tarea p\u00fablica. Los vecinos que terminaron su mandato legislativos son: Aldana Ch\u00e1vez, Mat\u00edas Dematei, Clauda Fraile, Carlos Garro, Edgardo Killmeatte, Carlos Mosso y Nora Ortubia. En tanto, Andrea Bozzini y Juli\u00e1n Inzaurgarat renovaron su mandato por cuatro a\u00f1os m\u00e1s. Por su parte, la concejal Evangelina Cabral termin\u00f3 la presidencia del cuerpo. <\/p>\n\n\n<div class=\"wp-block-image\">\n<figure class=\"aligncenter size-full\"><img loading=\"lazy\" decoding=\"async\" width=\"800\" height=\"533\" data-attachment-id=\"170550\" data-permalink=\"https:\/\/www.hoymercedes.com.ar\/principal\/2023\/12\/11\/hcd-se-despidieron-los-concejales-2019-2023\/concejo-2021-2023\/#main\" data-orig-file=\"https:\/\/www.hoymercedes.com.ar\/principal\/wp-content\/uploads\/2023\/12\/Concejo-2021-2023.jpg\" data-orig-size=\"800,533\" data-comments-opened=\"0\" data-image-meta=\"{&quot;aperture&quot;:&quot;0&quot;,&quot;credit&quot;:&quot;&quot;,&quot;camera&quot;:&quot;&quot;,&quot;caption&quot;:&quot;&quot;,&quot;created_timestamp&quot;:&quot;0&quot;,&quot;copyright&quot;:&quot;&quot;,&quot;focal_length&quot;:&quot;0&quot;,&quot;iso&quot;:&quot;0&quot;,&quot;shutter_speed&quot;:&quot;0&quot;,&quot;title&quot;:&quot;&quot;,&quot;orientation&quot;:&quot;0&quot;}\" data-image-title=\"Concejo 2021-2023\" data-image-description=\"\" data-image-caption=\"\" data-large-file=\"https:\/\/www.hoymercedes.com.ar\/principal\/wp-content\/uploads\/2023\/12\/Concejo-2021-2023.jpg\" src=\"https:\/\/www.hoymercedes.com.ar\/principal\/wp-content\/uploads\/2023\/12\/Concejo-2021-2023.jpg\" alt=\"\" class=\"wp-image-170550\" srcset=\"https:\/\/www.hoymercedes.com.ar\/principal\/wp-content\/uploads\/2023\/12\/Concejo-2021-2023.jpg 800w, https:\/\/www.hoymercedes.com.ar\/principal\/wp-content\/uploads\/2023\/12\/Concejo-2021-2023-630x420.jpg 630w, https:\/\/www.hoymercedes.com.ar\/principal\/wp-content\/uploads\/2023\/12\/Concejo-2021-2023-150x100.jpg 150w, https:\/\/www.hoymercedes.com.ar\/principal\/wp-content\/uploads\/2023\/12\/Concejo-2021-2023-700x465.jpg 700w\" sizes=\"auto, (max-width: 800px) 100vw, 800px\" \/><\/figure>\n<\/div>\n\n\n<p>El recinto del Concejo Deliberante se colm\u00f3 de familias, amigos y vecinos que se hicieron presentes por la sesi\u00f3n extraordinaria de despedida de los Concejales que llevaron adelante su mandato entre 2019 y 2023.<\/p>\n\n\n\n<p>El primero en tomar la palabra fue Carlos \u00abCacho\u00bb Garro. Agradeci\u00f3 a la agrupaci\u00f3n Casa Joven que lo llev\u00f3 a la ocupaci\u00f3n de su banca y al intendente municipal Juan Ustarroz a quien remplaz\u00f3 en algunas oportunidades como intendente interino. Luego hablaron Edgar Killmeate que entre otros agradecimientos nombr\u00f3 a Lucas Fal y a la UCR que lo convoc\u00f3 para estar en la lista de 2015 y que hicieron que estuviese dos per\u00edodos, y Nora Ortubia de Juntos por el Cambio que resalt\u00f3 el acompa\u00f1amiento de su familia y record\u00f3 los momentos vividos durante la pandemia, as\u00ed como agradeci\u00f3 a Juan Carlos Ben\u00edtez que le propuso integrar la lista en 2019. <\/p>\n\n\n\n<p>Por su parte, Aldana Ch\u00e1ves, del Frente de Todos, agradeci\u00f3 a la militancia del Movimiento Evita por acompa\u00f1ar su representaci\u00f3n. Mientras que Claudia Fraile resalt\u00f3 el acompa\u00f1amiento de los trabajadores del Concejo Deliberante, as\u00ed como destacar algunos de los proyectos y programas llevados adelante por el cuerpo que solicit\u00f3 continuar. En tanto, Carlos Mosso, hizo un racconto de distintas situaciones, para luego resaltar y agradecer al Dr. Ses\u00f3n Comesa\u00f1a que renunci\u00f3 a su banca hace un par de a\u00f1os para abocarse plenamente a su tarea sanitaria para afrontar las consecuencias de la pandemia por covid. <\/p>\n\n\n\n<p>Finalmente, tomaron la palabra los dos concejales que terminan un per\u00edodo legislativo y que luego renovaron su juramento: Andrea Bozzini y Juli\u00e1n Inzaurgarat. Por su parte, la Secretaria Yolanda Gorocito ley\u00f3 un mensaje enviado por Mat\u00edas Dematei, \u00abausente por cuestiones laborales\u00bb. <\/p>\n\n\n\n<p>Evangelina Cabral, contin\u00faa con su labor legislativa por dos a\u00f1os m\u00e1s. Sin embargo, la sesi\u00f3n extraordinaria del lunes a la ma\u00f1ana estuvo presidida por ella y por lo tanto, agradeci\u00f3 el acompa\u00f1amiento de los concejales y el equipo de trabajo del HCD, a lo que sum\u00f3 un pedido de disculpas por \u00absu intensidad\u00bb para concretar proyectos como muestras, conciertos, reconocimientos, actualizaci\u00f3n del sitio web y redes, y actividades con j\u00f3venes estudiantes, entre algunas de las actividades realizadas por el Concejo Deliberante de Mercedes en estos \u00faltimos dos a\u00f1os. <\/p>\n\n\n\n<p>VIDEO: Despedida Concejales 2019-2023 y Jura de Concejales 2023-2027<\/p>\n\n\n\n<figure class=\"wp-block-embed is-type-video is-provider-youtube wp-block-embed-youtube wp-embed-aspect-4-3 wp-has-aspect-ratio\"><div class=\"wp-block-embed__wrapper\">\n<iframe loading=\"lazy\" title=\"HCD de Mercedes\" width=\"1200\" height=\"900\" src=\"https:\/\/www.youtube.com\/embed\/W4P_F6im1eA?feature=oembed\" frameborder=\"0\" allow=\"accelerometer; autoplay; clipboard-write; encrypted-media; gyroscope; picture-in-picture; web-share\" allowfullscreen><\/iframe>\n<\/div><\/figure>\n","protected":false},"excerpt":{"rendered":"<p>Durante la ma\u00f1ana de este lunes, los Concejales que iniciaron su labor en una banca dentro del Concejo Deliberante de &#8230; <a title=\"HCD: se despidieron los Concejales 2019 &#8211; 2023\" class=\"read-more\" href=\"https:\/\/www.hoymercedes.com.ar\/principal\/2023\/12\/11\/hcd-se-despidieron-los-concejales-2019-2023\/\" aria-label=\"Leer m\u00e1s sobre HCD: se despidieron los Concejales 2019 &#8211; 2023\">Leer m\u00e1s<\/a><\/p>\n","protected":false},"author":1,"featured_media":170549,"comment_status":"closed","ping_status":"open","sticky":false,"template":"","format":"standard","meta":{"_monsterinsights_skip_tracking":false,"_monsterinsights_sitenote_active":false,"_monsterinsights_sitenote_note":"","_monsterinsights_sitenote_category":0,"jetpack_post_was_ever_published":false,"_jetpack_newsletter_access":"","_jetpack_dont_email_post_to_subs":false,"_jetpack_newsletter_tier_id":0,"_jetpack_memberships_contains_paywalled_content":false,"_jetpack_memberships_contains_paid_content":false,"footnotes":"","jetpack_publicize_message":"","jetpack_publicize_feature_enabled":true,"jetpack_social_post_already_shared":true,"jetpack_social_options":{"image_generator_settings":{"template":"highway","default_image_id":0,"font":"","enabled":false},"version":2},"_wpas_customize_per_network":false},"categories":[8],"tags":[],"class_list":["post-170548","post","type-post","status-publish","format-standard","has-post-thumbnail","hentry","category-sociedad","generate-columns","tablet-grid-50","mobile-grid-100","grid-parent","grid-50"],"jetpack_publicize_connections":[],"jetpack_featured_media_url":"https:\/\/www.hoymercedes.com.ar\/principal\/wp-content\/uploads\/2023\/12\/Concejales-2019-2023.jpg","wps_subtitle":"","jetpack_sharing_enabled":true,"_links":{"self":[{"href":"https:\/\/www.hoymercedes.com.ar\/principal\/wp-json\/wp\/v2\/posts\/170548","targetHints":{"allow":["GET"]}}],"collection":[{"href":"https:\/\/www.hoymercedes.com.ar\/principal\/wp-json\/wp\/v2\/posts"}],"about":[{"href":"https:\/\/www.hoymercedes.com.ar\/principal\/wp-json\/wp\/v2\/types\/post"}],"author":[{"embeddable":true,"href":"https:\/\/www.hoymercedes.com.ar\/principal\/wp-json\/wp\/v2\/users\/1"}],"replies":[{"embeddable":true,"href":"https:\/\/www.hoymercedes.com.ar\/principal\/wp-json\/wp\/v2\/comments?post=170548"}],"version-history":[{"count":0,"href":"https:\/\/www.hoymercedes.com.ar\/principal\/wp-json\/wp\/v2\/posts\/170548\/revisions"}],"wp:featuredmedia":[{"embeddable":true,"href":"https:\/\/www.hoymercedes.com.ar\/principal\/wp-json\/wp\/v2\/media\/170549"}],"wp:attachment":[{"href":"https:\/\/www.hoymercedes.com.ar\/principal\/wp-json\/wp\/v2\/media?parent=170548"}],"wp:term":[{"taxonomy":"category","embeddable":true,"href":"https:\/\/www.hoymercedes.com.ar\/principal\/wp-json\/wp\/v2\/categories?post=170548"},{"taxonomy":"post_tag","embeddable":true,"href":"https:\/\/www.hoymercedes.com.ar\/principal\/wp-json\/wp\/v2\/tags?post=170548"}],"curies":[{"name":"wp","href":"https:\/\/api.w.org\/{rel}","templated":true}]}}