{"id":170578,"date":"2023-12-11T20:27:00","date_gmt":"2023-12-11T23:27:00","guid":{"rendered":"https:\/\/www.hoymercedes.com.ar\/principal\/?p=170578"},"modified":"2023-12-11T19:31:39","modified_gmt":"2023-12-11T22:31:39","slug":"mercedes-rock-con-homenaje-a-pil-trafa-y-los-violadores","status":"publish","type":"post","link":"https:\/\/www.hoymercedes.com.ar\/principal\/2023\/12\/11\/mercedes-rock-con-homenaje-a-pil-trafa-y-los-violadores\/","title":{"rendered":"Mercedes Rock con homenaje a Pil Trafa y Los Violadores"},"content":{"rendered":"\n<p>Por Fernando Viloria &#8211; Luego de todo un a\u00f1o de trabajo con las bandas en los ciclos Rock en el Galp\u00f3n y Rock al Pasto, con apoyo de la Municipalidad de Mercedes y la Direcci\u00f3n de Cultura ya est\u00e1 lista la nueva edici\u00f3n del MERCEDES ROCK 2023, ser\u00e1n dos d\u00edas seguidos s\u00e1bado 16 y domingo 17 de diciembre, donde 25 bandas locales mostrar\u00e1n en un gran escenario, excelente sonido y luces sus canciones. <\/p>\n\n\n\n<p>Para esta ocasi\u00f3n especial adem\u00e1s de la m\u00fasica al aire libre, en el galp\u00f3n grande del Complejo Cultural la Trocha estar\u00e1n los tatuadores desde la ma\u00f1ana realizando su arte en la piel y en el galp\u00f3n\u00a0 chico abra producciones independientes de las bandas como cds y merchandising, libros de autor sobre grupos, caricaturas de m\u00fasicos nacionales y otras sorpresas del mundo del rock, adem\u00e1s de pintura en vivo y otras expresiones art\u00edsticas de la ciudad, puestos de comida y bebidas para disfrutar en familia e invitar amigos con entrada libre y gratuita.<\/p>\n\n\n\n<p>El escenario del festival comienza el s\u00e1bado 16 a partir de las 16 horas con los siguientes grupos: La Poes\u00eda de Carlos, Mal Parados, 04 Timeless, Mudando, 96 al Oeste, Aristarko, Don Ust\u00e9, Doble Carolina, La Pistola de Warhol, Dingir, Voodoo, San Calavera y Orugas que interpretan temas de Las Pelotas. <\/p>\n\n\n\n<p>Para el domingo 17 comenzar\u00e1 a las 14 horas y estar\u00e1n: Ambrosia Inyectada, Ant\u00edpodas, Rakko, Black Cachivache, Tren Misterioso, Tres Dientes, 515, Inhumano, Buitre y la Otra, Maldita Maquina, Nuevo Ser, Lullabies y el cierre es un gran logro de la Comisi\u00f3n de M\u00fasicos Mercedinos para tener un n\u00famero nacional de cierre, como en las otras ediciones que incluyeron a Bersuit Vergarabat, Kapanga y Massacre pero esta vez fueron muy dif\u00edciles las gestiones luego del cambio de gobierno, por la cual se logr\u00f3 sumar un grupo especial para el evento: TRIBUTO a PIL por los ex Violadores, Sergio Gram\u00e1tica en bater\u00eda, Robert Zelazek en bajo y Anel Paz en guitarra, con invitados especiales: Leonel Suite (guitarra y voz de TURBOCOOPERS), Pelke Amaral (guitarrista de GATOS SUCIOS),\u00a0 Julian Alalouf (ex guitarrista de PILSEN) en guitarras. Y como cantantes Leo Nievas (ex cantante de BRAVO y el 1er ANIMAL) y los locales Agust\u00edn Vitta (Vodoo y Nuevo Ser), Nahuel Fusco (Negracha y Mot\u00edn) y Teo Herrero (Aristarko y Camino a Chinar). <\/p>\n\n\n\n<p>Rindiendo un sentido homenaje a PIL Chalar cantante de Los Violadores que falleci\u00f3 el a\u00f1o pasado en Lima Per\u00fa,\u00a0 por estos m\u00fasicos compa\u00f1eros de ruta y amigos interpretando sus \u00e9xitos y cl\u00e1sicos que nos acompa\u00f1an en sus m\u00e1s de 40 a\u00f1os de trayectoria musical, fue la transici\u00f3n de la dictadura hacia la democracia que tantas huellas han plasmado en las diferentes generaciones de la cultura punk latina, integr\u00e1ndose con los m\u00fasicos de nuestra ciudad despu\u00e9s de dos meses de ensayos para el MERCEDES ROCK 2023.<\/p>\n\n\n<div class=\"wp-block-image\">\n<figure class=\"aligncenter size-full\"><img loading=\"lazy\" decoding=\"async\" width=\"570\" height=\"800\" data-attachment-id=\"170561\" data-permalink=\"https:\/\/www.hoymercedes.com.ar\/principal\/2023\/12\/11\/hcd-juraron-los-nuevos-concejales-con-mandato-hasta-el-2027\/homenaje-pil\/#main\" data-orig-file=\"https:\/\/www.hoymercedes.com.ar\/principal\/wp-content\/uploads\/2023\/12\/homenaje-pil.jpg\" data-orig-size=\"570,800\" data-comments-opened=\"0\" data-image-meta=\"{&quot;aperture&quot;:&quot;0&quot;,&quot;credit&quot;:&quot;&quot;,&quot;camera&quot;:&quot;&quot;,&quot;caption&quot;:&quot;&quot;,&quot;created_timestamp&quot;:&quot;0&quot;,&quot;copyright&quot;:&quot;&quot;,&quot;focal_length&quot;:&quot;0&quot;,&quot;iso&quot;:&quot;0&quot;,&quot;shutter_speed&quot;:&quot;0&quot;,&quot;title&quot;:&quot;&quot;,&quot;orientation&quot;:&quot;0&quot;}\" data-image-title=\"homenaje pil\" data-image-description=\"\" data-image-caption=\"\" data-large-file=\"https:\/\/www.hoymercedes.com.ar\/principal\/wp-content\/uploads\/2023\/12\/homenaje-pil.jpg\" src=\"https:\/\/www.hoymercedes.com.ar\/principal\/wp-content\/uploads\/2023\/12\/homenaje-pil.jpg\" alt=\"\" class=\"wp-image-170561\" srcset=\"https:\/\/www.hoymercedes.com.ar\/principal\/wp-content\/uploads\/2023\/12\/homenaje-pil.jpg 570w, https:\/\/www.hoymercedes.com.ar\/principal\/wp-content\/uploads\/2023\/12\/homenaje-pil-442x620.jpg 442w, https:\/\/www.hoymercedes.com.ar\/principal\/wp-content\/uploads\/2023\/12\/homenaje-pil-107x150.jpg 107w\" sizes=\"auto, (max-width: 570px) 100vw, 570px\" \/><\/figure>\n<\/div>","protected":false},"excerpt":{"rendered":"<p>Por Fernando Viloria &#8211; Luego de todo un a\u00f1o de trabajo con las bandas en los ciclos Rock en el &#8230; <a title=\"Mercedes Rock con homenaje a Pil Trafa y Los Violadores\" class=\"read-more\" href=\"https:\/\/www.hoymercedes.com.ar\/principal\/2023\/12\/11\/mercedes-rock-con-homenaje-a-pil-trafa-y-los-violadores\/\" aria-label=\"Leer m\u00e1s sobre Mercedes Rock con homenaje a Pil Trafa y Los Violadores\">Leer m\u00e1s<\/a><\/p>\n","protected":false},"author":1,"featured_media":170561,"comment_status":"closed","ping_status":"open","sticky":false,"template":"","format":"standard","meta":{"_monsterinsights_skip_tracking":false,"_monsterinsights_sitenote_active":false,"_monsterinsights_sitenote_note":"","_monsterinsights_sitenote_category":0,"jetpack_post_was_ever_published":false,"_jetpack_newsletter_access":"","_jetpack_dont_email_post_to_subs":false,"_jetpack_newsletter_tier_id":0,"_jetpack_memberships_contains_paywalled_content":false,"_jetpack_memberships_contains_paid_content":false,"footnotes":"","jetpack_publicize_message":"","jetpack_publicize_feature_enabled":true,"jetpack_social_post_already_shared":true,"jetpack_social_options":{"image_generator_settings":{"template":"highway","default_image_id":0,"font":"","enabled":false},"version":2},"_wpas_customize_per_network":false},"categories":[8],"tags":[],"class_list":["post-170578","post","type-post","status-publish","format-standard","has-post-thumbnail","hentry","category-sociedad","generate-columns","tablet-grid-50","mobile-grid-100","grid-parent","grid-50"],"jetpack_publicize_connections":[],"jetpack_featured_media_url":"https:\/\/www.hoymercedes.com.ar\/principal\/wp-content\/uploads\/2023\/12\/homenaje-pil.jpg","wps_subtitle":"","jetpack_sharing_enabled":true,"_links":{"self":[{"href":"https:\/\/www.hoymercedes.com.ar\/principal\/wp-json\/wp\/v2\/posts\/170578","targetHints":{"allow":["GET"]}}],"collection":[{"href":"https:\/\/www.hoymercedes.com.ar\/principal\/wp-json\/wp\/v2\/posts"}],"about":[{"href":"https:\/\/www.hoymercedes.com.ar\/principal\/wp-json\/wp\/v2\/types\/post"}],"author":[{"embeddable":true,"href":"https:\/\/www.hoymercedes.com.ar\/principal\/wp-json\/wp\/v2\/users\/1"}],"replies":[{"embeddable":true,"href":"https:\/\/www.hoymercedes.com.ar\/principal\/wp-json\/wp\/v2\/comments?post=170578"}],"version-history":[{"count":0,"href":"https:\/\/www.hoymercedes.com.ar\/principal\/wp-json\/wp\/v2\/posts\/170578\/revisions"}],"wp:featuredmedia":[{"embeddable":true,"href":"https:\/\/www.hoymercedes.com.ar\/principal\/wp-json\/wp\/v2\/media\/170561"}],"wp:attachment":[{"href":"https:\/\/www.hoymercedes.com.ar\/principal\/wp-json\/wp\/v2\/media?parent=170578"}],"wp:term":[{"taxonomy":"category","embeddable":true,"href":"https:\/\/www.hoymercedes.com.ar\/principal\/wp-json\/wp\/v2\/categories?post=170578"},{"taxonomy":"post_tag","embeddable":true,"href":"https:\/\/www.hoymercedes.com.ar\/principal\/wp-json\/wp\/v2\/tags?post=170578"}],"curies":[{"name":"wp","href":"https:\/\/api.w.org\/{rel}","templated":true}]}}