{"id":170580,"date":"2023-12-11T19:50:00","date_gmt":"2023-12-11T22:50:00","guid":{"rendered":"https:\/\/www.hoymercedes.com.ar\/principal\/?p=170580"},"modified":"2023-12-11T19:45:12","modified_gmt":"2023-12-11T22:45:12","slug":"jose-landola-gana-el-premio-al-mejor-dulce-de-durazno","status":"publish","type":"post","link":"https:\/\/www.hoymercedes.com.ar\/principal\/2023\/12\/11\/jose-landola-gana-el-premio-al-mejor-dulce-de-durazno\/","title":{"rendered":"Jos\u00e9 Landola gana el premio al mejor dulce de durazno"},"content":{"rendered":"\n<p>La Fiesta del Durazno este a\u00f1o coron\u00f3 a los productores de dulce de durazno. Conocido por haber ganado a\u00f1os anteriores a la mejor producci\u00f3n del fruto, en el 2023, Jos\u00e9 Landola logr\u00f3 la mejor puntuaci\u00f3n para el premio al Mejor Dulce de Durazno. En tanto, el segundo premio fue para \u00c1ngeles Iturralde mientras que el podio finaliz\u00f3 con Sandra Padilla en tercer lugar.\u00a0<\/p>\n\n\n\n<p>El jurado estuvo compuesto por Lubina Coria Vignolo, Oscar Spinetta y Alicia Bustos de Almas Mercedinas quienes evaluaron distintas caracter\u00edsticas de la producci\u00f3n, incluyendo el envasado, la consistencia, la facilidad para el untado, la cantidad de frutas, entre otras variables que sumaban puntos. <\/p>\n\n\n<div class=\"wp-block-image\">\n<figure class=\"aligncenter size-full\"><img loading=\"lazy\" decoding=\"async\" width=\"800\" height=\"533\" data-attachment-id=\"170581\" data-permalink=\"https:\/\/www.hoymercedes.com.ar\/principal\/2023\/12\/11\/jose-landola-gana-el-premio-al-mejor-dulce-de-durazno\/dsc01048\/#main\" data-orig-file=\"https:\/\/www.hoymercedes.com.ar\/principal\/wp-content\/uploads\/2023\/12\/DSC01048.jpg\" data-orig-size=\"800,533\" data-comments-opened=\"0\" data-image-meta=\"{&quot;aperture&quot;:&quot;0&quot;,&quot;credit&quot;:&quot;&quot;,&quot;camera&quot;:&quot;&quot;,&quot;caption&quot;:&quot;&quot;,&quot;created_timestamp&quot;:&quot;0&quot;,&quot;copyright&quot;:&quot;&quot;,&quot;focal_length&quot;:&quot;0&quot;,&quot;iso&quot;:&quot;0&quot;,&quot;shutter_speed&quot;:&quot;0&quot;,&quot;title&quot;:&quot;&quot;,&quot;orientation&quot;:&quot;0&quot;}\" data-image-title=\"DSC01048\" data-image-description=\"\" data-image-caption=\"\" data-large-file=\"https:\/\/www.hoymercedes.com.ar\/principal\/wp-content\/uploads\/2023\/12\/DSC01048.jpg\" src=\"https:\/\/www.hoymercedes.com.ar\/principal\/wp-content\/uploads\/2023\/12\/DSC01048.jpg\" alt=\"\" class=\"wp-image-170581\" srcset=\"https:\/\/www.hoymercedes.com.ar\/principal\/wp-content\/uploads\/2023\/12\/DSC01048.jpg 800w, https:\/\/www.hoymercedes.com.ar\/principal\/wp-content\/uploads\/2023\/12\/DSC01048-630x420.jpg 630w, https:\/\/www.hoymercedes.com.ar\/principal\/wp-content\/uploads\/2023\/12\/DSC01048-150x100.jpg 150w, https:\/\/www.hoymercedes.com.ar\/principal\/wp-content\/uploads\/2023\/12\/DSC01048-700x465.jpg 700w\" sizes=\"auto, (max-width: 800px) 100vw, 800px\" \/><\/figure>\n<\/div>","protected":false},"excerpt":{"rendered":"<p>La Fiesta del Durazno este a\u00f1o coron\u00f3 a los productores de dulce de durazno. Conocido por haber ganado a\u00f1os anteriores &#8230; <a title=\"Jos\u00e9 Landola gana el premio al mejor dulce de durazno\" class=\"read-more\" href=\"https:\/\/www.hoymercedes.com.ar\/principal\/2023\/12\/11\/jose-landola-gana-el-premio-al-mejor-dulce-de-durazno\/\" aria-label=\"Leer m\u00e1s sobre Jos\u00e9 Landola gana el premio al mejor dulce de durazno\">Leer m\u00e1s<\/a><\/p>\n","protected":false},"author":1,"featured_media":170581,"comment_status":"closed","ping_status":"open","sticky":false,"template":"","format":"standard","meta":{"_monsterinsights_skip_tracking":false,"_monsterinsights_sitenote_active":false,"_monsterinsights_sitenote_note":"","_monsterinsights_sitenote_category":0,"jetpack_post_was_ever_published":false,"_jetpack_newsletter_access":"","_jetpack_dont_email_post_to_subs":false,"_jetpack_newsletter_tier_id":0,"_jetpack_memberships_contains_paywalled_content":false,"_jetpack_memberships_contains_paid_content":false,"footnotes":"","jetpack_publicize_message":"","jetpack_publicize_feature_enabled":true,"jetpack_social_post_already_shared":true,"jetpack_social_options":{"image_generator_settings":{"template":"highway","default_image_id":0,"font":"","enabled":false},"version":2},"_wpas_customize_per_network":false},"categories":[8],"tags":[],"class_list":["post-170580","post","type-post","status-publish","format-standard","has-post-thumbnail","hentry","category-sociedad","generate-columns","tablet-grid-50","mobile-grid-100","grid-parent","grid-50"],"jetpack_publicize_connections":[],"jetpack_featured_media_url":"https:\/\/www.hoymercedes.com.ar\/principal\/wp-content\/uploads\/2023\/12\/DSC01048.jpg","wps_subtitle":"","jetpack_sharing_enabled":true,"_links":{"self":[{"href":"https:\/\/www.hoymercedes.com.ar\/principal\/wp-json\/wp\/v2\/posts\/170580","targetHints":{"allow":["GET"]}}],"collection":[{"href":"https:\/\/www.hoymercedes.com.ar\/principal\/wp-json\/wp\/v2\/posts"}],"about":[{"href":"https:\/\/www.hoymercedes.com.ar\/principal\/wp-json\/wp\/v2\/types\/post"}],"author":[{"embeddable":true,"href":"https:\/\/www.hoymercedes.com.ar\/principal\/wp-json\/wp\/v2\/users\/1"}],"replies":[{"embeddable":true,"href":"https:\/\/www.hoymercedes.com.ar\/principal\/wp-json\/wp\/v2\/comments?post=170580"}],"version-history":[{"count":0,"href":"https:\/\/www.hoymercedes.com.ar\/principal\/wp-json\/wp\/v2\/posts\/170580\/revisions"}],"wp:featuredmedia":[{"embeddable":true,"href":"https:\/\/www.hoymercedes.com.ar\/principal\/wp-json\/wp\/v2\/media\/170581"}],"wp:attachment":[{"href":"https:\/\/www.hoymercedes.com.ar\/principal\/wp-json\/wp\/v2\/media?parent=170580"}],"wp:term":[{"taxonomy":"category","embeddable":true,"href":"https:\/\/www.hoymercedes.com.ar\/principal\/wp-json\/wp\/v2\/categories?post=170580"},{"taxonomy":"post_tag","embeddable":true,"href":"https:\/\/www.hoymercedes.com.ar\/principal\/wp-json\/wp\/v2\/tags?post=170580"}],"curies":[{"name":"wp","href":"https:\/\/api.w.org\/{rel}","templated":true}]}}