{"id":170607,"date":"2023-12-12T08:44:17","date_gmt":"2023-12-12T11:44:17","guid":{"rendered":"https:\/\/www.hoymercedes.com.ar\/principal\/?p=170607"},"modified":"2023-12-12T08:44:21","modified_gmt":"2023-12-12T11:44:21","slug":"hoy-con-acto-publico-asume-ustarroz-su-nuevo-mandato","status":"publish","type":"post","link":"https:\/\/www.hoymercedes.com.ar\/principal\/2023\/12\/12\/hoy-con-acto-publico-asume-ustarroz-su-nuevo-mandato\/","title":{"rendered":"Hoy con acto p\u00fablico asume Ustarroz su nuevo mandato"},"content":{"rendered":"\n<p>El <strong>intendente Ustarroz<\/strong> elegido en las \u00faltimas elecciones por un ampl\u00edsimo marco inicia su reelecci\u00f3n este martes.<strong> El acto ser\u00e1 a las 19hs frente al Palacio Municipal<\/strong>. Est\u00e1 abierto a toda la comunidad. Se espera tome juramente a los secretarios que contin\u00faan como as\u00ed tambi\u00e9n a los nuevos, como ser\u00e1 para las \u00e1reas de seguridad, econom\u00eda y la flamante secretar\u00eda de educaci\u00f3n.<\/p>\n\n\n\n<p>Se prev\u00e9 el acto inicie puntual a las <strong>19hs <\/strong>y contar\u00e1 con la invitados institucionales, de todas las fuerzas pol\u00edticas y eventual participaci\u00f3n de vecinos y vecinas, dado que es una actividad abierta a toda la comunidad.<\/p>\n","protected":false},"excerpt":{"rendered":"<p>El intendente Ustarroz elegido en las \u00faltimas elecciones por un ampl\u00edsimo marco inicia su reelecci\u00f3n este martes. El acto ser\u00e1 &#8230; <a title=\"Hoy con acto p\u00fablico asume Ustarroz su nuevo mandato\" class=\"read-more\" href=\"https:\/\/www.hoymercedes.com.ar\/principal\/2023\/12\/12\/hoy-con-acto-publico-asume-ustarroz-su-nuevo-mandato\/\" aria-label=\"Leer m\u00e1s sobre Hoy con acto p\u00fablico asume Ustarroz su nuevo mandato\">Leer m\u00e1s<\/a><\/p>\n","protected":false},"author":1,"featured_media":170608,"comment_status":"closed","ping_status":"open","sticky":false,"template":"","format":"standard","meta":{"_monsterinsights_skip_tracking":false,"_monsterinsights_sitenote_active":false,"_monsterinsights_sitenote_note":"","_monsterinsights_sitenote_category":0,"jetpack_post_was_ever_published":false,"_jetpack_newsletter_access":"","_jetpack_dont_email_post_to_subs":false,"_jetpack_newsletter_tier_id":0,"_jetpack_memberships_contains_paywalled_content":false,"_jetpack_memberships_contains_paid_content":false,"footnotes":"","jetpack_publicize_message":"","jetpack_publicize_feature_enabled":true,"jetpack_social_post_already_shared":true,"jetpack_social_options":{"image_generator_settings":{"template":"highway","default_image_id":0,"font":"","enabled":false},"version":2},"_wpas_customize_per_network":false},"categories":[5],"tags":[18925,424],"class_list":["post-170607","post","type-post","status-publish","format-standard","has-post-thumbnail","hentry","category-politica","tag-asuncion-ustarroz","tag-ustarroz","generate-columns","tablet-grid-50","mobile-grid-100","grid-parent","grid-50"],"jetpack_publicize_connections":[],"jetpack_featured_media_url":"https:\/\/www.hoymercedes.com.ar\/principal\/wp-content\/uploads\/2023\/12\/Ustarroz-asuncion-2019.jpg","wps_subtitle":"Conducci\u00f3n comunal ","jetpack_sharing_enabled":true,"_links":{"self":[{"href":"https:\/\/www.hoymercedes.com.ar\/principal\/wp-json\/wp\/v2\/posts\/170607","targetHints":{"allow":["GET"]}}],"collection":[{"href":"https:\/\/www.hoymercedes.com.ar\/principal\/wp-json\/wp\/v2\/posts"}],"about":[{"href":"https:\/\/www.hoymercedes.com.ar\/principal\/wp-json\/wp\/v2\/types\/post"}],"author":[{"embeddable":true,"href":"https:\/\/www.hoymercedes.com.ar\/principal\/wp-json\/wp\/v2\/users\/1"}],"replies":[{"embeddable":true,"href":"https:\/\/www.hoymercedes.com.ar\/principal\/wp-json\/wp\/v2\/comments?post=170607"}],"version-history":[{"count":0,"href":"https:\/\/www.hoymercedes.com.ar\/principal\/wp-json\/wp\/v2\/posts\/170607\/revisions"}],"wp:featuredmedia":[{"embeddable":true,"href":"https:\/\/www.hoymercedes.com.ar\/principal\/wp-json\/wp\/v2\/media\/170608"}],"wp:attachment":[{"href":"https:\/\/www.hoymercedes.com.ar\/principal\/wp-json\/wp\/v2\/media?parent=170607"}],"wp:term":[{"taxonomy":"category","embeddable":true,"href":"https:\/\/www.hoymercedes.com.ar\/principal\/wp-json\/wp\/v2\/categories?post=170607"},{"taxonomy":"post_tag","embeddable":true,"href":"https:\/\/www.hoymercedes.com.ar\/principal\/wp-json\/wp\/v2\/tags?post=170607"}],"curies":[{"name":"wp","href":"https:\/\/api.w.org\/{rel}","templated":true}]}}