{"id":170612,"date":"2023-12-16T16:55:16","date_gmt":"2023-12-16T19:55:16","guid":{"rendered":"https:\/\/www.hoymercedes.com.ar\/principal\/?p=170612"},"modified":"2023-12-16T16:55:19","modified_gmt":"2023-12-16T19:55:19","slug":"inscripcion-abierta-en-la-escuela-de-arte","status":"publish","type":"post","link":"https:\/\/www.hoymercedes.com.ar\/principal\/2023\/12\/16\/inscripcion-abierta-en-la-escuela-de-arte\/","title":{"rendered":"Inscripci\u00f3n abierta en la Escuela de Arte"},"content":{"rendered":"\n<p>La direcci\u00f3n de la Escuela de Arte N\u00ba 2, \u201cFifo Roggero\u201d, informa a la comunidad, que se encuentra abierta la pre inscripci\u00f3n para aquellos interesados en cursar el Profesorado de Artes Visuales, que se dictar\u00e1 a partir del mes de marzo, durante el ciclo lectivo 2024. <\/p>\n\n\n<div class=\"wp-block-image\">\n<figure class=\"aligncenter size-full\"><img loading=\"lazy\" decoding=\"async\" width=\"566\" height=\"800\" data-attachment-id=\"170733\" data-permalink=\"https:\/\/www.hoymercedes.com.ar\/principal\/2023\/12\/16\/inscripcion-abierta-en-la-escuela-de-arte\/esc-de-arte\/#main\" data-orig-file=\"https:\/\/www.hoymercedes.com.ar\/principal\/wp-content\/uploads\/2023\/12\/esc-de-arte.jpg\" data-orig-size=\"566,800\" data-comments-opened=\"0\" data-image-meta=\"{&quot;aperture&quot;:&quot;0&quot;,&quot;credit&quot;:&quot;&quot;,&quot;camera&quot;:&quot;&quot;,&quot;caption&quot;:&quot;&quot;,&quot;created_timestamp&quot;:&quot;0&quot;,&quot;copyright&quot;:&quot;&quot;,&quot;focal_length&quot;:&quot;0&quot;,&quot;iso&quot;:&quot;0&quot;,&quot;shutter_speed&quot;:&quot;0&quot;,&quot;title&quot;:&quot;&quot;,&quot;orientation&quot;:&quot;0&quot;}\" data-image-title=\"esc de arte\" data-image-description=\"\" data-image-caption=\"\" data-large-file=\"https:\/\/www.hoymercedes.com.ar\/principal\/wp-content\/uploads\/2023\/12\/esc-de-arte.jpg\" src=\"https:\/\/www.hoymercedes.com.ar\/principal\/wp-content\/uploads\/2023\/12\/esc-de-arte.jpg\" alt=\"\" class=\"wp-image-170733\" srcset=\"https:\/\/www.hoymercedes.com.ar\/principal\/wp-content\/uploads\/2023\/12\/esc-de-arte.jpg 566w, https:\/\/www.hoymercedes.com.ar\/principal\/wp-content\/uploads\/2023\/12\/esc-de-arte-439x620.jpg 439w, https:\/\/www.hoymercedes.com.ar\/principal\/wp-content\/uploads\/2023\/12\/esc-de-arte-106x150.jpg 106w\" sizes=\"auto, (max-width: 566px) 100vw, 566px\" \/><\/figure>\n<\/div>\n\n\n<p>La instituci\u00f3n educativa ofrece una carrera de nivel terciario, presencial, de cuatro a\u00f1os de duraci\u00f3n, distribuidos de lunes a viernes, en dos turnos, ma\u00f1ana y vespertino, a elecci\u00f3n de cada estudiante. <\/p>\n\n\n\n<p>Este profesorado tiene tres orientaciones diferentes: pintura, escultura y grabado, las cuales habilitan a los egresados para desempe\u00f1arse como profesores de Educaci\u00f3n Pl\u00e1stica, en todos los niveles de la ense\u00f1anza; tanto inicial, primario y secundario, como adultos, especial y terciario. <\/p>\n\n\n\n<p>La oferta educativa es de car\u00e1cter oficial y gratuito, para personas sin l\u00edmite de edad, que tengan concluidos sus estudios secundarios. <\/p>\n\n\n\n<p>Por otra parte, la Escuela de Arte cuenta con un sistema de alumnos vocacionales que pueden asistir a talleres o materias sin cursar toda la carrera. <\/p>\n\n\n\n<p>Para m\u00e1s informaci\u00f3n, los interesados pueden hacerse presentes en la sede de la Escuela de Arte en calle 24 N\u00ba 464, entre 19 y 21, de lunes a viernes de 9 a 21 hs. o contactarlos por redes sociales a: \u00abEscuela de Arte de Mercedes EAM\u00bb en Facebook o \u00ab@escueladeartemercedes\u00bb en IG.\u00a0<\/p>\n\n\n\n<p><\/p>\n\n\n\n<p><\/p>\n\n\n\n<p><\/p>\n","protected":false},"excerpt":{"rendered":"<p>La direcci\u00f3n de la Escuela de Arte N\u00ba 2, \u201cFifo Roggero\u201d, informa a la comunidad, que se encuentra abierta la &#8230; <a title=\"Inscripci\u00f3n abierta en la Escuela de Arte\" class=\"read-more\" href=\"https:\/\/www.hoymercedes.com.ar\/principal\/2023\/12\/16\/inscripcion-abierta-en-la-escuela-de-arte\/\" aria-label=\"Leer m\u00e1s sobre Inscripci\u00f3n abierta en la Escuela de Arte\">Leer m\u00e1s<\/a><\/p>\n","protected":false},"author":1,"featured_media":170732,"comment_status":"closed","ping_status":"open","sticky":false,"template":"","format":"standard","meta":{"_monsterinsights_skip_tracking":false,"_monsterinsights_sitenote_active":false,"_monsterinsights_sitenote_note":"","_monsterinsights_sitenote_category":0,"jetpack_post_was_ever_published":false,"_jetpack_newsletter_access":"","_jetpack_dont_email_post_to_subs":false,"_jetpack_newsletter_tier_id":0,"_jetpack_memberships_contains_paywalled_content":false,"_jetpack_memberships_contains_paid_content":false,"footnotes":"","jetpack_publicize_message":"","jetpack_publicize_feature_enabled":true,"jetpack_social_post_already_shared":true,"jetpack_social_options":{"image_generator_settings":{"template":"highway","default_image_id":0,"font":"","enabled":false},"version":2},"_wpas_customize_per_network":false},"categories":[23],"tags":[7805,47],"class_list":["post-170612","post","type-post","status-publish","format-standard","has-post-thumbnail","hentry","category-educacion","tag-cultura","tag-educacion-2","generate-columns","tablet-grid-50","mobile-grid-100","grid-parent","grid-50"],"jetpack_publicize_connections":[],"jetpack_featured_media_url":"https:\/\/www.hoymercedes.com.ar\/principal\/wp-content\/uploads\/2023\/12\/esc-de-arte-2.jpg","wps_subtitle":"","jetpack_sharing_enabled":true,"_links":{"self":[{"href":"https:\/\/www.hoymercedes.com.ar\/principal\/wp-json\/wp\/v2\/posts\/170612","targetHints":{"allow":["GET"]}}],"collection":[{"href":"https:\/\/www.hoymercedes.com.ar\/principal\/wp-json\/wp\/v2\/posts"}],"about":[{"href":"https:\/\/www.hoymercedes.com.ar\/principal\/wp-json\/wp\/v2\/types\/post"}],"author":[{"embeddable":true,"href":"https:\/\/www.hoymercedes.com.ar\/principal\/wp-json\/wp\/v2\/users\/1"}],"replies":[{"embeddable":true,"href":"https:\/\/www.hoymercedes.com.ar\/principal\/wp-json\/wp\/v2\/comments?post=170612"}],"version-history":[{"count":0,"href":"https:\/\/www.hoymercedes.com.ar\/principal\/wp-json\/wp\/v2\/posts\/170612\/revisions"}],"wp:featuredmedia":[{"embeddable":true,"href":"https:\/\/www.hoymercedes.com.ar\/principal\/wp-json\/wp\/v2\/media\/170732"}],"wp:attachment":[{"href":"https:\/\/www.hoymercedes.com.ar\/principal\/wp-json\/wp\/v2\/media?parent=170612"}],"wp:term":[{"taxonomy":"category","embeddable":true,"href":"https:\/\/www.hoymercedes.com.ar\/principal\/wp-json\/wp\/v2\/categories?post=170612"},{"taxonomy":"post_tag","embeddable":true,"href":"https:\/\/www.hoymercedes.com.ar\/principal\/wp-json\/wp\/v2\/tags?post=170612"}],"curies":[{"name":"wp","href":"https:\/\/api.w.org\/{rel}","templated":true}]}}