{"id":170655,"date":"2023-12-14T14:19:03","date_gmt":"2023-12-14T17:19:03","guid":{"rendered":"https:\/\/www.hoymercedes.com.ar\/principal\/?p=170655"},"modified":"2023-12-14T14:19:06","modified_gmt":"2023-12-14T17:19:06","slug":"siguen-muchachos-y-wonka-se-suma-elijo-creer","status":"publish","type":"post","link":"https:\/\/www.hoymercedes.com.ar\/principal\/2023\/12\/14\/siguen-muchachos-y-wonka-se-suma-elijo-creer\/","title":{"rendered":"Siguen \u00abMuchachos\u00bb y \u00abWonka\u00bb, se suma \u00abElijo Creer\u00bb"},"content":{"rendered":"\n<p>La pantalla del cine local sigue con esp\u00edritu futbolero a poco de cumplirse un a\u00f1o del triunfo del Seleccionado de Futbol de Argentina en el Mundial. Del viernes 15 al martes 19 de diciembre, podr\u00e1 verse las dos pel\u00edculas que reflejan el mundial y los festejos de Qatar: \u00abMuchachos\u00bb y \u00abElijo Creer\u00bb. Mientras que el s\u00e1bado y domingo, a la hora 17, sigue Wonka. Asimismo, el Cine Mercedes anunci\u00f3 que iniciar\u00e1 sus vacaciones luego de esta semana para retomar las actividades el venidero 4 de enero. <\/p>\n\n\n<div class=\"wp-block-image\">\n<figure class=\"aligncenter size-full\"><img loading=\"lazy\" decoding=\"async\" width=\"550\" height=\"800\" data-attachment-id=\"170657\" data-permalink=\"https:\/\/www.hoymercedes.com.ar\/principal\/2023\/12\/14\/siguen-muchachos-y-wonka-se-suma-elijo-creer\/gacetilla-cine-mercedes-2-5\/#main\" data-orig-file=\"https:\/\/www.hoymercedes.com.ar\/principal\/wp-content\/uploads\/2023\/12\/Gacetilla-Cine-Mercedes-2.jpg\" data-orig-size=\"550,800\" data-comments-opened=\"0\" data-image-meta=\"{&quot;aperture&quot;:&quot;0&quot;,&quot;credit&quot;:&quot;&quot;,&quot;camera&quot;:&quot;&quot;,&quot;caption&quot;:&quot;&quot;,&quot;created_timestamp&quot;:&quot;0&quot;,&quot;copyright&quot;:&quot;&quot;,&quot;focal_length&quot;:&quot;0&quot;,&quot;iso&quot;:&quot;0&quot;,&quot;shutter_speed&quot;:&quot;0&quot;,&quot;title&quot;:&quot;&quot;,&quot;orientation&quot;:&quot;1&quot;}\" data-image-title=\"Gacetilla Cine Mercedes (2)\" data-image-description=\"\" data-image-caption=\"\" data-large-file=\"https:\/\/www.hoymercedes.com.ar\/principal\/wp-content\/uploads\/2023\/12\/Gacetilla-Cine-Mercedes-2.jpg\" src=\"https:\/\/www.hoymercedes.com.ar\/principal\/wp-content\/uploads\/2023\/12\/Gacetilla-Cine-Mercedes-2.jpg\" alt=\"\" class=\"wp-image-170657\" srcset=\"https:\/\/www.hoymercedes.com.ar\/principal\/wp-content\/uploads\/2023\/12\/Gacetilla-Cine-Mercedes-2.jpg 550w, https:\/\/www.hoymercedes.com.ar\/principal\/wp-content\/uploads\/2023\/12\/Gacetilla-Cine-Mercedes-2-426x620.jpg 426w, https:\/\/www.hoymercedes.com.ar\/principal\/wp-content\/uploads\/2023\/12\/Gacetilla-Cine-Mercedes-2-103x150.jpg 103w\" sizes=\"auto, (max-width: 550px) 100vw, 550px\" \/><\/figure>\n<\/div>","protected":false},"excerpt":{"rendered":"<p>La pantalla del cine local sigue con esp\u00edritu futbolero a poco de cumplirse un a\u00f1o del triunfo del Seleccionado de &#8230; <a title=\"Siguen \u00abMuchachos\u00bb y \u00abWonka\u00bb, se suma \u00abElijo Creer\u00bb\" class=\"read-more\" href=\"https:\/\/www.hoymercedes.com.ar\/principal\/2023\/12\/14\/siguen-muchachos-y-wonka-se-suma-elijo-creer\/\" aria-label=\"Leer m\u00e1s sobre Siguen \u00abMuchachos\u00bb y \u00abWonka\u00bb, se suma \u00abElijo Creer\u00bb\">Leer m\u00e1s<\/a><\/p>\n","protected":false},"author":1,"featured_media":170656,"comment_status":"closed","ping_status":"open","sticky":false,"template":"","format":"standard","meta":{"_monsterinsights_skip_tracking":false,"_monsterinsights_sitenote_active":false,"_monsterinsights_sitenote_note":"","_monsterinsights_sitenote_category":0,"jetpack_post_was_ever_published":false,"_jetpack_newsletter_access":"","_jetpack_dont_email_post_to_subs":false,"_jetpack_newsletter_tier_id":0,"_jetpack_memberships_contains_paywalled_content":false,"_jetpack_memberships_contains_paid_content":false,"footnotes":"","jetpack_publicize_message":"","jetpack_publicize_feature_enabled":true,"jetpack_social_post_already_shared":true,"jetpack_social_options":{"image_generator_settings":{"template":"highway","default_image_id":0,"font":"","enabled":false},"version":2},"_wpas_customize_per_network":false},"categories":[104],"tags":[7805],"class_list":["post-170655","post","type-post","status-publish","format-standard","has-post-thumbnail","hentry","category-cultura","tag-cultura","generate-columns","tablet-grid-50","mobile-grid-100","grid-parent","grid-50"],"jetpack_publicize_connections":[],"jetpack_featured_media_url":"https:\/\/www.hoymercedes.com.ar\/principal\/wp-content\/uploads\/2023\/12\/elijo-creer.jpg","wps_subtitle":"","jetpack_sharing_enabled":true,"_links":{"self":[{"href":"https:\/\/www.hoymercedes.com.ar\/principal\/wp-json\/wp\/v2\/posts\/170655","targetHints":{"allow":["GET"]}}],"collection":[{"href":"https:\/\/www.hoymercedes.com.ar\/principal\/wp-json\/wp\/v2\/posts"}],"about":[{"href":"https:\/\/www.hoymercedes.com.ar\/principal\/wp-json\/wp\/v2\/types\/post"}],"author":[{"embeddable":true,"href":"https:\/\/www.hoymercedes.com.ar\/principal\/wp-json\/wp\/v2\/users\/1"}],"replies":[{"embeddable":true,"href":"https:\/\/www.hoymercedes.com.ar\/principal\/wp-json\/wp\/v2\/comments?post=170655"}],"version-history":[{"count":0,"href":"https:\/\/www.hoymercedes.com.ar\/principal\/wp-json\/wp\/v2\/posts\/170655\/revisions"}],"wp:featuredmedia":[{"embeddable":true,"href":"https:\/\/www.hoymercedes.com.ar\/principal\/wp-json\/wp\/v2\/media\/170656"}],"wp:attachment":[{"href":"https:\/\/www.hoymercedes.com.ar\/principal\/wp-json\/wp\/v2\/media?parent=170655"}],"wp:term":[{"taxonomy":"category","embeddable":true,"href":"https:\/\/www.hoymercedes.com.ar\/principal\/wp-json\/wp\/v2\/categories?post=170655"},{"taxonomy":"post_tag","embeddable":true,"href":"https:\/\/www.hoymercedes.com.ar\/principal\/wp-json\/wp\/v2\/tags?post=170655"}],"curies":[{"name":"wp","href":"https:\/\/api.w.org\/{rel}","templated":true}]}}