{"id":1707,"date":"2011-01-17T04:58:58","date_gmt":"2011-01-17T04:58:58","guid":{"rendered":"http:\/\/www.hoymercedes.com.ar\/principal\/?p=1707"},"modified":"2011-01-17T04:58:58","modified_gmt":"2011-01-17T04:58:58","slug":"se-completo-el-circuito-de-salud-de-1-y-40","status":"publish","type":"post","link":"https:\/\/www.hoymercedes.com.ar\/principal\/2011\/01\/17\/se-completo-el-circuito-de-salud-de-1-y-40\/","title":{"rendered":"Se completo el circuito de salud de 1 y 40"},"content":{"rendered":"<p style=\"text-align: justify;\">Finalmente se completaron las distintas estaciones y los carteles correspondientes para la pista de salud. El personal de la Direcci\u00f3n de deportes completo estas 6 estaciones donde el p\u00fablico puede desarrollar distintas ejercitaciones para completar su caminata diaria.<\/p>\n<p style=\"text-align: justify;\">El director de Deportes Prof. Julio Campora informo que en pr\u00f3ximos d\u00edas se colocaran indicaciones sobre la senda peatonal con distancias y distintas indicaciones que mejoraran aun m\u00e1s esta senda.<\/p>\n<p style=\"text-align: center;\"><a href=\"https:\/\/www.hoymercedes.com.ar\/principal\/wp-content\/uploads\/2011\/01\/circuitosaludI.jpg\"><img loading=\"lazy\" decoding=\"async\" data-attachment-id=\"1709\" data-permalink=\"https:\/\/www.hoymercedes.com.ar\/principal\/2011\/01\/17\/se-completo-el-circuito-de-salud-de-1-y-40\/circuitosaludi\/#main\" data-orig-file=\"https:\/\/www.hoymercedes.com.ar\/principal\/wp-content\/uploads\/2011\/01\/circuitosaludI.jpg\" data-orig-size=\"400,268\" data-comments-opened=\"1\" data-image-meta=\"{&quot;aperture&quot;:&quot;7.1&quot;,&quot;credit&quot;:&quot;&quot;,&quot;camera&quot;:&quot;NIKON D3000&quot;,&quot;caption&quot;:&quot;&quot;,&quot;created_timestamp&quot;:&quot;1295020146&quot;,&quot;copyright&quot;:&quot;&quot;,&quot;focal_length&quot;:&quot;22&quot;,&quot;iso&quot;:&quot;100&quot;,&quot;shutter_speed&quot;:&quot;0.004&quot;,&quot;title&quot;:&quot;&quot;}\" data-image-title=\"circuitosaludI\" data-image-description=\"\" data-image-caption=\"\" data-large-file=\"https:\/\/www.hoymercedes.com.ar\/principal\/wp-content\/uploads\/2011\/01\/circuitosaludI.jpg\" class=\"size-full wp-image-1709  aligncenter\" title=\"circuitosaludI\" src=\"https:\/\/www.hoymercedes.com.ar\/principal\/wp-content\/uploads\/2011\/01\/circuitosaludI.jpg\" alt=\"\" width=\"400\" height=\"268\" \/><\/a><\/p>\n<p style=\"text-align: center;\">\n<p style=\"text-align: center;\"><a href=\"https:\/\/www.hoymercedes.com.ar\/principal\/wp-content\/uploads\/2011\/01\/circuitosaludII.jpg\"><img loading=\"lazy\" decoding=\"async\" data-attachment-id=\"1710\" data-permalink=\"https:\/\/www.hoymercedes.com.ar\/principal\/2011\/01\/17\/se-completo-el-circuito-de-salud-de-1-y-40\/circuitosaludii\/#main\" data-orig-file=\"https:\/\/www.hoymercedes.com.ar\/principal\/wp-content\/uploads\/2011\/01\/circuitosaludII.jpg\" data-orig-size=\"400,268\" data-comments-opened=\"1\" data-image-meta=\"{&quot;aperture&quot;:&quot;7.1&quot;,&quot;credit&quot;:&quot;&quot;,&quot;camera&quot;:&quot;NIKON D3000&quot;,&quot;caption&quot;:&quot;&quot;,&quot;created_timestamp&quot;:&quot;1295020192&quot;,&quot;copyright&quot;:&quot;&quot;,&quot;focal_length&quot;:&quot;22&quot;,&quot;iso&quot;:&quot;100&quot;,&quot;shutter_speed&quot;:&quot;0.005&quot;,&quot;title&quot;:&quot;&quot;}\" data-image-title=\"circuitosaludII\" data-image-description=\"\" data-image-caption=\"\" data-large-file=\"https:\/\/www.hoymercedes.com.ar\/principal\/wp-content\/uploads\/2011\/01\/circuitosaludII.jpg\" class=\"size-full wp-image-1710  aligncenter\" title=\"circuitosaludII\" src=\"https:\/\/www.hoymercedes.com.ar\/principal\/wp-content\/uploads\/2011\/01\/circuitosaludII.jpg\" alt=\"\" width=\"400\" height=\"268\" srcset=\"https:\/\/www.hoymercedes.com.ar\/principal\/wp-content\/uploads\/2011\/01\/circuitosaludII.jpg 400w, https:\/\/www.hoymercedes.com.ar\/principal\/wp-content\/uploads\/2011\/01\/circuitosaludII-300x201.jpg 300w\" sizes=\"auto, (max-width: 400px) 100vw, 400px\" \/><\/a><\/p>\n","protected":false},"excerpt":{"rendered":"<p>Finalmente se completaron las distintas estaciones y los carteles correspondientes para la pista de salud. El personal de la Direcci\u00f3n &#8230; <a title=\"Se completo el circuito de salud de 1 y 40\" class=\"read-more\" href=\"https:\/\/www.hoymercedes.com.ar\/principal\/2011\/01\/17\/se-completo-el-circuito-de-salud-de-1-y-40\/\" aria-label=\"Leer m\u00e1s sobre Se completo el circuito de salud de 1 y 40\">Leer m\u00e1s<\/a><\/p>\n","protected":false},"author":1,"featured_media":0,"comment_status":"open","ping_status":"open","sticky":false,"template":"","format":"standard","meta":{"_monsterinsights_skip_tracking":false,"_monsterinsights_sitenote_active":false,"_monsterinsights_sitenote_note":"","_monsterinsights_sitenote_category":0,"jetpack_post_was_ever_published":false,"_jetpack_newsletter_access":"","_jetpack_dont_email_post_to_subs":false,"_jetpack_newsletter_tier_id":0,"_jetpack_memberships_contains_paywalled_content":false,"_jetpack_memberships_contains_paid_content":false,"footnotes":"","jetpack_publicize_message":"","jetpack_publicize_feature_enabled":true,"jetpack_social_post_already_shared":false,"jetpack_social_options":{"image_generator_settings":{"template":"highway","default_image_id":0,"font":"","enabled":false},"version":2},"_wpas_customize_per_network":false},"categories":[21],"tags":[377],"class_list":["post-1707","post","type-post","status-publish","format-standard","hentry","category-deportes","tag-salud-mercedes","generate-columns","tablet-grid-50","mobile-grid-100","grid-parent","grid-50"],"jetpack_publicize_connections":[],"jetpack_featured_media_url":"","wps_subtitle":"","jetpack_sharing_enabled":true,"_links":{"self":[{"href":"https:\/\/www.hoymercedes.com.ar\/principal\/wp-json\/wp\/v2\/posts\/1707","targetHints":{"allow":["GET"]}}],"collection":[{"href":"https:\/\/www.hoymercedes.com.ar\/principal\/wp-json\/wp\/v2\/posts"}],"about":[{"href":"https:\/\/www.hoymercedes.com.ar\/principal\/wp-json\/wp\/v2\/types\/post"}],"author":[{"embeddable":true,"href":"https:\/\/www.hoymercedes.com.ar\/principal\/wp-json\/wp\/v2\/users\/1"}],"replies":[{"embeddable":true,"href":"https:\/\/www.hoymercedes.com.ar\/principal\/wp-json\/wp\/v2\/comments?post=1707"}],"version-history":[{"count":0,"href":"https:\/\/www.hoymercedes.com.ar\/principal\/wp-json\/wp\/v2\/posts\/1707\/revisions"}],"wp:attachment":[{"href":"https:\/\/www.hoymercedes.com.ar\/principal\/wp-json\/wp\/v2\/media?parent=1707"}],"wp:term":[{"taxonomy":"category","embeddable":true,"href":"https:\/\/www.hoymercedes.com.ar\/principal\/wp-json\/wp\/v2\/categories?post=1707"},{"taxonomy":"post_tag","embeddable":true,"href":"https:\/\/www.hoymercedes.com.ar\/principal\/wp-json\/wp\/v2\/tags?post=1707"}],"curies":[{"name":"wp","href":"https:\/\/api.w.org\/{rel}","templated":true}]}}