{"id":170751,"date":"2023-12-17T09:56:29","date_gmt":"2023-12-17T12:56:29","guid":{"rendered":"https:\/\/www.hoymercedes.com.ar\/principal\/?p=170751"},"modified":"2023-12-17T09:56:33","modified_gmt":"2023-12-17T12:56:33","slug":"eden-informa-que-el-80-de-usuarios-estan-sin-luz","status":"publish","type":"post","link":"https:\/\/www.hoymercedes.com.ar\/principal\/2023\/12\/17\/eden-informa-que-el-80-de-usuarios-estan-sin-luz\/","title":{"rendered":"EDEN informa que el 80% de usuarios est\u00e1n sin luz"},"content":{"rendered":"\n<p>A trav\u00e9s de una comunicaci\u00f3n oficial a los medios y desde sus redes sociales, la empresa EDEN informa que \u00abcomo consecuencia del extremo temporal con r\u00e1fagas de viento de extraordinaria intensidad, las abundantes precipitaciones y la gran ca\u00edda de descargas atmosf\u00e9ricas, se han producido severos da\u00f1os en las redes que distribuyen energ\u00eda el\u00e9ctrica en diferentes localidades de su \u00e1rea de concesi\u00f3n, producto de la ca\u00edda de \u00e1rboles, la voladura de techos y de carteler\u00eda, entre otros objetos contundentes\u00bb.<\/p>\n\n\n\n<p>Las localidades que se encuentran afectadas en su totalidad son: San Andr\u00e9s de Giles, Alberti, Lobos, Los Cardales, Capilla del Se\u00f1or, Conesa, P\u00e9rez Mill\u00e1n. Adem\u00e1s, Campana, Chivilcoy y <strong>Mercedes<\/strong> se encuentran afectadas en un 80%.<\/p>\n\n\n\n<p>\u00abLas condiciones clim\u00e1ticas inestables contin\u00faan. Desde la madrugada la empresa puso en marcha su Plan Operativo de Emergencias y se encuentra trabajando en coordinaci\u00f3n con las fuerzas vivas y los Municipios en los que presta servicio para atender los casos m\u00e1s urgentes, abastecer de energ\u00eda los servicios esenciales, y realizar un relevamiento de los da\u00f1os producidos por este evento clim\u00e1tico excepcional\u00bb.<\/p>\n\n\n\n<p>\u00abComo establece el Plan Operativo de Emergencias se priorizar\u00e1 la atenci\u00f3n de usuarios sensibles (electrodependientes y servicios esenciales) y la atenci\u00f3n de situaciones de potencial riesgo en la v\u00eda p\u00fablica en una primera instancia. En paralelo se disponen de los recursos necesarios para llevar adelante las reparaciones que afectan a redes que brindan energ\u00eda a mayor cantidad de usuarios y luego se trabaja sobre las interrupciones puntuales e individuales\u00bb.<\/p>\n\n\n\n<p>\u00abPara poder realizar estas tareas es necesario que el personal pueda circular y trabajar contando con las condiciones de seguridad que le permitan realizar las reparaciones utilizando equipamiento pesado, como hidroelevadores e hidrogr\u00faas. Al momento de la emisi\u00f3n de este comunicado persisten anegamientos y condiciones clim\u00e1ticas desfavorables\u00bb, destacan en la comunicaci\u00f3n. <\/p>\n\n\n\n<p>\u00abEl evento meteorol\u00f3gico excepcional que afect\u00f3 a la provincia ha provocado da\u00f1os de distinta consideraci\u00f3n, requerir\u00e1 de un gran operativo de trabajo del personal de la empresa para recuperar el servicio el\u00e9ctrico nuevamente en su totalidad ya que el temporal caus\u00f3 destrozos graves en toda la ciudad\u00bb. <\/p>\n\n\n\n<p>\u00abEn funci\u00f3n a la evoluci\u00f3n de la intensidad del evento clim\u00e1tico, los anegamientos y los da\u00f1os producidos, la restituci\u00f3n del servicio a usuarios de algunas zonas podr\u00eda llevar varios d\u00edas. Desde EDEN se est\u00e1n tomando las medidas para que la totalidad de los usuarios cuente con suministro normal\u00bb.<\/p>\n\n\n\n<p>\u00abDesde EDEN se solicita a los vecinos mantenerse a resguardo, no circular por calles anegadas y no tocar cables cortados ni retirar ramas de los tendidos de electricidad\u00bb.<\/p>\n\n\n\n<p>\u00abLos vecinos pueden comunicarse con EDEN enviando un mensaje por WhatsApp al +54 9 336 4526944 o llamar al 0800 999 3336\u00bb, resaltan.<\/p>\n\n\n\n<p><\/p>\n","protected":false},"excerpt":{"rendered":"<p>A trav\u00e9s de una comunicaci\u00f3n oficial a los medios y desde sus redes sociales, la empresa EDEN informa que \u00abcomo &#8230; <a title=\"EDEN informa que el 80% de usuarios est\u00e1n sin luz\" class=\"read-more\" href=\"https:\/\/www.hoymercedes.com.ar\/principal\/2023\/12\/17\/eden-informa-que-el-80-de-usuarios-estan-sin-luz\/\" aria-label=\"Leer m\u00e1s sobre EDEN informa que el 80% de usuarios est\u00e1n sin luz\">Leer m\u00e1s<\/a><\/p>\n","protected":false},"author":1,"featured_media":135770,"comment_status":"closed","ping_status":"open","sticky":false,"template":"","format":"standard","meta":{"_monsterinsights_skip_tracking":false,"_monsterinsights_sitenote_active":false,"_monsterinsights_sitenote_note":"","_monsterinsights_sitenote_category":0,"jetpack_post_was_ever_published":false,"_jetpack_newsletter_access":"","_jetpack_dont_email_post_to_subs":false,"_jetpack_newsletter_tier_id":0,"_jetpack_memberships_contains_paywalled_content":false,"_jetpack_memberships_contains_paid_content":false,"footnotes":"","jetpack_publicize_message":"","jetpack_publicize_feature_enabled":true,"jetpack_social_post_already_shared":true,"jetpack_social_options":{"image_generator_settings":{"template":"highway","default_image_id":0,"font":"","enabled":false},"version":2},"_wpas_customize_per_network":false},"categories":[8],"tags":[],"class_list":["post-170751","post","type-post","status-publish","format-standard","has-post-thumbnail","hentry","category-sociedad","generate-columns","tablet-grid-50","mobile-grid-100","grid-parent","grid-50"],"jetpack_publicize_connections":[],"jetpack_featured_media_url":"https:\/\/www.hoymercedes.com.ar\/principal\/wp-content\/uploads\/2021\/08\/EDEN-logoconclaim.jpg","wps_subtitle":"","jetpack_sharing_enabled":true,"_links":{"self":[{"href":"https:\/\/www.hoymercedes.com.ar\/principal\/wp-json\/wp\/v2\/posts\/170751","targetHints":{"allow":["GET"]}}],"collection":[{"href":"https:\/\/www.hoymercedes.com.ar\/principal\/wp-json\/wp\/v2\/posts"}],"about":[{"href":"https:\/\/www.hoymercedes.com.ar\/principal\/wp-json\/wp\/v2\/types\/post"}],"author":[{"embeddable":true,"href":"https:\/\/www.hoymercedes.com.ar\/principal\/wp-json\/wp\/v2\/users\/1"}],"replies":[{"embeddable":true,"href":"https:\/\/www.hoymercedes.com.ar\/principal\/wp-json\/wp\/v2\/comments?post=170751"}],"version-history":[{"count":0,"href":"https:\/\/www.hoymercedes.com.ar\/principal\/wp-json\/wp\/v2\/posts\/170751\/revisions"}],"wp:featuredmedia":[{"embeddable":true,"href":"https:\/\/www.hoymercedes.com.ar\/principal\/wp-json\/wp\/v2\/media\/135770"}],"wp:attachment":[{"href":"https:\/\/www.hoymercedes.com.ar\/principal\/wp-json\/wp\/v2\/media?parent=170751"}],"wp:term":[{"taxonomy":"category","embeddable":true,"href":"https:\/\/www.hoymercedes.com.ar\/principal\/wp-json\/wp\/v2\/categories?post=170751"},{"taxonomy":"post_tag","embeddable":true,"href":"https:\/\/www.hoymercedes.com.ar\/principal\/wp-json\/wp\/v2\/tags?post=170751"}],"curies":[{"name":"wp","href":"https:\/\/api.w.org\/{rel}","templated":true}]}}