{"id":170754,"date":"2023-12-17T12:51:25","date_gmt":"2023-12-17T15:51:25","guid":{"rendered":"https:\/\/www.hoymercedes.com.ar\/principal\/?p=170754"},"modified":"2023-12-17T12:51:27","modified_gmt":"2023-12-17T15:51:27","slug":"informacion-oficial-comite-operativo-de-emergencia-municipal","status":"publish","type":"post","link":"https:\/\/www.hoymercedes.com.ar\/principal\/2023\/12\/17\/informacion-oficial-comite-operativo-de-emergencia-municipal\/","title":{"rendered":"Informaci\u00f3n Oficial: Comit\u00e9 Operativo de Emergencia Municipal"},"content":{"rendered":"\n<p>La Municipalidad de Mercedes inform\u00f3 que \u00abdurante toda la madrugada trabaj\u00f3 en un Comit\u00e9 Operativo de Emergencia montado en distintas dependencias con articulaci\u00f3n de Unzu\u00e9, 147, Bomberos, Servicios P\u00fablicos, Seguridad y Gobierno\u00bb.<\/p>\n\n\n\n<p>\u00abDurante la madrugada la Secretaria de Gobierno Clara Zunino, el subsecretario de Servicios P\u00fablicos Luis Ponce, el Secretario de Seguridad Matias Maresca y Bautista Mansilla hicieron el primer avance de evaluaci\u00f3n de situaci\u00f3n en las calles y barrios. Luego se abri\u00f3 el paso a las cuadrillas de todas las \u00e1reas involucradas\u00bb, agregan.<\/p>\n\n\n\n<p>\u00abSecretarios y Secretarias est\u00e1n articulando acciones comandadas por el intendente Ustarroz interactuando con familias afectadas, instituciones y organismos provinciales dado que la tormenta tiene dimensiones hist\u00f3ricas\u00bb.<\/p>\n\n\n\n<p>\u00abSe reitera a la poblaci\u00f3n la importancia de no salir a la calle, de cuidar el agua y tener mucha paciencia y precauci\u00f3n. La situaci\u00f3n vivida ya ha tomado tonalidades hist\u00f3ricas\u00bb, destacan. <\/p>\n\n\n\n<p>\u00abCientos de trabajadoras y trabajadores municipales est\u00e1n actuando en asistencia en todos los puntos del Partido, acompa\u00f1ando a sus vecinos y vecinas\u00bb, agregan en la informaci\u00f3n enviada a los medios.<\/p>\n\n\n\n<p>A lo que destacan que \u00abEDEN inform\u00f3 que la energ\u00eda el\u00e9ctrica no tiene de momento proyecci\u00f3n de regreso afectando tambi\u00e9n el suministro de agua corriente\u00bb.<\/p>\n\n\n\n<p>\u00abEs fundamental tener precauci\u00f3n dado que lo m\u00e1s importante siempre es cuidar la vida y la salud\u00bb, concluyen desde el Municipio de Mercedes. <\/p>\n","protected":false},"excerpt":{"rendered":"<p>La Municipalidad de Mercedes inform\u00f3 que \u00abdurante toda la madrugada trabaj\u00f3 en un Comit\u00e9 Operativo de Emergencia montado en distintas &#8230; <a title=\"Informaci\u00f3n Oficial: Comit\u00e9 Operativo de Emergencia Municipal\" class=\"read-more\" href=\"https:\/\/www.hoymercedes.com.ar\/principal\/2023\/12\/17\/informacion-oficial-comite-operativo-de-emergencia-municipal\/\" aria-label=\"Leer m\u00e1s sobre Informaci\u00f3n Oficial: Comit\u00e9 Operativo de Emergencia Municipal\">Leer m\u00e1s<\/a><\/p>\n","protected":false},"author":1,"featured_media":170755,"comment_status":"closed","ping_status":"open","sticky":false,"template":"","format":"standard","meta":{"_monsterinsights_skip_tracking":false,"_monsterinsights_sitenote_active":false,"_monsterinsights_sitenote_note":"","_monsterinsights_sitenote_category":0,"jetpack_post_was_ever_published":false,"_jetpack_newsletter_access":"","_jetpack_dont_email_post_to_subs":false,"_jetpack_newsletter_tier_id":0,"_jetpack_memberships_contains_paywalled_content":false,"_jetpack_memberships_contains_paid_content":false,"footnotes":"","jetpack_publicize_message":"","jetpack_publicize_feature_enabled":true,"jetpack_social_post_already_shared":true,"jetpack_social_options":{"image_generator_settings":{"template":"highway","default_image_id":0,"font":"","enabled":false},"version":2},"_wpas_customize_per_network":false},"categories":[30],"tags":[],"class_list":["post-170754","post","type-post","status-publish","format-standard","has-post-thumbnail","hentry","category-municipio","generate-columns","tablet-grid-50","mobile-grid-100","grid-parent","grid-50"],"jetpack_publicize_connections":[],"jetpack_featured_media_url":"https:\/\/www.hoymercedes.com.ar\/principal\/wp-content\/uploads\/2023\/12\/IMG-20231217-WA0006.jpg","wps_subtitle":"","jetpack_sharing_enabled":true,"_links":{"self":[{"href":"https:\/\/www.hoymercedes.com.ar\/principal\/wp-json\/wp\/v2\/posts\/170754","targetHints":{"allow":["GET"]}}],"collection":[{"href":"https:\/\/www.hoymercedes.com.ar\/principal\/wp-json\/wp\/v2\/posts"}],"about":[{"href":"https:\/\/www.hoymercedes.com.ar\/principal\/wp-json\/wp\/v2\/types\/post"}],"author":[{"embeddable":true,"href":"https:\/\/www.hoymercedes.com.ar\/principal\/wp-json\/wp\/v2\/users\/1"}],"replies":[{"embeddable":true,"href":"https:\/\/www.hoymercedes.com.ar\/principal\/wp-json\/wp\/v2\/comments?post=170754"}],"version-history":[{"count":0,"href":"https:\/\/www.hoymercedes.com.ar\/principal\/wp-json\/wp\/v2\/posts\/170754\/revisions"}],"wp:featuredmedia":[{"embeddable":true,"href":"https:\/\/www.hoymercedes.com.ar\/principal\/wp-json\/wp\/v2\/media\/170755"}],"wp:attachment":[{"href":"https:\/\/www.hoymercedes.com.ar\/principal\/wp-json\/wp\/v2\/media?parent=170754"}],"wp:term":[{"taxonomy":"category","embeddable":true,"href":"https:\/\/www.hoymercedes.com.ar\/principal\/wp-json\/wp\/v2\/categories?post=170754"},{"taxonomy":"post_tag","embeddable":true,"href":"https:\/\/www.hoymercedes.com.ar\/principal\/wp-json\/wp\/v2\/tags?post=170754"}],"curies":[{"name":"wp","href":"https:\/\/api.w.org\/{rel}","templated":true}]}}