{"id":17077,"date":"2012-10-19T14:55:43","date_gmt":"2012-10-19T14:55:43","guid":{"rendered":"http:\/\/www.hoymercedes.com.ar\/principal\/?p=17077"},"modified":"2012-10-19T14:55:54","modified_gmt":"2012-10-19T14:55:54","slug":"participacion-mercedina-en-acto-de-peronistas-sin-fronteras-en-la-ciudad-de-azul","status":"publish","type":"post","link":"https:\/\/www.hoymercedes.com.ar\/principal\/2012\/10\/19\/participacion-mercedina-en-acto-de-peronistas-sin-fronteras-en-la-ciudad-de-azul\/","title":{"rendered":"Participaci\u00f3n mercedina en acto de \u201cPeronistas sin Fronteras\u201d, en la ciudad de Azul"},"content":{"rendered":"<p><a href=\"https:\/\/www.hoymercedes.com.ar\/principal\/wp-content\/uploads\/2012\/10\/Arlia.Azul_.jpg\"><img loading=\"lazy\" decoding=\"async\" data-attachment-id=\"17079\" data-permalink=\"https:\/\/www.hoymercedes.com.ar\/principal\/2012\/10\/19\/participacion-mercedina-en-acto-de-peronistas-sin-fronteras-en-la-ciudad-de-azul\/arlia-azul\/#main\" data-orig-file=\"https:\/\/www.hoymercedes.com.ar\/principal\/wp-content\/uploads\/2012\/10\/Arlia.Azul_.jpg\" data-orig-size=\"616,430\" data-comments-opened=\"1\" data-image-meta=\"{&quot;aperture&quot;:&quot;0&quot;,&quot;credit&quot;:&quot;&quot;,&quot;camera&quot;:&quot;&quot;,&quot;caption&quot;:&quot;&quot;,&quot;created_timestamp&quot;:&quot;0&quot;,&quot;copyright&quot;:&quot;&quot;,&quot;focal_length&quot;:&quot;0&quot;,&quot;iso&quot;:&quot;0&quot;,&quot;shutter_speed&quot;:&quot;0&quot;,&quot;title&quot;:&quot;&quot;}\" data-image-title=\"Arlia.Azul\" data-image-description=\"\" data-image-caption=\"\" data-large-file=\"https:\/\/www.hoymercedes.com.ar\/principal\/wp-content\/uploads\/2012\/10\/Arlia.Azul_.jpg\" class=\"aligncenter size-full wp-image-17079\" title=\"Arlia.Azul\" src=\"https:\/\/www.hoymercedes.com.ar\/principal\/wp-content\/uploads\/2012\/10\/Arlia.Azul_.jpg\" alt=\"\" width=\"616\" height=\"430\" \/><\/a><\/p>\n<p>Este jueves fue inaugurado en la ciudad de Azul, el local de la agrupaci\u00f3n Peronistas Sin Fronteras, que lidera Alejandro Arl\u00eda, y con la presencia de Mercedinos. Fue notable la presencia de j\u00f3venes de nuestra ciudad, donde tambi\u00e9n se destaco el locutor y animador Diego Mar\u00fa, quien llevo adelante la conducci\u00f3n del evento con la remera que identifica a ese sector pol\u00edtico.<\/p>\n<p>Tambi\u00e9n pudo verse en el lugar a quien alguna vez fuera funcionario del Municipio de Mercedes y hoy se desempe\u00f1a como Asesor del Ministerio de Infraestructura de la Provincia de Bs As junto a su esposa Lucrecia Egger.<\/p>\n<p>Luego de la inauguraci\u00f3n, que se realizo pocos minutos despu\u00e9s de las 19 horas en el local ubicado en Av. Monse\u00f1or C\u00e1neva y calle Roca, con una conferencia de prensa, se trasladaron al Centro Cultural ADIFA de la ciudad de Azul ubicado en Av. 25 de mayo 1036, para un gran encuentro con la militancia, en el marco del \u201cD\u00eda de la Lealtad Peronista\u201d y la inauguraci\u00f3n de la sede partidaria, en lo que dieron en llamar \u201cFiesta del Encuentro de la Militancia\u201d.<\/p>\n<p>Participaron representaciones de Chascomus, Las Flores, Brandsen, Mercedes, Quilmes, Alte. Brown, Tornsquinst, Gonz\u00e1lez Ch\u00e1vez, Gral. Madariaga, Gral. Guido, Gral. Paz, Ayacucho, Roque P\u00e9rez, Salto, San Nicol\u00e1s, Rojas, Lezama; se dio acuse de recibo de las adhesiones manifestadas por la Diputada Nacional Gloria Bidegain, del Diputado Provincial Mario Caputo, de la Ministro de Econom\u00eda Silvina Batakis, de la Directora Gral. de Cultura y Educaci\u00f3n Nora de Lucia, del Director Ejecutivo de A.R.B.A. Martin Di Bella; y de los Intendentes Carlos Selva de Mercedes, Oscar \u201cChiquito\u201d Ostoich de Capit\u00e1n Sarmiento, y la del propio Jos\u00e9 Manuel Inza, Intendente de Azul.<\/p>\n<p><a href=\"https:\/\/www.hoymercedes.com.ar\/principal\/wp-content\/uploads\/2012\/10\/Arlia.Azul_.II_.jpg\"><img loading=\"lazy\" decoding=\"async\" data-attachment-id=\"17080\" data-permalink=\"https:\/\/www.hoymercedes.com.ar\/principal\/2012\/10\/19\/participacion-mercedina-en-acto-de-peronistas-sin-fronteras-en-la-ciudad-de-azul\/arlia-azul-ii\/#main\" data-orig-file=\"https:\/\/www.hoymercedes.com.ar\/principal\/wp-content\/uploads\/2012\/10\/Arlia.Azul_.II_.jpg\" data-orig-size=\"616,519\" data-comments-opened=\"1\" data-image-meta=\"{&quot;aperture&quot;:&quot;0&quot;,&quot;credit&quot;:&quot;&quot;,&quot;camera&quot;:&quot;&quot;,&quot;caption&quot;:&quot;&quot;,&quot;created_timestamp&quot;:&quot;0&quot;,&quot;copyright&quot;:&quot;&quot;,&quot;focal_length&quot;:&quot;0&quot;,&quot;iso&quot;:&quot;0&quot;,&quot;shutter_speed&quot;:&quot;0&quot;,&quot;title&quot;:&quot;&quot;}\" data-image-title=\"Arlia.Azul.II\" data-image-description=\"\" data-image-caption=\"\" data-large-file=\"https:\/\/www.hoymercedes.com.ar\/principal\/wp-content\/uploads\/2012\/10\/Arlia.Azul_.II_.jpg\" class=\"aligncenter size-full wp-image-17080\" title=\"Arlia.Azul.II\" src=\"https:\/\/www.hoymercedes.com.ar\/principal\/wp-content\/uploads\/2012\/10\/Arlia.Azul_.II_.jpg\" alt=\"\" width=\"616\" height=\"519\" srcset=\"https:\/\/www.hoymercedes.com.ar\/principal\/wp-content\/uploads\/2012\/10\/Arlia.Azul_.II_.jpg 616w, https:\/\/www.hoymercedes.com.ar\/principal\/wp-content\/uploads\/2012\/10\/Arlia.Azul_.II_-300x252.jpg 300w\" sizes=\"auto, (max-width: 616px) 100vw, 616px\" \/><\/a><\/p>\n<p>La voz del locutor mercedino fue marcando los pasos del evento, y los bombos y tambores caracter\u00edsticos de estos actos sonaron mas fuerte con el anuncio de la llegada del referente local Hern\u00e1n Bertellys, quien junto a funcionarios provinciales, locales, concejales y referentes pol\u00edticos de la regi\u00f3n, fueron abriendo paso para el ingreso del Conductor del espacio pol\u00edtico \u201cPeronistas sin Fronteras\u201d, el Lic. Alejandro Arl\u00eda, actual Ministro de Infraestructura de la Provincia de Buenos Aires.<\/p>\n<p>Primero se oyeron las palabras del actual Secretario de Turismo y Promoci\u00f3n de Eventos y Fiestas Populares de Azul y referente de esta agrupaci\u00f3n en esa ciudad Hern\u00e1n Bertellys, y luego el Lic. Arl\u00eda quien en su discurso dijo, entre otras cosas \u201cnuestros enemigos, no son los adversarios pol\u00edticos, nuestros enemigos son la pobreza, la inseguridad, la desocupaci\u00f3n, a ellos tenemos que enfrentar, y les ganaremos con trabajo\u2026\u201d<\/p>\n<p><a href=\"https:\/\/www.hoymercedes.com.ar\/principal\/wp-content\/uploads\/2012\/10\/Maru.Azul_.jpg\"><img loading=\"lazy\" decoding=\"async\" data-attachment-id=\"17081\" data-permalink=\"https:\/\/www.hoymercedes.com.ar\/principal\/2012\/10\/19\/participacion-mercedina-en-acto-de-peronistas-sin-fronteras-en-la-ciudad-de-azul\/maru-azul\/#main\" data-orig-file=\"https:\/\/www.hoymercedes.com.ar\/principal\/wp-content\/uploads\/2012\/10\/Maru.Azul_.jpg\" data-orig-size=\"616,495\" data-comments-opened=\"1\" data-image-meta=\"{&quot;aperture&quot;:&quot;0&quot;,&quot;credit&quot;:&quot;&quot;,&quot;camera&quot;:&quot;&quot;,&quot;caption&quot;:&quot;&quot;,&quot;created_timestamp&quot;:&quot;0&quot;,&quot;copyright&quot;:&quot;&quot;,&quot;focal_length&quot;:&quot;0&quot;,&quot;iso&quot;:&quot;0&quot;,&quot;shutter_speed&quot;:&quot;0&quot;,&quot;title&quot;:&quot;&quot;}\" data-image-title=\"Maru.Azul\" data-image-description=\"\" data-image-caption=\"\" data-large-file=\"https:\/\/www.hoymercedes.com.ar\/principal\/wp-content\/uploads\/2012\/10\/Maru.Azul_.jpg\" class=\"aligncenter size-full wp-image-17081\" title=\"Maru.Azul\" src=\"https:\/\/www.hoymercedes.com.ar\/principal\/wp-content\/uploads\/2012\/10\/Maru.Azul_.jpg\" alt=\"\" width=\"616\" height=\"495\" srcset=\"https:\/\/www.hoymercedes.com.ar\/principal\/wp-content\/uploads\/2012\/10\/Maru.Azul_.jpg 616w, https:\/\/www.hoymercedes.com.ar\/principal\/wp-content\/uploads\/2012\/10\/Maru.Azul_-300x241.jpg 300w\" sizes=\"auto, (max-width: 616px) 100vw, 616px\" \/><\/a><\/p>\n<p>\u201cNo venimos a dividir, somos respetuosos de una l\u00ednea de conducta, con Cristina (Kirchner) Presidente y con Daniel como Gobernador (Scioli), pero viendo realidades que se viven d\u00eda a d\u00eda, y siendo peronistas, siguiendo los ejemplos de Per\u00f3n, Eva Per\u00f3n, y N\u00e9stor Kirchner\u201d<\/p>\n","protected":false},"excerpt":{"rendered":"<p>Este jueves fue inaugurado en la ciudad de Azul, el local de la agrupaci\u00f3n Peronistas Sin Fronteras, que lidera Alejandro &#8230; <a title=\"Participaci\u00f3n mercedina en acto de \u201cPeronistas sin Fronteras\u201d, en la ciudad de Azul\" class=\"read-more\" href=\"https:\/\/www.hoymercedes.com.ar\/principal\/2012\/10\/19\/participacion-mercedina-en-acto-de-peronistas-sin-fronteras-en-la-ciudad-de-azul\/\" aria-label=\"Leer m\u00e1s sobre Participaci\u00f3n mercedina en acto de \u201cPeronistas sin Fronteras\u201d, en la ciudad de Azul\">Leer m\u00e1s<\/a><\/p>\n","protected":false},"author":1,"featured_media":0,"comment_status":"open","ping_status":"open","sticky":false,"template":"","format":"standard","meta":{"_monsterinsights_skip_tracking":false,"_monsterinsights_sitenote_active":false,"_monsterinsights_sitenote_note":"","_monsterinsights_sitenote_category":0,"jetpack_post_was_ever_published":false,"_jetpack_newsletter_access":"","_jetpack_dont_email_post_to_subs":false,"_jetpack_newsletter_tier_id":0,"_jetpack_memberships_contains_paywalled_content":false,"_jetpack_memberships_contains_paid_content":false,"footnotes":"","jetpack_publicize_message":"","jetpack_publicize_feature_enabled":true,"jetpack_social_post_already_shared":false,"jetpack_social_options":{"image_generator_settings":{"template":"highway","default_image_id":0,"font":"","enabled":false},"version":2},"_wpas_customize_per_network":false},"categories":[5],"tags":[2861],"class_list":["post-17077","post","type-post","status-publish","format-standard","hentry","category-politica","tag-mercedinos-acto-azul","generate-columns","tablet-grid-50","mobile-grid-100","grid-parent","grid-50"],"jetpack_publicize_connections":[],"jetpack_featured_media_url":"","wps_subtitle":"","jetpack_sharing_enabled":true,"_links":{"self":[{"href":"https:\/\/www.hoymercedes.com.ar\/principal\/wp-json\/wp\/v2\/posts\/17077","targetHints":{"allow":["GET"]}}],"collection":[{"href":"https:\/\/www.hoymercedes.com.ar\/principal\/wp-json\/wp\/v2\/posts"}],"about":[{"href":"https:\/\/www.hoymercedes.com.ar\/principal\/wp-json\/wp\/v2\/types\/post"}],"author":[{"embeddable":true,"href":"https:\/\/www.hoymercedes.com.ar\/principal\/wp-json\/wp\/v2\/users\/1"}],"replies":[{"embeddable":true,"href":"https:\/\/www.hoymercedes.com.ar\/principal\/wp-json\/wp\/v2\/comments?post=17077"}],"version-history":[{"count":0,"href":"https:\/\/www.hoymercedes.com.ar\/principal\/wp-json\/wp\/v2\/posts\/17077\/revisions"}],"wp:attachment":[{"href":"https:\/\/www.hoymercedes.com.ar\/principal\/wp-json\/wp\/v2\/media?parent=17077"}],"wp:term":[{"taxonomy":"category","embeddable":true,"href":"https:\/\/www.hoymercedes.com.ar\/principal\/wp-json\/wp\/v2\/categories?post=17077"},{"taxonomy":"post_tag","embeddable":true,"href":"https:\/\/www.hoymercedes.com.ar\/principal\/wp-json\/wp\/v2\/tags?post=17077"}],"curies":[{"name":"wp","href":"https:\/\/api.w.org\/{rel}","templated":true}]}}