{"id":170867,"date":"2023-12-21T08:34:59","date_gmt":"2023-12-21T11:34:59","guid":{"rendered":"https:\/\/www.hoymercedes.com.ar\/principal\/?p=170867"},"modified":"2023-12-21T08:35:02","modified_gmt":"2023-12-21T11:35:02","slug":"fallecio-el-historico-productor-de-salame-carlos-berro","status":"publish","type":"post","link":"https:\/\/www.hoymercedes.com.ar\/principal\/2023\/12\/21\/fallecio-el-historico-productor-de-salame-carlos-berro\/","title":{"rendered":"Falleci\u00f3 el hist\u00f3rico productor de salame Carlos Berro"},"content":{"rendered":"\n<figure class=\"wp-block-image size-large\"><img loading=\"lazy\" decoding=\"async\" width=\"1024\" height=\"683\" data-attachment-id=\"170868\" data-permalink=\"https:\/\/www.hoymercedes.com.ar\/principal\/2023\/12\/21\/fallecio-el-historico-productor-de-salame-carlos-berro\/sja_9302\/#main\" data-orig-file=\"https:\/\/www.hoymercedes.com.ar\/principal\/wp-content\/uploads\/2023\/12\/SJA_9302.jpg\" data-orig-size=\"1241,828\" data-comments-opened=\"0\" data-image-meta=\"{&quot;aperture&quot;:&quot;0&quot;,&quot;credit&quot;:&quot;SEBASTIANAMBROSSIO&quot;,&quot;camera&quot;:&quot;&quot;,&quot;caption&quot;:&quot;&quot;,&quot;created_timestamp&quot;:&quot;0&quot;,&quot;copyright&quot;:&quot;SebastianAmbrossio&quot;,&quot;focal_length&quot;:&quot;0&quot;,&quot;iso&quot;:&quot;0&quot;,&quot;shutter_speed&quot;:&quot;0&quot;,&quot;title&quot;:&quot;&quot;,&quot;orientation&quot;:&quot;0&quot;}\" data-image-title=\"Carlos Berro\" data-image-description=\"&lt;p&gt;Carlos Berro&lt;\/p&gt;\n\" data-image-caption=\"&lt;p&gt;Carlos Berro&lt;\/p&gt;\n\" data-large-file=\"https:\/\/www.hoymercedes.com.ar\/principal\/wp-content\/uploads\/2023\/12\/SJA_9302-1024x683.jpg\" src=\"https:\/\/www.hoymercedes.com.ar\/principal\/wp-content\/uploads\/2023\/12\/SJA_9302-1024x683.jpg\" alt=\"\" class=\"wp-image-170868\" srcset=\"https:\/\/www.hoymercedes.com.ar\/principal\/wp-content\/uploads\/2023\/12\/SJA_9302-1024x683.jpg 1024w, https:\/\/www.hoymercedes.com.ar\/principal\/wp-content\/uploads\/2023\/12\/SJA_9302-630x420.jpg 630w, https:\/\/www.hoymercedes.com.ar\/principal\/wp-content\/uploads\/2023\/12\/SJA_9302-150x100.jpg 150w, https:\/\/www.hoymercedes.com.ar\/principal\/wp-content\/uploads\/2023\/12\/SJA_9302.jpg 1241w\" sizes=\"auto, (max-width: 1024px) 100vw, 1024px\" \/><\/figure>\n\n\n\n<p>El hist\u00f3rico productor de salame e integrante de la Fiesta Nacional, promotor y vocero destacado del gran encuentro mercedino falleci\u00f3 en horas de la noche del pasado 20 de diciembre. Actu\u00f3 el SAME. Lamentablemente perdi\u00f3 la vida.<\/p>\n\n\n\n<p>Berro fue un reconocido comerciante, pero m\u00e1s que nada productor de saleme quintero. Cumpli\u00f3 un rol muy valioso por haber ido en m\u00faltiples ocasiones donde no s\u00f3lo promov\u00eda la fiesta y el producto, sino a toda la comunidad como espacio tur\u00edstico.<\/p>\n\n\n\n<p>Se supo que tuvo un problema aparentemente card\u00edaco, del cual ten\u00eda antecedentes.<\/p>\n\n\n\n<p>El pesar es amplio entre quienes lo conocieron, incluido este medio a quien en sus inicios supo apoyar.<\/p>\n","protected":false},"excerpt":{"rendered":"<p>El hist\u00f3rico productor de salame e integrante de la Fiesta Nacional, promotor y vocero destacado del gran encuentro mercedino falleci\u00f3 &#8230; <a title=\"Falleci\u00f3 el hist\u00f3rico productor de salame Carlos Berro\" class=\"read-more\" href=\"https:\/\/www.hoymercedes.com.ar\/principal\/2023\/12\/21\/fallecio-el-historico-productor-de-salame-carlos-berro\/\" aria-label=\"Leer m\u00e1s sobre Falleci\u00f3 el hist\u00f3rico productor de salame Carlos Berro\">Leer m\u00e1s<\/a><\/p>\n","protected":false},"author":1,"featured_media":170868,"comment_status":"closed","ping_status":"open","sticky":false,"template":"","format":"standard","meta":{"_monsterinsights_skip_tracking":false,"_monsterinsights_sitenote_active":false,"_monsterinsights_sitenote_note":"","_monsterinsights_sitenote_category":0,"jetpack_post_was_ever_published":false,"_jetpack_newsletter_access":"","_jetpack_dont_email_post_to_subs":false,"_jetpack_newsletter_tier_id":0,"_jetpack_memberships_contains_paywalled_content":false,"_jetpack_memberships_contains_paid_content":false,"footnotes":"","jetpack_publicize_message":"","jetpack_publicize_feature_enabled":true,"jetpack_social_post_already_shared":true,"jetpack_social_options":{"image_generator_settings":{"template":"highway","default_image_id":0,"font":"","enabled":false},"version":2},"_wpas_customize_per_network":false},"categories":[8],"tags":[18944],"class_list":["post-170867","post","type-post","status-publish","format-standard","has-post-thumbnail","hentry","category-sociedad","tag-carlos-berro","generate-columns","tablet-grid-50","mobile-grid-100","grid-parent","grid-50"],"jetpack_publicize_connections":[],"jetpack_featured_media_url":"https:\/\/www.hoymercedes.com.ar\/principal\/wp-content\/uploads\/2023\/12\/SJA_9302.jpg","wps_subtitle":"Ondo pesar ","jetpack_sharing_enabled":true,"_links":{"self":[{"href":"https:\/\/www.hoymercedes.com.ar\/principal\/wp-json\/wp\/v2\/posts\/170867","targetHints":{"allow":["GET"]}}],"collection":[{"href":"https:\/\/www.hoymercedes.com.ar\/principal\/wp-json\/wp\/v2\/posts"}],"about":[{"href":"https:\/\/www.hoymercedes.com.ar\/principal\/wp-json\/wp\/v2\/types\/post"}],"author":[{"embeddable":true,"href":"https:\/\/www.hoymercedes.com.ar\/principal\/wp-json\/wp\/v2\/users\/1"}],"replies":[{"embeddable":true,"href":"https:\/\/www.hoymercedes.com.ar\/principal\/wp-json\/wp\/v2\/comments?post=170867"}],"version-history":[{"count":0,"href":"https:\/\/www.hoymercedes.com.ar\/principal\/wp-json\/wp\/v2\/posts\/170867\/revisions"}],"wp:featuredmedia":[{"embeddable":true,"href":"https:\/\/www.hoymercedes.com.ar\/principal\/wp-json\/wp\/v2\/media\/170868"}],"wp:attachment":[{"href":"https:\/\/www.hoymercedes.com.ar\/principal\/wp-json\/wp\/v2\/media?parent=170867"}],"wp:term":[{"taxonomy":"category","embeddable":true,"href":"https:\/\/www.hoymercedes.com.ar\/principal\/wp-json\/wp\/v2\/categories?post=170867"},{"taxonomy":"post_tag","embeddable":true,"href":"https:\/\/www.hoymercedes.com.ar\/principal\/wp-json\/wp\/v2\/tags?post=170867"}],"curies":[{"name":"wp","href":"https:\/\/api.w.org\/{rel}","templated":true}]}}