{"id":170905,"date":"2023-12-22T06:43:50","date_gmt":"2023-12-22T09:43:50","guid":{"rendered":"https:\/\/www.hoymercedes.com.ar\/principal\/?p=170905"},"modified":"2023-12-22T06:43:54","modified_gmt":"2023-12-22T09:43:54","slug":"detienen-al-autor-del-homicidio-de-patricio-ricci","status":"publish","type":"post","link":"https:\/\/www.hoymercedes.com.ar\/principal\/2023\/12\/22\/detienen-al-autor-del-homicidio-de-patricio-ricci\/","title":{"rendered":"Detienen al autor del homicidio de Patricio Ricci"},"content":{"rendered":"\n<p>Desde el Ministerio P\u00fablico Fiscal Depto Judicial de Mercedes informaron que se llev\u00f3 adelante la detenci\u00f3n del responsable del siniestro vial que deriv\u00f3 en el fallecimiento de Patricio Ricci. Se lo acusa de homicidio culposo por el hecho ocurrido en colectora de ruta 5. <\/p>\n\n\n\n<p>\u00abSe llev\u00f3 a cabo la detenci\u00f3n de una persona vinculada a un homicidio culposo ocurrido en el mes de octubre en colectora de ruta nacional n\u00b0 5 en la ciudad de Mercedes. La detenci\u00f3n se hizo efectiva en la tarde del jueves con colaboraci\u00f3n de personal policial del Destacamento Gowland.<\/p>\n\n\n\n<p>En la tarde del d\u00eda 19 de octubre del corriente, a la altura del kil\u00f3metro 94 de la colectora sur de ruta 5 (de mano sentido Mercedes &#8211; Luj\u00e1n) ocurri\u00f3 un siniestro vial del que resultara v\u00edctima Patricio Ricci (56). El mismo iba a bordo de una bicicleta tipo Mountain bike y por causas que son materia de investigaci\u00f3n fue impactado por otro veh\u00edculo de mayor porte, que tras el hecho se dio a la fuga del lugar. Las heridas provocadas en el siniestro resultaron en el fallecimiento del ciclista.<\/p>\n\n\n\n<p><\/p>\n\n\n\n<p>En este marco tom\u00f3 intervenci\u00f3n la Unidad Funcional de Instrucci\u00f3n N.\u00ba 6 &#8211; a cargo del dr. Luis Carcagno &#8211; del Departamento Judicial Mercedes.<br>En primera instancia se hab\u00eda sospechado de un rodado conducido por un sujeto de otra localidad, pero las evidencias permitieron descartarlo a los pocos d\u00edas.<\/p>\n\n\n\n<p>Tras diversas tareas investigativas se logr\u00f3 determinar la participaci\u00f3n del veh\u00edculo causante del siniestro e identificar a su propietario. Ello gracias a un exhaustivo an\u00e1lisis de las c\u00e1maras de filmaci\u00f3n cercanas al lugar del hecho que captaron un rodado de mayor porte con caracter\u00edsticas espec\u00edficas circulando cerca del ciclista.<\/p>\n\n\n\n<p>En base a ello se llev\u00f3 a cabo un allanamiento en la urgencia &#8211; bajo las facultades que son propias del fiscal &#8211; donde se secuestr\u00f3 el veh\u00edculo en la zona de Altamira siendo una camioneta Dodge 200 con caja de madera. Este fue peritado y se logr\u00f3 extraer restos de material biol\u00f3gico que fueron cotejados y arrojaron coincidencia de ADN con la v\u00edctima.<\/p>\n\n\n\n<p>Con los elementos reunidos se solicit\u00f3 por ante el Juzgado de Garant\u00edas N\u00b0 3 &#8211; a cargo del dr. Patricio Arrieta- una orden de detenci\u00f3n para con el imputado. La misma se efectivizo en la jornada de este jueves con colaboraci\u00f3n de Destacamento Gowland.<\/p>\n\n\n\n<p>El imputado (un sujeto de 67 a\u00f1os, oriundo de Mercedes) comparecer\u00e1 ante el agente fiscal actuante en el marco de la audiencia de declaraci\u00f3n en los t\u00e9rminos del art. 308 del C\u00f3digo Procesal Penal en la jornada de este viernes 22 del corriente. Ser\u00e1 por el delito de \u201cHomicidio culposo calificado por la conducci\u00f3n, imprudente, negligente y\/o antirreglamentaria de un veh\u00edculo con motor, agravado por darse a la fuga del lugar del hecho y sin intentar socorrer a la v\u00edctima\u00bb.<\/p>\n\n\n\n<p>Fuente: \u00c1rea Comunicacional- Ministerio P\u00fablico Fiscal Departamental Mercedes<\/p>\n","protected":false},"excerpt":{"rendered":"<p>Desde el Ministerio P\u00fablico Fiscal Depto Judicial de Mercedes informaron que se llev\u00f3 adelante la detenci\u00f3n del responsable del siniestro &#8230; <a title=\"Detienen al autor del homicidio de Patricio Ricci\" class=\"read-more\" href=\"https:\/\/www.hoymercedes.com.ar\/principal\/2023\/12\/22\/detienen-al-autor-del-homicidio-de-patricio-ricci\/\" aria-label=\"Leer m\u00e1s sobre Detienen al autor del homicidio de Patricio Ricci\">Leer m\u00e1s<\/a><\/p>\n","protected":false},"author":1,"featured_media":125642,"comment_status":"closed","ping_status":"open","sticky":false,"template":"","format":"standard","meta":{"_monsterinsights_skip_tracking":false,"_monsterinsights_sitenote_active":false,"_monsterinsights_sitenote_note":"","_monsterinsights_sitenote_category":0,"jetpack_post_was_ever_published":false,"_jetpack_newsletter_access":"","_jetpack_dont_email_post_to_subs":false,"_jetpack_newsletter_tier_id":0,"_jetpack_memberships_contains_paywalled_content":false,"_jetpack_memberships_contains_paid_content":false,"footnotes":"","jetpack_publicize_message":"","jetpack_publicize_feature_enabled":true,"jetpack_social_post_already_shared":true,"jetpack_social_options":{"image_generator_settings":{"template":"highway","default_image_id":0,"font":"","enabled":false},"version":2},"_wpas_customize_per_network":false},"categories":[8],"tags":[],"class_list":["post-170905","post","type-post","status-publish","format-standard","has-post-thumbnail","hentry","category-sociedad","generate-columns","tablet-grid-50","mobile-grid-100","grid-parent","grid-50"],"jetpack_publicize_connections":[],"jetpack_featured_media_url":"https:\/\/www.hoymercedes.com.ar\/principal\/wp-content\/uploads\/2021\/03\/02-movil-policia.jpg","wps_subtitle":"","jetpack_sharing_enabled":true,"_links":{"self":[{"href":"https:\/\/www.hoymercedes.com.ar\/principal\/wp-json\/wp\/v2\/posts\/170905","targetHints":{"allow":["GET"]}}],"collection":[{"href":"https:\/\/www.hoymercedes.com.ar\/principal\/wp-json\/wp\/v2\/posts"}],"about":[{"href":"https:\/\/www.hoymercedes.com.ar\/principal\/wp-json\/wp\/v2\/types\/post"}],"author":[{"embeddable":true,"href":"https:\/\/www.hoymercedes.com.ar\/principal\/wp-json\/wp\/v2\/users\/1"}],"replies":[{"embeddable":true,"href":"https:\/\/www.hoymercedes.com.ar\/principal\/wp-json\/wp\/v2\/comments?post=170905"}],"version-history":[{"count":0,"href":"https:\/\/www.hoymercedes.com.ar\/principal\/wp-json\/wp\/v2\/posts\/170905\/revisions"}],"wp:featuredmedia":[{"embeddable":true,"href":"https:\/\/www.hoymercedes.com.ar\/principal\/wp-json\/wp\/v2\/media\/125642"}],"wp:attachment":[{"href":"https:\/\/www.hoymercedes.com.ar\/principal\/wp-json\/wp\/v2\/media?parent=170905"}],"wp:term":[{"taxonomy":"category","embeddable":true,"href":"https:\/\/www.hoymercedes.com.ar\/principal\/wp-json\/wp\/v2\/categories?post=170905"},{"taxonomy":"post_tag","embeddable":true,"href":"https:\/\/www.hoymercedes.com.ar\/principal\/wp-json\/wp\/v2\/tags?post=170905"}],"curies":[{"name":"wp","href":"https:\/\/api.w.org\/{rel}","templated":true}]}}