{"id":170974,"date":"2023-12-23T15:33:46","date_gmt":"2023-12-23T18:33:46","guid":{"rendered":"https:\/\/www.hoymercedes.com.ar\/principal\/?p=170974"},"modified":"2023-12-23T15:37:24","modified_gmt":"2023-12-23T18:37:24","slug":"feria-de-arte-para-navidad","status":"publish","type":"post","link":"https:\/\/www.hoymercedes.com.ar\/principal\/2023\/12\/23\/feria-de-arte-para-navidad\/","title":{"rendered":"Feria de Arte para Navidad"},"content":{"rendered":"\n<p>El viernes abri\u00f3 sus puertas Espacio Urbano 2324 para acoger La Feria de Navidad organizada por Natalia Giumelli y Karina Vola. Este s\u00e1bado contin\u00faa de 18:30 a 21:00 en calle 3 entre 26 y 28.<\/p>\n\n\n\n<p>Los artistas que participan ofreciendo sus obrs a la venta: Manu Aparicio, Pablo Blasberg, Jimena Cardenas,  Marcela Cueto,  Gaston Girard, Natalia Giumellli, Karina Vola, Yacare, Cesar Lalla, Mirta Leyes, Elisabet Moleres, Nicolas Pousthomi, Gisela Vola, Pablo Russo, Marcos Tabossi, Juliana Zitta, entre otros. <\/p>\n\n\n\n<figure class=\"wp-block-video\"><video height=\"1280\" style=\"aspect-ratio: 720 \/ 1280;\" width=\"720\" controls src=\"https:\/\/www.hoymercedes.com.ar\/principal\/wp-content\/uploads\/2023\/12\/VID-20231223-WA0009.mp4\"><\/video><\/figure>\n","protected":false},"excerpt":{"rendered":"<p>El viernes abri\u00f3 sus puertas Espacio Urbano 2324 para acoger La Feria de Navidad organizada por Natalia Giumelli y Karina &#8230; <a title=\"Feria de Arte para Navidad\" class=\"read-more\" href=\"https:\/\/www.hoymercedes.com.ar\/principal\/2023\/12\/23\/feria-de-arte-para-navidad\/\" aria-label=\"Leer m\u00e1s sobre Feria de Arte para Navidad\">Leer m\u00e1s<\/a><\/p>\n","protected":false},"author":1,"featured_media":170975,"comment_status":"closed","ping_status":"open","sticky":false,"template":"","format":"standard","meta":{"_monsterinsights_skip_tracking":false,"_monsterinsights_sitenote_active":false,"_monsterinsights_sitenote_note":"","_monsterinsights_sitenote_category":0,"jetpack_post_was_ever_published":false,"_jetpack_newsletter_access":"","_jetpack_dont_email_post_to_subs":false,"_jetpack_newsletter_tier_id":0,"_jetpack_memberships_contains_paywalled_content":false,"_jetpack_memberships_contains_paid_content":false,"footnotes":"","jetpack_publicize_message":"","jetpack_publicize_feature_enabled":true,"jetpack_social_post_already_shared":true,"jetpack_social_options":{"image_generator_settings":{"template":"highway","default_image_id":0,"font":"","enabled":false},"version":2},"_wpas_customize_per_network":false},"categories":[104],"tags":[7805],"class_list":["post-170974","post","type-post","status-publish","format-standard","has-post-thumbnail","hentry","category-cultura","tag-cultura","generate-columns","tablet-grid-50","mobile-grid-100","grid-parent","grid-50"],"jetpack_publicize_connections":[],"jetpack_featured_media_url":"https:\/\/www.hoymercedes.com.ar\/principal\/wp-content\/uploads\/2023\/12\/IMG-20231223-WA0008_copy_600x849.jpg","wps_subtitle":"","jetpack_sharing_enabled":true,"_links":{"self":[{"href":"https:\/\/www.hoymercedes.com.ar\/principal\/wp-json\/wp\/v2\/posts\/170974","targetHints":{"allow":["GET"]}}],"collection":[{"href":"https:\/\/www.hoymercedes.com.ar\/principal\/wp-json\/wp\/v2\/posts"}],"about":[{"href":"https:\/\/www.hoymercedes.com.ar\/principal\/wp-json\/wp\/v2\/types\/post"}],"author":[{"embeddable":true,"href":"https:\/\/www.hoymercedes.com.ar\/principal\/wp-json\/wp\/v2\/users\/1"}],"replies":[{"embeddable":true,"href":"https:\/\/www.hoymercedes.com.ar\/principal\/wp-json\/wp\/v2\/comments?post=170974"}],"version-history":[{"count":0,"href":"https:\/\/www.hoymercedes.com.ar\/principal\/wp-json\/wp\/v2\/posts\/170974\/revisions"}],"wp:featuredmedia":[{"embeddable":true,"href":"https:\/\/www.hoymercedes.com.ar\/principal\/wp-json\/wp\/v2\/media\/170975"}],"wp:attachment":[{"href":"https:\/\/www.hoymercedes.com.ar\/principal\/wp-json\/wp\/v2\/media?parent=170974"}],"wp:term":[{"taxonomy":"category","embeddable":true,"href":"https:\/\/www.hoymercedes.com.ar\/principal\/wp-json\/wp\/v2\/categories?post=170974"},{"taxonomy":"post_tag","embeddable":true,"href":"https:\/\/www.hoymercedes.com.ar\/principal\/wp-json\/wp\/v2\/tags?post=170974"}],"curies":[{"name":"wp","href":"https:\/\/api.w.org\/{rel}","templated":true}]}}