{"id":170981,"date":"2023-12-23T22:00:44","date_gmt":"2023-12-24T01:00:44","guid":{"rendered":"https:\/\/www.hoymercedes.com.ar\/principal\/?p=170981"},"modified":"2023-12-23T22:00:48","modified_gmt":"2023-12-24T01:00:48","slug":"farmacias-contra-el-dnu-de-milei-pone-en-riesgo-la-salud-de-la-poblacion","status":"publish","type":"post","link":"https:\/\/www.hoymercedes.com.ar\/principal\/2023\/12\/23\/farmacias-contra-el-dnu-de-milei-pone-en-riesgo-la-salud-de-la-poblacion\/","title":{"rendered":"Farmacias contra el DNU de Milei: \u201c&#8217;Pone en riesgo la salud de la poblaci\u00f3n\u201d"},"content":{"rendered":"\n<figure class=\"wp-block-image size-large\"><img loading=\"lazy\" decoding=\"async\" width=\"1024\" height=\"683\" data-attachment-id=\"170982\" data-permalink=\"https:\/\/www.hoymercedes.com.ar\/principal\/2023\/12\/23\/farmacias-contra-el-dnu-de-milei-pone-en-riesgo-la-salud-de-la-poblacion\/closeup-view-of-pharmacist-hand-taking-medicine-box-from-the-shelf-in-drug-store\/#main\" data-orig-file=\"https:\/\/www.hoymercedes.com.ar\/principal\/wp-content\/uploads\/2023\/12\/Farmacias-scaled.jpg\" data-orig-size=\"2560,1709\" data-comments-opened=\"0\" data-image-meta=\"{&quot;aperture&quot;:&quot;1.6&quot;,&quot;credit&quot;:&quot;&quot;,&quot;camera&quot;:&quot;NIKON D800E&quot;,&quot;caption&quot;:&quot;Closeup view of pharmacist hand taking medicine box from the shelf in drug store.&quot;,&quot;created_timestamp&quot;:&quot;1573912944&quot;,&quot;copyright&quot;:&quot;&quot;,&quot;focal_length&quot;:&quot;20&quot;,&quot;iso&quot;:&quot;500&quot;,&quot;shutter_speed&quot;:&quot;0.005&quot;,&quot;title&quot;:&quot;Closeup view of pharmacist hand taking medicine box from the shelf in drug store.&quot;,&quot;orientation&quot;:&quot;1&quot;}\" data-image-title=\"Colegio de Farmac\u00e9uticos Mercedes &amp;#8211; Farmacias\" data-image-description=\"&lt;p&gt;Colegio de Farmac\u00e9uticos Mercedes &amp;#8211; Farmacias&lt;\/p&gt;\n\" data-image-caption=\"&lt;p&gt;Colegio de Farmac\u00e9uticos Mercedes &amp;#8211; Farmacias&lt;\/p&gt;\n\" data-large-file=\"https:\/\/www.hoymercedes.com.ar\/principal\/wp-content\/uploads\/2023\/12\/Farmacias-1024x683.jpg\" src=\"https:\/\/www.hoymercedes.com.ar\/principal\/wp-content\/uploads\/2023\/12\/Farmacias-1024x683.jpg\" alt=\"\" class=\"wp-image-170982\" srcset=\"https:\/\/www.hoymercedes.com.ar\/principal\/wp-content\/uploads\/2023\/12\/Farmacias-1024x683.jpg 1024w, https:\/\/www.hoymercedes.com.ar\/principal\/wp-content\/uploads\/2023\/12\/Farmacias-630x420.jpg 630w, https:\/\/www.hoymercedes.com.ar\/principal\/wp-content\/uploads\/2023\/12\/Farmacias-150x100.jpg 150w, https:\/\/www.hoymercedes.com.ar\/principal\/wp-content\/uploads\/2023\/12\/Farmacias-1536x1025.jpg 1536w, https:\/\/www.hoymercedes.com.ar\/principal\/wp-content\/uploads\/2023\/12\/Farmacias-2048x1367.jpg 2048w\" sizes=\"auto, (max-width: 1024px) 100vw, 1024px\" \/><figcaption class=\"wp-element-caption\">Closeup view of pharmacist hand taking medicine box from the shelf in drug store.<\/figcaption><\/figure>\n\n\n\n<p>Podr\u00eda generar impacto en la salud de las personas. La Confederaci\u00f3n Farmac\u00e9utica Argentina indic\u00f3 que el DNU del Ejecutivo perjudica y relega el rol de las farmacias \u201cal servicio de la voracidad econ\u00f3mica de unos pocos\u201d colocando a los medicamentos \u201cmero objeto del consumo\u201d, al igual que un caramelo.<\/p>\n\n\n\n<p>A trav\u00e9s de un comunicado sostuvo que las farmacias declaran rechazar el Cap\u00edtulo IX del T\u00edtulo XI &#8211; Salud del extenso decreto de necesidad y urgencia (DNU) que anunci\u00f3 el presidente Javier Milei.<\/p>\n\n\n\n<p>\u201cEsta medida pone en riesgo la salud de la poblaci\u00f3n y el acceso a todos los medicamentos\u201d, sostuvo la entidad.<\/p>\n\n\n\n<p>\u201cUna vez m\u00e1s se quiere insistir con un modelo probadamente fallido que pretende desprofesionalizar la farmacia, quit\u00e1ndole su esencia como centro de salud. La farmacia no es un comercio. La profesi\u00f3n farmac\u00e9utica ha sido profundamente afectada y gravemente agredida por el Decreto de Necesidad y Urgencia 70\/23 emitido ayer por el Poder Ejecutivo. Esta medida pone en riesgo la salud de la poblaci\u00f3n y el acceso a todos los medicamentos\u201d, advierten desde la COFA.<\/p>\n\n\n\n<p>\u201cLa Confederaci\u00f3n Farmac\u00e9utica Argentina, en representaci\u00f3n de decenas de miles de profesionales de farmacias de todo el pa\u00eds, remarca que es un nuevo avasallamiento a nuestra profesi\u00f3n -como ocurri\u00f3 en la d\u00e9cada del \u201890- mediante la total intervenci\u00f3n de la letra de la ley 17565\u2033<\/p>\n\n\n\n<p>\u201cAdem\u00e1s, con ello, abre nuevamente la puerta en la Argentina a la circulaci\u00f3n de medicamentos falsos y adulterados, poniendo en serio riesgo la salud de las personas, como tambi\u00e9n ya ocurri\u00f3 en la d\u00e9cada del 90\u2032\u201d<\/p>\n\n\n\n<p>Se espera la situaci\u00f3n tenga nuevos cap\u00edtulo dada la gravedad planteada por la confederaci\u00f3n a instancias de los Colegios de Farmac\u00e9uticos.<\/p>\n","protected":false},"excerpt":{"rendered":"<p>Podr\u00eda generar impacto en la salud de las personas. La Confederaci\u00f3n Farmac\u00e9utica Argentina indic\u00f3 que el DNU del Ejecutivo perjudica &#8230; <a title=\"Farmacias contra el DNU de Milei: \u201c&#8217;Pone en riesgo la salud de la poblaci\u00f3n\u201d\" class=\"read-more\" href=\"https:\/\/www.hoymercedes.com.ar\/principal\/2023\/12\/23\/farmacias-contra-el-dnu-de-milei-pone-en-riesgo-la-salud-de-la-poblacion\/\" aria-label=\"Leer m\u00e1s sobre Farmacias contra el DNU de Milei: \u201c&#8217;Pone en riesgo la salud de la poblaci\u00f3n\u201d\">Leer m\u00e1s<\/a><\/p>\n","protected":false},"author":1,"featured_media":170982,"comment_status":"closed","ping_status":"open","sticky":false,"template":"","format":"standard","meta":{"_monsterinsights_skip_tracking":false,"_monsterinsights_sitenote_active":false,"_monsterinsights_sitenote_note":"","_monsterinsights_sitenote_category":0,"jetpack_post_was_ever_published":false,"_jetpack_newsletter_access":"","_jetpack_dont_email_post_to_subs":false,"_jetpack_newsletter_tier_id":0,"_jetpack_memberships_contains_paywalled_content":false,"_jetpack_memberships_contains_paid_content":false,"footnotes":"","jetpack_publicize_message":"","jetpack_publicize_feature_enabled":true,"jetpack_social_post_already_shared":true,"jetpack_social_options":{"image_generator_settings":{"template":"highway","default_image_id":0,"font":"","enabled":false},"version":2},"_wpas_customize_per_network":false},"categories":[8],"tags":[18955,12947,10357],"class_list":["post-170981","post","type-post","status-publish","format-standard","has-post-thumbnail","hentry","category-sociedad","tag-centro-medico","tag-colegio-de-farmaceuticos","tag-farmacias","generate-columns","tablet-grid-50","mobile-grid-100","grid-parent","grid-50"],"jetpack_publicize_connections":[],"jetpack_featured_media_url":"https:\/\/www.hoymercedes.com.ar\/principal\/wp-content\/uploads\/2023\/12\/Farmacias-scaled.jpg","wps_subtitle":"Procupaci\u00f3n ","jetpack_sharing_enabled":true,"_links":{"self":[{"href":"https:\/\/www.hoymercedes.com.ar\/principal\/wp-json\/wp\/v2\/posts\/170981","targetHints":{"allow":["GET"]}}],"collection":[{"href":"https:\/\/www.hoymercedes.com.ar\/principal\/wp-json\/wp\/v2\/posts"}],"about":[{"href":"https:\/\/www.hoymercedes.com.ar\/principal\/wp-json\/wp\/v2\/types\/post"}],"author":[{"embeddable":true,"href":"https:\/\/www.hoymercedes.com.ar\/principal\/wp-json\/wp\/v2\/users\/1"}],"replies":[{"embeddable":true,"href":"https:\/\/www.hoymercedes.com.ar\/principal\/wp-json\/wp\/v2\/comments?post=170981"}],"version-history":[{"count":0,"href":"https:\/\/www.hoymercedes.com.ar\/principal\/wp-json\/wp\/v2\/posts\/170981\/revisions"}],"wp:featuredmedia":[{"embeddable":true,"href":"https:\/\/www.hoymercedes.com.ar\/principal\/wp-json\/wp\/v2\/media\/170982"}],"wp:attachment":[{"href":"https:\/\/www.hoymercedes.com.ar\/principal\/wp-json\/wp\/v2\/media?parent=170981"}],"wp:term":[{"taxonomy":"category","embeddable":true,"href":"https:\/\/www.hoymercedes.com.ar\/principal\/wp-json\/wp\/v2\/categories?post=170981"},{"taxonomy":"post_tag","embeddable":true,"href":"https:\/\/www.hoymercedes.com.ar\/principal\/wp-json\/wp\/v2\/tags?post=170981"}],"curies":[{"name":"wp","href":"https:\/\/api.w.org\/{rel}","templated":true}]}}