{"id":171,"date":"2014-07-16T23:19:44","date_gmt":"2014-07-17T02:19:44","guid":{"rendered":"http:\/\/www.hoymercedes.com.ar.ar\/noticias\/?p=171"},"modified":"2014-07-16T23:19:44","modified_gmt":"2014-07-17T02:19:44","slug":"importante-reunion-de-mercedinos-en-vialidad-nacional","status":"publish","type":"post","link":"https:\/\/www.hoymercedes.com.ar\/principal\/2014\/07\/16\/importante-reunion-de-mercedinos-en-vialidad-nacional\/","title":{"rendered":"Importante reuni\u00f3n de mercedinos en Vialidad Nacional"},"content":{"rendered":"<p><a href=\"http:\/\/www.hoymercedes.com.ar.ar\/noticias\/wp-content\/uploads\/2014\/07\/mosso-ustarroz-suarez-occovi-I.jpg\"><img loading=\"lazy\" decoding=\"async\" data-attachment-id=\"173\" data-permalink=\"https:\/\/www.hoymercedes.com.ar\/principal\/2010\/11\/10\/docentes-bonaerenses-preparan-masivo-paro\/baradel\/#main\" data-orig-file=\"https:\/\/www.hoymercedes.com.ar\/principal\/wp-content\/uploads\/2010\/11\/baradel.jpg\" data-orig-size=\"330,219\" data-comments-opened=\"1\" data-image-meta=\"{&quot;aperture&quot;:&quot;0&quot;,&quot;credit&quot;:&quot;&quot;,&quot;camera&quot;:&quot;&quot;,&quot;caption&quot;:&quot;&quot;,&quot;created_timestamp&quot;:&quot;0&quot;,&quot;copyright&quot;:&quot;&quot;,&quot;focal_length&quot;:&quot;0&quot;,&quot;iso&quot;:&quot;0&quot;,&quot;shutter_speed&quot;:&quot;0&quot;,&quot;title&quot;:&quot;&quot;}\" data-image-title=\"baradel\" data-image-description=\"\" data-image-caption=\"\" data-large-file=\"https:\/\/www.hoymercedes.com.ar\/principal\/wp-content\/uploads\/2010\/11\/baradel.jpg\" class=\"Img2014 aligncenter wp-image-173 size-full\" src=\"http:\/\/www.hoymercedes.com.ar.ar\/noticias\/wp-content\/uploads\/2014\/07\/mosso-ustarroz-suarez-occovi-I.jpg\" alt=\"mosso-ustarroz-suarez-occovi-I\" width=\"620\" height=\"465\" \/><\/a><\/p>\n<p><em><strong>Durante la jornada de \u00e9ste mi\u00e9rcoles se llev\u00f3 a cabo una nueva reuni\u00f3n en Capital Federal de representantes de Mercedes integrantes de la Uni\u00f3n de Usuarios Viales y la Comisi\u00f3n de Vecinos con funcionarios de Vialidad Nacional con el objetivo de ver el estado de las obras y preocupaciones apuntadas respecto a la Ruta Nacional N\u00b05. Carlos Mosso, Marcelo Su\u00e1rez y Juan Ustarroz estuvieron por nuestra\u00a0ciudad. Se solicitaron varias cuestiones,\u00a0como raspe para caminos de Gowland y Luj\u00e1n. El primero de ellos son 200 metros para poder contar con un mejor transito para la ambulancia que all\u00ed se encuentra situada.\u00a0<\/strong><\/em><\/p>\n<p>Carlos Mosso, m\u00e1ximo referente local de la Uni\u00f3n de Usuarios Viales, sostuvo: <em>\u00abHoy (por el mi\u00e9rcoles) se realiz\u00f3 una reuni\u00f3n en Vialidad Nacional con Usuarios de distintas localidades que est\u00e1n preocupados por los trabajos que se realizan en la Ruta 5 concesionada. En verdad, se trata de una nueva reuni\u00f3n de trabajo a las anteriormente realizadas con el titular de Vialidad Nelson Periotti y con los t\u00e9cnicos de dicho organismo y del OCCOVI, que el a\u00f1o pasado concurrieron a Mercedes.\u00bb<\/em><\/p>\n<p>En esta oportunidad estuvieron presente por los Usuarios de dicho corredor concesionado,\u00a0Eraldo Gonzalez por Lujan,\u00a0Carlos Mosso, Marcelo Suarez y Juan Ustarroz por Mercedes,\u00a0\u00a0Guillermo Esain por Suipacha y\u00a0Julio Mascheroni por 9 de Julio mientras que lamentaron no llevar desde otras localidades, como Alicia Giorgetti de Bragado quien es parte activa del grupo de usuarios. Por Vialidad Nacional el Lic. Ernesto Arriaga, por el concesionario el Gerente Gral Fabian Guevara y por el OCCOVI el Director Gral Tecnico Ing. A. Curto e Ing. R. Qu\u00f1jillaver.<\/p>\n<p><a href=\"http:\/\/www.hoymercedes.com.ar.ar\/noticias\/wp-content\/uploads\/2014\/07\/mosso-ustarroz-suarez-occovi-II.jpg\"><img loading=\"lazy\" decoding=\"async\" class=\"Img2014 aligncenter wp-image-174 size-full\" src=\"http:\/\/www.hoymercedes.com.ar.ar\/noticias\/wp-content\/uploads\/2014\/07\/mosso-ustarroz-suarez-occovi-II.jpg\" alt=\"mosso-ustarroz-suarez-occovi-II\" width=\"620\" height=\"465\" \/><\/a><\/p>\n<p><em>\u00abLa reuni\u00f3n fue amena y cordial, se trataron exclusivamente los problemas de la Ruta 5, en la parte consecionada por H5, haciendo hincapi\u00e9 en los siguientes puntos que argumentamos y presentamos documentaci\u00f3n\u00bb<\/em>, coment\u00f3 Mosso, a la vez que inform\u00f3 buscaron se comprometieran a la: <em>\u00abaceleraci\u00f3n de las obras de desag\u00fce y la continuaci\u00f3n de los trabajos del empalme de la ruta 5 con el Acceso Oeste. La urgente repavimentaci\u00f3n de la zona, principalmente sobre el puente y rotonda de Lujan entre los km 65 y 75, alertamos sobre la peligrosidad de este tramo sabiendo que hoy los autos y camiones no pasan por el puente viejo sino que pasan por debajo teniendo en cuenta que se esta circulando por frente a la UNLu; Las adecuaci\u00f3n de los lomos de burro y sem\u00e1foros, como as\u00ed tambi\u00e9n un nuevo puente peatonal, para los alumnos de la escuela que cruzan en el Barrio La Hoster\u00eda.La terminaci\u00f3n de una rotonda cerca de la fabrica Vanderfil para que la gente pueda cruzar de un barrio a otro. La homologacion y puesta en funcionamiento de las dos balanzas en 9 de julio y la de Olivera, con personal de seguridad (gendarmeria), que es quien tiene poder de polic\u00eda para que los camioneros frenen y puedan ser inspeccionados, control de peso y cargas, documentaciones pertinentes y control de alcoholemia.\u00bb<\/em><\/p>\n<p>El encuentro, donde los mercedinos tuvieron un rol destacado y meticuloso a la hora de enhebrar todas las cuestiones as\u00ed como llevar adelante el punto de aspectos actuales e hist\u00f3ricos tambi\u00e9n permiti\u00f3 tratar las siguientes cuestiones:<\/p>\n<ul>\n<li>Coordinaci\u00f3n entre las partes con autoridad y responsabilidad, para terminar con las picadas de motos en la zona de Olivera.<\/li>\n<li>La continuidad de los trabajos, demorados, de repavimentaci\u00f3n luego de olivera y la finalizaci\u00f3n de la obra de iluminacion en el cruce de la ruta prov. 41<\/li>\n<li>Que se tome una determinaci\u00f3n URGENTE sobre el puente peatonal de la ruta 5 y calle 11, hoy sin terminar, que cuando se continu\u00e9 la AUTOVIA, debe ser desarmado para su extensi\u00f3n.<\/li>\n<li>La realizaci\u00f3n de la obra de AUTOVIA hasta CHIVILCOY que figura en el nuevo contrato 2013, hoy demorada por cuestiones presupuestarias.<\/li>\n<li>La rotonda de Suipacha, que esta en el contrato vigente, no queremos esperar a la extensi\u00f3n de la AUTOVIA para que la construyan, desde ya, por seguridad.<\/li>\n<li>Las obras que se tendr\u00edan que haber comenzado entre Chivilcoy y Carlos Casares, rotondas, ensanche y reparaci\u00f3n de banquinas, demarcaci\u00f3n horizontal y vertical, bacheo, etc.<\/li>\n<li>La re-adecuaci\u00f3n en la entrada de Mercedes de la cual hay un proyecto muy costoso con un puente y nosotros pedimos la reforma de la misma con una entrada a la ciudad anterior a la que hoy existe, considerando que la actual esta mal dise\u00f1ada y es muy peligrosa.<img loading=\"lazy\" decoding=\"async\" class=\"Img2014 aligncenter wp-image-175 size-full\" src=\"http:\/\/www.hoymercedes.com.ar.ar\/noticias\/wp-content\/uploads\/2014\/07\/mosso-ustarroz-suarez-occovi-III.jpg\" alt=\"mosso-ustarroz-suarez-occovi-III\" width=\"620\" height=\"345\" \/><\/li>\n<\/ul>\n<p>Tambi\u00e9n comentaron que: <em>\u00abSe consulto, para que nos den por escrito, a quien pertenece la ex ruta 5, tramo hoy Av. 2 entre Av. 1 y Av. 29, exhibiendo por nuestra parte, documentaci\u00f3n que argumenta que es de Vialidad Nacional, de ser as\u00ed, se podr\u00eda incorporar dicha obra al contrato actual de H 5.\u00a0Seguridad Vial en todo el corredor, se pidi\u00f3, tomen las medidas necesarias y urgente por las picadas de motos los fines de semana, incluso mostrando un video de las mismas. <\/em><br \/>\n<em>Se pidi\u00f3 por el destacamento de la Agencia de Seguridad Vial que iba a instalarse en Gorostiaga, quienes controlaran con radares y veh\u00edculos el corredor concesionado.\u00a0Se cursar\u00e1 una reuni\u00f3n con el Secretario de Seguridad Nacional, Sergio Berni, para exponer la problem\u00e1tica y gestionar que facilite el personal de Gendarmeria correspondiente, para brindar apoyo en los puestos requeridos.<\/em><em>Pedimos y conseguimos raspe, para 200 mts de calles en la ciudad de Gowland, siendo colocadas por la empresa H5, esto es para que la Ambulancia instalada en dicha ciudad, tenga facilidad de transito desde su puesto a la colectora, tambi\u00e9n 100 mts mas para una calle en Luj\u00e1n, la misma, reacondicionada con este raspe, facilitara el transito del medico del barrio.\u00bb<\/em><\/p>\n<p>Para finalizar, Mosso remarc\u00f3: <em>\u00abEste es un reflejo de una gesti\u00f3n mas que venimos llevando a cabo los coordinadores comprometidos, los que viajamos muchos kms realizando Audiencias Publicas en distintas ciudades de la Provincia, golpeando todas las puertas posibles en pos de lograr objetivos para todos, dejando nuestros trabajos particulares, cubriendo los gastos con nuestro dinero, sin banderias partidarias, en este caso por la ruta nacional 5, en su tramo Concesionado, Luj\u00e1n &#8211; Casares, en otros casos por todas las rutas que se encuentran deterioradas. En s\u00ed quedamos conformes con la reuni\u00f3n. Seguiremos trabajando en la tem\u00e1tica, no s\u00f3lo pedimos rutas en buen estado, sino, seguras, es important\u00edsimo, m\u00e1s cuando vemos 23 v\u00edctimas por d\u00eda y m\u00e1s de 8500 por a\u00f1o siendo el 60% en nuestra provincia.\u00bb<\/em><\/p>\n<p>&nbsp;<\/p>\n","protected":false},"excerpt":{"rendered":"<p>Durante la jornada de \u00e9ste mi\u00e9rcoles se llev\u00f3 a cabo una nueva reuni\u00f3n en Capital Federal de representantes de Mercedes &#8230; <a title=\"Importante reuni\u00f3n de mercedinos en Vialidad Nacional\" class=\"read-more\" href=\"https:\/\/www.hoymercedes.com.ar\/principal\/2014\/07\/16\/importante-reunion-de-mercedinos-en-vialidad-nacional\/\" aria-label=\"Leer m\u00e1s sobre Importante reuni\u00f3n de mercedinos en Vialidad Nacional\">Leer m\u00e1s<\/a><\/p>\n","protected":false},"author":1,"featured_media":0,"comment_status":"open","ping_status":"open","sticky":false,"template":"","format":"standard","meta":{"_monsterinsights_skip_tracking":false,"_monsterinsights_sitenote_active":false,"_monsterinsights_sitenote_note":"","_monsterinsights_sitenote_category":0,"jetpack_post_was_ever_published":false,"_jetpack_newsletter_access":"","_jetpack_dont_email_post_to_subs":false,"_jetpack_newsletter_tier_id":0,"_jetpack_memberships_contains_paywalled_content":false,"_jetpack_memberships_contains_paid_content":false,"footnotes":"","jetpack_publicize_message":"","jetpack_publicize_feature_enabled":true,"jetpack_social_post_already_shared":true,"jetpack_social_options":{"image_generator_settings":{"template":"highway","default_image_id":0,"font":"","enabled":false},"version":2},"_wpas_customize_per_network":false},"categories":[5608],"tags":[3052,585,713,2754],"class_list":["post-171","post","type-post","status-publish","format-standard","hentry","category-sin-categoria","tag-carlos-mosso","tag-juan-ustarroz","tag-marcelo-suarez","tag-union-de-usuarios-viales","generate-columns","tablet-grid-50","mobile-grid-100","grid-parent","grid-50"],"jetpack_publicize_connections":[],"jetpack_featured_media_url":"","wps_subtitle":"Por Ruta N\u00b05 y acciones en Gowland y Luj\u00e1n","jetpack_sharing_enabled":true,"_links":{"self":[{"href":"https:\/\/www.hoymercedes.com.ar\/principal\/wp-json\/wp\/v2\/posts\/171","targetHints":{"allow":["GET"]}}],"collection":[{"href":"https:\/\/www.hoymercedes.com.ar\/principal\/wp-json\/wp\/v2\/posts"}],"about":[{"href":"https:\/\/www.hoymercedes.com.ar\/principal\/wp-json\/wp\/v2\/types\/post"}],"author":[{"embeddable":true,"href":"https:\/\/www.hoymercedes.com.ar\/principal\/wp-json\/wp\/v2\/users\/1"}],"replies":[{"embeddable":true,"href":"https:\/\/www.hoymercedes.com.ar\/principal\/wp-json\/wp\/v2\/comments?post=171"}],"version-history":[{"count":0,"href":"https:\/\/www.hoymercedes.com.ar\/principal\/wp-json\/wp\/v2\/posts\/171\/revisions"}],"wp:attachment":[{"href":"https:\/\/www.hoymercedes.com.ar\/principal\/wp-json\/wp\/v2\/media?parent=171"}],"wp:term":[{"taxonomy":"category","embeddable":true,"href":"https:\/\/www.hoymercedes.com.ar\/principal\/wp-json\/wp\/v2\/categories?post=171"},{"taxonomy":"post_tag","embeddable":true,"href":"https:\/\/www.hoymercedes.com.ar\/principal\/wp-json\/wp\/v2\/tags?post=171"}],"curies":[{"name":"wp","href":"https:\/\/api.w.org\/{rel}","templated":true}]}}