{"id":171024,"date":"2023-12-25T14:32:05","date_gmt":"2023-12-25T17:32:05","guid":{"rendered":"https:\/\/www.hoymercedes.com.ar\/principal\/?p=171024"},"modified":"2023-12-25T14:58:12","modified_gmt":"2023-12-25T17:58:12","slug":"tragico-incendio-con-una-persona-fallecida-en-la-madrugada-de-navidad","status":"publish","type":"post","link":"https:\/\/www.hoymercedes.com.ar\/principal\/2023\/12\/25\/tragico-incendio-con-una-persona-fallecida-en-la-madrugada-de-navidad\/","title":{"rendered":"Tr\u00e1gico incendio con una persona fallecida en la madrugada de navidad"},"content":{"rendered":"\n<p>Durante la madrugada de este 25 se produjo un incendio de grandes dimensiones que gener\u00f3 la p\u00e9rdida de la vida de un menor y destrucci\u00f3n total de la vivienda. Hubo 5 efectivos de la Polic\u00eda Comunal internados. El hecho sucedi\u00f3 en 119 entre 314 y 316 alrededor de las 02am.<\/p>\n\n\n\n<p>Llegada lal alerta se inici\u00f3 un r\u00e1pido operativo de asistencia que cont\u00f3 con Bomberos Voluntarios, SAME, Polic\u00eda Comunal, Secretar\u00eda de Seguridad, Protecci\u00f3n Civil, pero fue de tal rapidez y magnitud que provoc\u00f3 la p\u00e9rdida de la vida de un menor de 6 a\u00f1os de edad y la destrucci\u00f3n total de la vivienda.<\/p>\n\n\n\n<p>Lucas Pereyra estuvo a cargo desde la Polic\u00eda mientas que Pablo Marconi desde Bomberos. Cristian Paglieri desde SAME mientras que Agustina Lor\u00e9 desde Protecci\u00f3n Civil. Por su parte Mat\u00edas Maresca y V\u00edctor Palazzo desde la Secretar\u00eda de Seguridad tambi\u00e9n fuero parte del operativo.<\/p>\n\n\n\n<p>Tras el grave siniestro inici\u00f3 su operativo la Secretar\u00eda de Desarrollo de la Comunidad con Bautista Mansilla y los equipos t\u00e9cnicos. Los efectivos Chee, Mart\u00ednez, Defelipe, Sayago y Sotelo debieron ser internados en el Dubarry, siendo 4 de ellos ya dados de alta y uno se mantiene en observaci\u00f3n.<\/p>\n\n\n\n<p>La victima es un menor de 6 a\u00f1os de edad que, extra oficialmente, se supo estaba al momento con sus abuelos. <\/p>\n\n\n\n<p>Si bien no hay informes oficiales del peritaje, se sospecha pudo haberse generado el incendio por un corto circuito el\u00e9ctrico.<\/p>\n","protected":false},"excerpt":{"rendered":"<p>Durante la madrugada de este 25 se produjo un incendio de grandes dimensiones que gener\u00f3 la p\u00e9rdida de la vida &#8230; <a title=\"Tr\u00e1gico incendio con una persona fallecida en la madrugada de navidad\" class=\"read-more\" href=\"https:\/\/www.hoymercedes.com.ar\/principal\/2023\/12\/25\/tragico-incendio-con-una-persona-fallecida-en-la-madrugada-de-navidad\/\" aria-label=\"Leer m\u00e1s sobre Tr\u00e1gico incendio con una persona fallecida en la madrugada de navidad\">Leer m\u00e1s<\/a><\/p>\n","protected":false},"author":1,"featured_media":10507,"comment_status":"closed","ping_status":"open","sticky":false,"template":"","format":"standard","meta":{"_monsterinsights_skip_tracking":false,"_monsterinsights_sitenote_active":false,"_monsterinsights_sitenote_note":"","_monsterinsights_sitenote_category":0,"jetpack_post_was_ever_published":false,"_jetpack_newsletter_access":"","_jetpack_dont_email_post_to_subs":false,"_jetpack_newsletter_tier_id":0,"_jetpack_memberships_contains_paywalled_content":false,"_jetpack_memberships_contains_paid_content":false,"footnotes":"","jetpack_publicize_message":"","jetpack_publicize_feature_enabled":true,"jetpack_social_post_already_shared":true,"jetpack_social_options":{"image_generator_settings":{"template":"highway","default_image_id":0,"font":"","enabled":false},"version":2},"_wpas_customize_per_network":false},"categories":[8],"tags":[],"class_list":["post-171024","post","type-post","status-publish","format-standard","has-post-thumbnail","hentry","category-sociedad","generate-columns","tablet-grid-50","mobile-grid-100","grid-parent","grid-50"],"jetpack_publicize_connections":[],"jetpack_featured_media_url":"https:\/\/www.hoymercedes.com.ar\/principal\/wp-content\/uploads\/2012\/01\/BomberosMercedes.jpg","wps_subtitle":"Hondo dolor ","jetpack_sharing_enabled":true,"_links":{"self":[{"href":"https:\/\/www.hoymercedes.com.ar\/principal\/wp-json\/wp\/v2\/posts\/171024","targetHints":{"allow":["GET"]}}],"collection":[{"href":"https:\/\/www.hoymercedes.com.ar\/principal\/wp-json\/wp\/v2\/posts"}],"about":[{"href":"https:\/\/www.hoymercedes.com.ar\/principal\/wp-json\/wp\/v2\/types\/post"}],"author":[{"embeddable":true,"href":"https:\/\/www.hoymercedes.com.ar\/principal\/wp-json\/wp\/v2\/users\/1"}],"replies":[{"embeddable":true,"href":"https:\/\/www.hoymercedes.com.ar\/principal\/wp-json\/wp\/v2\/comments?post=171024"}],"version-history":[{"count":0,"href":"https:\/\/www.hoymercedes.com.ar\/principal\/wp-json\/wp\/v2\/posts\/171024\/revisions"}],"wp:featuredmedia":[{"embeddable":true,"href":"https:\/\/www.hoymercedes.com.ar\/principal\/wp-json\/wp\/v2\/media\/10507"}],"wp:attachment":[{"href":"https:\/\/www.hoymercedes.com.ar\/principal\/wp-json\/wp\/v2\/media?parent=171024"}],"wp:term":[{"taxonomy":"category","embeddable":true,"href":"https:\/\/www.hoymercedes.com.ar\/principal\/wp-json\/wp\/v2\/categories?post=171024"},{"taxonomy":"post_tag","embeddable":true,"href":"https:\/\/www.hoymercedes.com.ar\/principal\/wp-json\/wp\/v2\/tags?post=171024"}],"curies":[{"name":"wp","href":"https:\/\/api.w.org\/{rel}","templated":true}]}}