{"id":171050,"date":"2023-12-26T07:00:00","date_gmt":"2023-12-26T10:00:00","guid":{"rendered":"https:\/\/www.hoymercedes.com.ar\/principal\/?p=171050"},"modified":"2023-12-26T06:51:05","modified_gmt":"2023-12-26T09:51:05","slug":"350-de-aumento-para-el-gas-pidieron-las-empresas-distribuidoras","status":"publish","type":"post","link":"https:\/\/www.hoymercedes.com.ar\/principal\/2023\/12\/26\/350-de-aumento-para-el-gas-pidieron-las-empresas-distribuidoras\/","title":{"rendered":"350% de aumento para el gas pidieron las empresas distribuidoras"},"content":{"rendered":"\n<p><strong><mark style=\"background-color:#ffff00\" class=\"has-inline-color\">En Mercedes podr\u00eda ser retroactivo a Octubre. <\/mark><\/strong>Piden subir las tarifas desde febrero un m\u00ednimo del <strong>350%. <\/strong>Las empresas lo solicitaron ante Enargas. Har\u00e1 audiencia el 8 de enero para determinar de cu\u00e1nto ser\u00e1 finalmente el aumento. Podr\u00eda ser superior dado el \u201clibre mercado\u201d determinado por el gobierno.<\/p>\n\n\n\n<p>Se supo que el pedido es para el \u00c1rea Metropolitana de Buenos Aires (AMBA) y cifras incluso mayores en el interior del pa\u00eds, seg\u00fan qu\u00e9 compa\u00f1\u00eda sea la que distribuya.<\/p>\n\n\n\n<figure class=\"wp-block-image size-large\"><img loading=\"lazy\" decoding=\"async\" width=\"1024\" height=\"682\" data-attachment-id=\"171051\" data-permalink=\"https:\/\/www.hoymercedes.com.ar\/principal\/2023\/12\/26\/350-de-aumento-para-el-gas-pidieron-las-empresas-distribuidoras\/ornalla-de-gas-gas-natural\/#main\" data-orig-file=\"https:\/\/www.hoymercedes.com.ar\/principal\/wp-content\/uploads\/2023\/12\/Ornalla-de-Gas-Gas-Natural.jpg\" data-orig-size=\"1280,853\" data-comments-opened=\"0\" data-image-meta=\"{&quot;aperture&quot;:&quot;0&quot;,&quot;credit&quot;:&quot;&quot;,&quot;camera&quot;:&quot;&quot;,&quot;caption&quot;:&quot;&quot;,&quot;created_timestamp&quot;:&quot;0&quot;,&quot;copyright&quot;:&quot;&quot;,&quot;focal_length&quot;:&quot;0&quot;,&quot;iso&quot;:&quot;0&quot;,&quot;shutter_speed&quot;:&quot;0&quot;,&quot;title&quot;:&quot;&quot;,&quot;orientation&quot;:&quot;0&quot;}\" data-image-title=\"Aumento del Gas en Mercedes\" data-image-description=\"&lt;p&gt;Aumento del Gas en Mercedes&lt;\/p&gt;\n\" data-image-caption=\"&lt;p&gt;Aumento del Gas en Mercedes&lt;\/p&gt;\n\" data-large-file=\"https:\/\/www.hoymercedes.com.ar\/principal\/wp-content\/uploads\/2023\/12\/Ornalla-de-Gas-Gas-Natural-1024x682.jpg\" src=\"https:\/\/www.hoymercedes.com.ar\/principal\/wp-content\/uploads\/2023\/12\/Ornalla-de-Gas-Gas-Natural-1024x682.jpg\" alt=\"\" class=\"wp-image-171051\" srcset=\"https:\/\/www.hoymercedes.com.ar\/principal\/wp-content\/uploads\/2023\/12\/Ornalla-de-Gas-Gas-Natural-1024x682.jpg 1024w, https:\/\/www.hoymercedes.com.ar\/principal\/wp-content\/uploads\/2023\/12\/Ornalla-de-Gas-Gas-Natural-630x420.jpg 630w, https:\/\/www.hoymercedes.com.ar\/principal\/wp-content\/uploads\/2023\/12\/Ornalla-de-Gas-Gas-Natural-150x100.jpg 150w, https:\/\/www.hoymercedes.com.ar\/principal\/wp-content\/uploads\/2023\/12\/Ornalla-de-Gas-Gas-Natural-700x465.jpg 700w, https:\/\/www.hoymercedes.com.ar\/principal\/wp-content\/uploads\/2023\/12\/Ornalla-de-Gas-Gas-Natural.jpg 1280w\" sizes=\"auto, (max-width: 1024px) 100vw, 1024px\" \/><\/figure>\n\n\n\n<p>En cuanto al AMBA expusieron que en rigor deber\u00eda ser del <strong>376,52%\u201d<\/strong><\/p>\n\n\n\n<p><strong>Mercedes<\/strong><\/p>\n\n\n\n<p><strong><mark style=\"background-color:#ffff00\" class=\"has-inline-color\">Naturgy<\/mark><\/strong>, que es la empresa que opera en nuestra ciudad y la \u00a0Provincia de Buenos Aires, solicit\u00f3 \u201cconsiderase una recomposici\u00f3n tarifaria siguiendo los criterios de c\u00e1lculo se\u00f1alados con anterioridad, para que sean aplicados desde enero 2024\u201d<\/p>\n\n\n\n<p>No conforme con ello pidi\u00f3 un retroactivo expresando que requiere una \u201c<strong><mark style=\"background-color:#ffff00\" class=\"has-inline-color\">adecuaci\u00f3n Transitoria de la tarifa de manera urgente a ser aplicado desde octubre 2023<\/mark><\/strong>, dados los significativos aumentos de los costos de prestaci\u00f3n de servicio, que generaron una importante merma de ingresos de las tarifas vigentes desde el 29 de abril, dado que los aumentos sostenidos de precios se intensificaron en magnitud notablemente, a partir de mayo de 2023\u201d.<\/p>\n\n\n\n<p><strong>Bolsillo<\/strong><\/p>\n\n\n\n<p>De esta manera el salario de las y los trabajadores recibir\u00e1 un nuevo y fuerte golpe, al ya vivido con la devaluaci\u00f3n del 118% impuesto d\u00edas atr\u00e1s por el presidente Milei y el ministro Caputo.<\/p>\n","protected":false},"excerpt":{"rendered":"<p>En Mercedes podr\u00eda ser retroactivo a Octubre. Piden subir las tarifas desde febrero un m\u00ednimo del 350%. Las empresas lo &#8230; <a title=\"350% de aumento para el gas pidieron las empresas distribuidoras\" class=\"read-more\" href=\"https:\/\/www.hoymercedes.com.ar\/principal\/2023\/12\/26\/350-de-aumento-para-el-gas-pidieron-las-empresas-distribuidoras\/\" aria-label=\"Leer m\u00e1s sobre 350% de aumento para el gas pidieron las empresas distribuidoras\">Leer m\u00e1s<\/a><\/p>\n","protected":false},"author":1,"featured_media":171051,"comment_status":"closed","ping_status":"open","sticky":false,"template":"","format":"standard","meta":{"_monsterinsights_skip_tracking":false,"_monsterinsights_sitenote_active":false,"_monsterinsights_sitenote_note":"","_monsterinsights_sitenote_category":0,"jetpack_post_was_ever_published":false,"_jetpack_newsletter_access":"","_jetpack_dont_email_post_to_subs":false,"_jetpack_newsletter_tier_id":0,"_jetpack_memberships_contains_paywalled_content":false,"_jetpack_memberships_contains_paid_content":false,"footnotes":"","jetpack_publicize_message":"","jetpack_publicize_feature_enabled":true,"jetpack_social_post_already_shared":true,"jetpack_social_options":{"image_generator_settings":{"template":"highway","default_image_id":0,"font":"","enabled":false},"version":2},"_wpas_customize_per_network":false},"categories":[8],"tags":[18962,18960,18961,18959],"class_list":["post-171050","post","type-post","status-publish","format-standard","has-post-thumbnail","hentry","category-sociedad","tag-aumento-del-gas-en-mercedes","tag-devaluacion-del-peso","tag-ricos-mas-ricos","tag-tarifazo-milei","generate-columns","tablet-grid-50","mobile-grid-100","grid-parent","grid-50"],"jetpack_publicize_connections":[],"jetpack_featured_media_url":"https:\/\/www.hoymercedes.com.ar\/principal\/wp-content\/uploads\/2023\/12\/Ornalla-de-Gas-Gas-Natural.jpg","wps_subtitle":"Tarifazos","jetpack_sharing_enabled":true,"_links":{"self":[{"href":"https:\/\/www.hoymercedes.com.ar\/principal\/wp-json\/wp\/v2\/posts\/171050","targetHints":{"allow":["GET"]}}],"collection":[{"href":"https:\/\/www.hoymercedes.com.ar\/principal\/wp-json\/wp\/v2\/posts"}],"about":[{"href":"https:\/\/www.hoymercedes.com.ar\/principal\/wp-json\/wp\/v2\/types\/post"}],"author":[{"embeddable":true,"href":"https:\/\/www.hoymercedes.com.ar\/principal\/wp-json\/wp\/v2\/users\/1"}],"replies":[{"embeddable":true,"href":"https:\/\/www.hoymercedes.com.ar\/principal\/wp-json\/wp\/v2\/comments?post=171050"}],"version-history":[{"count":0,"href":"https:\/\/www.hoymercedes.com.ar\/principal\/wp-json\/wp\/v2\/posts\/171050\/revisions"}],"wp:featuredmedia":[{"embeddable":true,"href":"https:\/\/www.hoymercedes.com.ar\/principal\/wp-json\/wp\/v2\/media\/171051"}],"wp:attachment":[{"href":"https:\/\/www.hoymercedes.com.ar\/principal\/wp-json\/wp\/v2\/media?parent=171050"}],"wp:term":[{"taxonomy":"category","embeddable":true,"href":"https:\/\/www.hoymercedes.com.ar\/principal\/wp-json\/wp\/v2\/categories?post=171050"},{"taxonomy":"post_tag","embeddable":true,"href":"https:\/\/www.hoymercedes.com.ar\/principal\/wp-json\/wp\/v2\/tags?post=171050"}],"curies":[{"name":"wp","href":"https:\/\/api.w.org\/{rel}","templated":true}]}}