{"id":171103,"date":"2023-12-27T21:44:42","date_gmt":"2023-12-28T00:44:42","guid":{"rendered":"https:\/\/www.hoymercedes.com.ar\/principal\/?p=171103"},"modified":"2024-01-05T09:00:08","modified_gmt":"2024-01-05T12:00:08","slug":"mercedes-muevas-marcha-contra-el-dnu-el-ajuste-y-las-privatizaciones","status":"publish","type":"post","link":"https:\/\/www.hoymercedes.com.ar\/principal\/2023\/12\/27\/mercedes-muevas-marcha-contra-el-dnu-el-ajuste-y-las-privatizaciones\/","title":{"rendered":"Mercedes: muevas marcha contra el DNU, el ajuste y las privatizaciones"},"content":{"rendered":"\n<figure class=\"wp-block-image size-large\"><img loading=\"lazy\" decoding=\"async\" width=\"1024\" height=\"768\" data-attachment-id=\"171104\" data-permalink=\"https:\/\/www.hoymercedes.com.ar\/principal\/2023\/12\/27\/mercedes-muevas-marcha-contra-el-dnu-el-ajuste-y-las-privatizaciones\/marcha-contradnu-27-12-2023-2\/#main\" data-orig-file=\"https:\/\/www.hoymercedes.com.ar\/principal\/wp-content\/uploads\/2023\/12\/Marcha-ContraDNU-27.12.2023.2.jpg\" data-orig-size=\"1280,960\" data-comments-opened=\"0\" data-image-meta=\"{&quot;aperture&quot;:&quot;0&quot;,&quot;credit&quot;:&quot;&quot;,&quot;camera&quot;:&quot;&quot;,&quot;caption&quot;:&quot;&quot;,&quot;created_timestamp&quot;:&quot;0&quot;,&quot;copyright&quot;:&quot;&quot;,&quot;focal_length&quot;:&quot;0&quot;,&quot;iso&quot;:&quot;0&quot;,&quot;shutter_speed&quot;:&quot;0&quot;,&quot;title&quot;:&quot;&quot;,&quot;orientation&quot;:&quot;0&quot;}\" data-image-title=\"Marcha-ContraDNU-27.12.2023.2\" data-image-description=\"&lt;p&gt;Marcha contra el DNU de Milei&lt;\/p&gt;\n\" data-image-caption=\"&lt;p&gt;Marcha contra el DNU de Milei&lt;\/p&gt;\n\" data-large-file=\"https:\/\/www.hoymercedes.com.ar\/principal\/wp-content\/uploads\/2023\/12\/Marcha-ContraDNU-27.12.2023.2-1024x768.jpg\" src=\"https:\/\/www.hoymercedes.com.ar\/principal\/wp-content\/uploads\/2023\/12\/Marcha-ContraDNU-27.12.2023.2-1024x768.jpg\" alt=\"\" class=\"wp-image-171104\" srcset=\"https:\/\/www.hoymercedes.com.ar\/principal\/wp-content\/uploads\/2023\/12\/Marcha-ContraDNU-27.12.2023.2-1024x768.jpg 1024w, https:\/\/www.hoymercedes.com.ar\/principal\/wp-content\/uploads\/2023\/12\/Marcha-ContraDNU-27.12.2023.2-630x473.jpg 630w, https:\/\/www.hoymercedes.com.ar\/principal\/wp-content\/uploads\/2023\/12\/Marcha-ContraDNU-27.12.2023.2-150x113.jpg 150w, https:\/\/www.hoymercedes.com.ar\/principal\/wp-content\/uploads\/2023\/12\/Marcha-ContraDNU-27.12.2023.2.jpg 1280w\" sizes=\"auto, (max-width: 1024px) 100vw, 1024px\" \/><\/figure>\n\n\n\n<p> <span lang=\"ES-MX\" style=\"mso-ansi-language:ES-MX\">Se llev\u00f3 adelante una nueva asamblea y movilizaci\u00f3n multisectorial en Plaza San Mart\u00edn. <strong>\u201cLa patria no se vende\u201d<\/strong> fue una de las consignas, entre otras varias, <strong>contra el DNU del presidente Milei <\/strong>que golpea en distintos aspectos a la sociedad. Estuvo presente el actual intendente <strong>Juani Ustarroz,<\/strong> adem\u00e1s de vecinos, vecinas, representaciones pol\u00edticas, militantes, artistas, entre otros.<\/span><p class=\"MsoNormal\" style=\"text-align:justify\"><span lang=\"ES-MX\" style=\"mso-ansi-language:ES-MX\">El encuentro impulsado por m\u00faltiples sectores de la comunidad pone en debate  la compleja situaci\u00f3n de <strong>vulnerabilidad<\/strong> a la que se expone a la sociedad tras el decreto y ley \u00f3mnibus presentados por el gobierno de Milei.En Plaza San Mart\u00edn hubo, adem\u00e1s, micr\u00f3fono abierto, cacerolazo y movilizaci\u00f3n con recorrida por el casco hist\u00f3rico de la ciudad para dar mayor visibilidad a la acci\u00f3n colectiva. <\/span><\/p>En Mercedes ya se hab\u00eda marchado la semana pasada, al igual que en el resto del pa\u00eds, con las cacerolas espont\u00e1neas. <\/p>\n","protected":false},"excerpt":{"rendered":"<p>Se llev\u00f3 adelante una nueva asamblea y movilizaci\u00f3n multisectorial en Plaza San Mart\u00edn. \u201cLa patria no se vende\u201d fue una &#8230; <a title=\"Mercedes: muevas marcha contra el DNU, el ajuste y las privatizaciones\" class=\"read-more\" href=\"https:\/\/www.hoymercedes.com.ar\/principal\/2023\/12\/27\/mercedes-muevas-marcha-contra-el-dnu-el-ajuste-y-las-privatizaciones\/\" aria-label=\"Leer m\u00e1s sobre Mercedes: muevas marcha contra el DNU, el ajuste y las privatizaciones\">Leer m\u00e1s<\/a><\/p>\n","protected":false},"author":1,"featured_media":171104,"comment_status":"closed","ping_status":"open","sticky":false,"template":"","format":"standard","meta":{"_monsterinsights_skip_tracking":false,"_monsterinsights_sitenote_active":false,"_monsterinsights_sitenote_note":"","_monsterinsights_sitenote_category":0,"jetpack_post_was_ever_published":false,"_jetpack_newsletter_access":"","_jetpack_dont_email_post_to_subs":false,"_jetpack_newsletter_tier_id":0,"_jetpack_memberships_contains_paywalled_content":false,"_jetpack_memberships_contains_paid_content":false,"footnotes":"","jetpack_publicize_message":"","jetpack_publicize_feature_enabled":true,"jetpack_social_post_already_shared":true,"jetpack_social_options":{"image_generator_settings":{"template":"highway","default_image_id":0,"font":"","enabled":false},"version":2},"_wpas_customize_per_network":false},"categories":[8],"tags":[18965,18963],"class_list":["post-171103","post","type-post","status-publish","format-standard","has-post-thumbnail","hentry","category-sociedad","tag-cacerolazo-en-mercedes","tag-marcha-contra-el-dnu-de-milei","generate-columns","tablet-grid-50","mobile-grid-100","grid-parent","grid-50"],"jetpack_publicize_connections":[],"jetpack_featured_media_url":"https:\/\/www.hoymercedes.com.ar\/principal\/wp-content\/uploads\/2023\/12\/Marcha-ContraDNU-27.12.2023.2.jpg","wps_subtitle":"Cacerolas  y protestas","jetpack_sharing_enabled":true,"_links":{"self":[{"href":"https:\/\/www.hoymercedes.com.ar\/principal\/wp-json\/wp\/v2\/posts\/171103","targetHints":{"allow":["GET"]}}],"collection":[{"href":"https:\/\/www.hoymercedes.com.ar\/principal\/wp-json\/wp\/v2\/posts"}],"about":[{"href":"https:\/\/www.hoymercedes.com.ar\/principal\/wp-json\/wp\/v2\/types\/post"}],"author":[{"embeddable":true,"href":"https:\/\/www.hoymercedes.com.ar\/principal\/wp-json\/wp\/v2\/users\/1"}],"replies":[{"embeddable":true,"href":"https:\/\/www.hoymercedes.com.ar\/principal\/wp-json\/wp\/v2\/comments?post=171103"}],"version-history":[{"count":0,"href":"https:\/\/www.hoymercedes.com.ar\/principal\/wp-json\/wp\/v2\/posts\/171103\/revisions"}],"wp:featuredmedia":[{"embeddable":true,"href":"https:\/\/www.hoymercedes.com.ar\/principal\/wp-json\/wp\/v2\/media\/171104"}],"wp:attachment":[{"href":"https:\/\/www.hoymercedes.com.ar\/principal\/wp-json\/wp\/v2\/media?parent=171103"}],"wp:term":[{"taxonomy":"category","embeddable":true,"href":"https:\/\/www.hoymercedes.com.ar\/principal\/wp-json\/wp\/v2\/categories?post=171103"},{"taxonomy":"post_tag","embeddable":true,"href":"https:\/\/www.hoymercedes.com.ar\/principal\/wp-json\/wp\/v2\/tags?post=171103"}],"curies":[{"name":"wp","href":"https:\/\/api.w.org\/{rel}","templated":true}]}}