{"id":171116,"date":"2023-12-28T08:05:00","date_gmt":"2023-12-28T11:05:00","guid":{"rendered":"https:\/\/www.hoymercedes.com.ar\/principal\/?p=171116"},"modified":"2023-12-27T23:15:13","modified_gmt":"2023-12-28T02:15:13","slug":"monotributo-se-viene-un-aumento-del-110","status":"publish","type":"post","link":"https:\/\/www.hoymercedes.com.ar\/principal\/2023\/12\/28\/monotributo-se-viene-un-aumento-del-110\/","title":{"rendered":"Monotributo: se viene un aumento del 110%"},"content":{"rendered":"\n<figure class=\"wp-block-image size-large\"><img loading=\"lazy\" decoding=\"async\" width=\"1024\" height=\"464\" data-attachment-id=\"171117\" data-permalink=\"https:\/\/www.hoymercedes.com.ar\/principal\/2023\/12\/28\/monotributo-se-viene-un-aumento-del-110\/monotributo-afip\/#main\" data-orig-file=\"https:\/\/www.hoymercedes.com.ar\/principal\/wp-content\/uploads\/2023\/12\/Monotributo-Afip.png\" data-orig-size=\"1912,867\" data-comments-opened=\"0\" data-image-meta=\"{&quot;aperture&quot;:&quot;0&quot;,&quot;credit&quot;:&quot;&quot;,&quot;camera&quot;:&quot;&quot;,&quot;caption&quot;:&quot;&quot;,&quot;created_timestamp&quot;:&quot;0&quot;,&quot;copyright&quot;:&quot;&quot;,&quot;focal_length&quot;:&quot;0&quot;,&quot;iso&quot;:&quot;0&quot;,&quot;shutter_speed&quot;:&quot;0&quot;,&quot;title&quot;:&quot;&quot;,&quot;orientation&quot;:&quot;0&quot;}\" data-image-title=\"Aumenta el monotributo\" data-image-description=\"&lt;p&gt;Aumenta el monotributo&lt;\/p&gt;\n\" data-image-caption=\"&lt;p&gt;Aumenta el monotributo&lt;\/p&gt;\n\" data-large-file=\"https:\/\/www.hoymercedes.com.ar\/principal\/wp-content\/uploads\/2023\/12\/Monotributo-Afip-1024x464.png\" src=\"https:\/\/www.hoymercedes.com.ar\/principal\/wp-content\/uploads\/2023\/12\/Monotributo-Afip-1024x464.png\" alt=\"\" class=\"wp-image-171117\" srcset=\"https:\/\/www.hoymercedes.com.ar\/principal\/wp-content\/uploads\/2023\/12\/Monotributo-Afip-1024x464.png 1024w, https:\/\/www.hoymercedes.com.ar\/principal\/wp-content\/uploads\/2023\/12\/Monotributo-Afip-630x286.png 630w, https:\/\/www.hoymercedes.com.ar\/principal\/wp-content\/uploads\/2023\/12\/Monotributo-Afip-150x68.png 150w, https:\/\/www.hoymercedes.com.ar\/principal\/wp-content\/uploads\/2023\/12\/Monotributo-Afip-1536x697.png 1536w, https:\/\/www.hoymercedes.com.ar\/principal\/wp-content\/uploads\/2023\/12\/Monotributo-Afip.png 1912w\" sizes=\"auto, (max-width: 1024px) 100vw, 1024px\" \/><\/figure>\n\n\n\n<p>Analistas lo juzgan como un golpe a la clase media. El plan econ\u00f3mico de Caputo, ex ministro de Macri y actual de Mieli, avanz\u00f3 hacia los monotributistas con un aumento del 110,90% en la al\u00edcuota para el mes de enero. La otra mala es que no eleva en mismo nivel los puntos para facturar. Es decir, subo el pago, no la categorizaci\u00f3n por ingresos.<\/p>\n\n\n\n<p>Es decir: para facturar el punto de incremento ser\u00e1 de un 49% a pesar de una inflaci\u00f3n que en diciembre ser\u00e1 de m\u00e1s del 20%, con lo cual una gran cantidad de monotributistas ver\u00e1n sus categor\u00edas inevitablemente elevadas.<\/p>\n\n\n\n<p>La info se desprende de la actualizaci\u00f3n hecha por AFIP de la tabla anual para el R\u00e9gimen Simplificado de Peque\u00f1os Contribuyentes<\/p>\n\n\n\n<p>La categor\u00eda m\u00e1s baja podr\u00e1n facturar hasta poco m\u00e1s de 2 millones de pesos al a\u00f1o teniendo un pago que pasa de $5.750 a $12.128<\/p>\n\n\n\n<p>Se supo que Colegios de Profesionales de Capital Federal ya est\u00e1n iniciando reclamos y pedidos de revisi\u00f3n. Se espera en Mercedes actores de similar acci\u00f3n defendiendo a sus agremiados.<\/p>\n","protected":false},"excerpt":{"rendered":"<p>Analistas lo juzgan como un golpe a la clase media. El plan econ\u00f3mico de Caputo, ex ministro de Macri y &#8230; <a title=\"Monotributo: se viene un aumento del 110%\" class=\"read-more\" href=\"https:\/\/www.hoymercedes.com.ar\/principal\/2023\/12\/28\/monotributo-se-viene-un-aumento-del-110\/\" aria-label=\"Leer m\u00e1s sobre Monotributo: se viene un aumento del 110%\">Leer m\u00e1s<\/a><\/p>\n","protected":false},"author":1,"featured_media":171117,"comment_status":"closed","ping_status":"open","sticky":false,"template":"","format":"standard","meta":{"_monsterinsights_skip_tracking":false,"_monsterinsights_sitenote_active":false,"_monsterinsights_sitenote_note":"","_monsterinsights_sitenote_category":0,"jetpack_post_was_ever_published":false,"_jetpack_newsletter_access":"","_jetpack_dont_email_post_to_subs":false,"_jetpack_newsletter_tier_id":0,"_jetpack_memberships_contains_paywalled_content":false,"_jetpack_memberships_contains_paid_content":false,"footnotes":"","jetpack_publicize_message":"","jetpack_publicize_feature_enabled":true,"jetpack_social_post_already_shared":true,"jetpack_social_options":{"image_generator_settings":{"template":"highway","default_image_id":0,"font":"","enabled":false},"version":2},"_wpas_customize_per_network":false},"categories":[8],"tags":[1066,14745],"class_list":["post-171116","post","type-post","status-publish","format-standard","has-post-thumbnail","hentry","category-sociedad","tag-afip","tag-monotributo","generate-columns","tablet-grid-50","mobile-grid-100","grid-parent","grid-50"],"jetpack_publicize_connections":[],"jetpack_featured_media_url":"https:\/\/www.hoymercedes.com.ar\/principal\/wp-content\/uploads\/2023\/12\/Monotributo-Afip.png","wps_subtitle":"Golpe al bolsillo ","jetpack_sharing_enabled":true,"_links":{"self":[{"href":"https:\/\/www.hoymercedes.com.ar\/principal\/wp-json\/wp\/v2\/posts\/171116","targetHints":{"allow":["GET"]}}],"collection":[{"href":"https:\/\/www.hoymercedes.com.ar\/principal\/wp-json\/wp\/v2\/posts"}],"about":[{"href":"https:\/\/www.hoymercedes.com.ar\/principal\/wp-json\/wp\/v2\/types\/post"}],"author":[{"embeddable":true,"href":"https:\/\/www.hoymercedes.com.ar\/principal\/wp-json\/wp\/v2\/users\/1"}],"replies":[{"embeddable":true,"href":"https:\/\/www.hoymercedes.com.ar\/principal\/wp-json\/wp\/v2\/comments?post=171116"}],"version-history":[{"count":0,"href":"https:\/\/www.hoymercedes.com.ar\/principal\/wp-json\/wp\/v2\/posts\/171116\/revisions"}],"wp:featuredmedia":[{"embeddable":true,"href":"https:\/\/www.hoymercedes.com.ar\/principal\/wp-json\/wp\/v2\/media\/171117"}],"wp:attachment":[{"href":"https:\/\/www.hoymercedes.com.ar\/principal\/wp-json\/wp\/v2\/media?parent=171116"}],"wp:term":[{"taxonomy":"category","embeddable":true,"href":"https:\/\/www.hoymercedes.com.ar\/principal\/wp-json\/wp\/v2\/categories?post=171116"},{"taxonomy":"post_tag","embeddable":true,"href":"https:\/\/www.hoymercedes.com.ar\/principal\/wp-json\/wp\/v2\/tags?post=171116"}],"curies":[{"name":"wp","href":"https:\/\/api.w.org\/{rel}","templated":true}]}}