{"id":17112,"date":"2012-10-20T03:58:51","date_gmt":"2012-10-20T03:58:51","guid":{"rendered":"http:\/\/www.hoymercedes.com.ar\/principal\/?p=17112"},"modified":"2012-10-20T04:01:42","modified_gmt":"2012-10-20T04:01:42","slug":"martes-concejo-deliberante-con-temario-breve-pero-dos-temas-picantes","status":"publish","type":"post","link":"https:\/\/www.hoymercedes.com.ar\/principal\/2012\/10\/20\/martes-concejo-deliberante-con-temario-breve-pero-dos-temas-picantes\/","title":{"rendered":"Concejo Deliberante con temario breve, pero dos temas picantes"},"content":{"rendered":"<p>El pr\u00f3ximo lunes habr\u00e1 una nueva sesi\u00f3n del Honorable Concejo Deliberante. En la misma hay un orden del d\u00eda mucho m\u00e1s breve de lo que estamos acostumbrados y con temas que desde la mirada del observador externo deber\u00edan ser relativamente sencillos de tratar, aprobar, rechazar o archivar, pero, sin demasiada pol\u00e9mica entre los miembros de las diversas fuerzas.<\/p>\n<p>La sesi\u00f3n ser\u00e1 el lunes a las 19.00hs en el recinto del primer piso del Palacio Municipal. Lo primero que habr\u00e1, como siempre, es la aprobaci\u00f3n de las actas de la sesi\u00f3n pasada. Hay algunas peticiones particulares como la efectuada por la Dra Amancay Herrera que solicita intervenci\u00f3n sobre cuestiones de Altamira o la realizada por la Sociedad de Poetas y Escritores, solicitando se declare de inter\u00e9s municipal el evento que realizar\u00e1n. Hay una contestaci\u00f3n del Departamento Ejecutivo sobre el curso del Arroyo Fr\u00edas, dragado y alambrado. Tambi\u00e9n hay algunos pedidos como connotaci\u00f3n de duda a un inmueble y la b\u00fasqueda de control de plagas en espacios de venta de alimentos.<\/p>\n<p>Est\u00e1 bajo la denominaci\u00f3n \u201cdespachos divididos\u201d el asunto que da cuenta de la n\u00f3mica de los mayores contribuyentes de la ciudad. Ah\u00ed, quiz\u00e1s, el tema pueda dar alg\u00fan color distinto a la sesi\u00f3n, tal vez, en la b\u00fasqueda de una metodolog\u00eda de lectura del asunto.<\/p>\n<p>En cuento a los proyectos presentados nos encontramos con el grueso del temario u orden del d\u00eda, como los siguientes: creaci\u00f3n de pista de skate en el Parque Municipal Independencia (MIC) la creaci\u00f3n Comisi\u00f3n Municipal de Fiestas Populares (PRO), siendo este otro de los temas que podr\u00eda darle algo de sabor a la sesi\u00f3n, especialmente por las posturas antag\u00f3nicas que podr\u00eda despertar entre los bloques. Hay un pedido informe sobre subsidios y microcr\u00e9ditos otorgados desde el 2007 a la fecha (UPRO) mejoramiento de caminos y entoscado (FMPV) junto a otras reparaciones dentro de la zona urbana y suburbana de la ciudad. Se observa un pedido de intimaci\u00f3n a un vecino para que construya ochava seg\u00fan c\u00f3digo de edificaci\u00f3n. Se busca tambi\u00e9n prohibici\u00f3n estacionamiento ambas manos en calle 35 e\/ 104 y 110 (MIC) y prohibici\u00f3n venta de todo medicamento en establecimientos no habilitados por autoridad sanitaria (PJFPV) as\u00ed como solicitando al Departamento Ejecutivo la colocaci\u00f3n de placas escritas en sistema braile. Otro aspecto es el pedido de (FMPV), sobre arreglos del CAPS de Goldney y otros y el tema s\u00ed m\u00e1s candente de la jornada podr\u00eda ser el Proyecto de Resoluci\u00f3n creaci\u00f3n Comisi\u00f3n en el HCD sobre faltas graves del Director de Turismo solicitado por UCR, GEN, FMPV y MIC, naturalmente sin la cobertura del oficialismo. Cerrar\u00e1 la sesi\u00f3n con pedidos de informe sobre recolecci\u00f3n residuos s\u00f3lidos urbanos (UPRO) lo enviado por el Departamento Ejecutivo sobre la convalidaci\u00f3n del contrato de alquiler casa del estudiante en La Plata y tal como sucedi\u00f3 con otras instituciones similares la condonaci\u00f3n de deuda por Tasas Municipales (asfalto) Club Social y Deportivo San Jos\u00e9, Asociaci\u00f3n de la Iglesia Evang\u00e9lica Metodista Argentina y al Club Mercedes.<\/p>\n<p>&nbsp;<\/p>\n","protected":false},"excerpt":{"rendered":"<p>El pr\u00f3ximo lunes habr\u00e1 una nueva sesi\u00f3n del Honorable Concejo Deliberante. En la misma hay un orden del d\u00eda mucho &#8230; <a title=\"Concejo Deliberante con temario breve, pero dos temas picantes\" class=\"read-more\" href=\"https:\/\/www.hoymercedes.com.ar\/principal\/2012\/10\/20\/martes-concejo-deliberante-con-temario-breve-pero-dos-temas-picantes\/\" aria-label=\"Leer m\u00e1s sobre Concejo Deliberante con temario breve, pero dos temas picantes\">Leer m\u00e1s<\/a><\/p>\n","protected":false},"author":1,"featured_media":0,"comment_status":"open","ping_status":"open","sticky":false,"template":"","format":"standard","meta":{"_monsterinsights_skip_tracking":false,"_monsterinsights_sitenote_active":false,"_monsterinsights_sitenote_note":"","_monsterinsights_sitenote_category":0,"jetpack_post_was_ever_published":false,"_jetpack_newsletter_access":"","_jetpack_dont_email_post_to_subs":false,"_jetpack_newsletter_tier_id":0,"_jetpack_memberships_contains_paywalled_content":false,"_jetpack_memberships_contains_paid_content":false,"footnotes":"","jetpack_publicize_message":"","jetpack_publicize_feature_enabled":true,"jetpack_social_post_already_shared":false,"jetpack_social_options":{"image_generator_settings":{"template":"highway","default_image_id":0,"font":"","enabled":false},"version":2},"_wpas_customize_per_network":false},"categories":[5],"tags":[2865],"class_list":["post-17112","post","type-post","status-publish","format-standard","hentry","category-politica","tag-concejo-deliberante-de-mercedes","generate-columns","tablet-grid-50","mobile-grid-100","grid-parent","grid-50"],"jetpack_publicize_connections":[],"jetpack_featured_media_url":"","wps_subtitle":"","jetpack_sharing_enabled":true,"_links":{"self":[{"href":"https:\/\/www.hoymercedes.com.ar\/principal\/wp-json\/wp\/v2\/posts\/17112","targetHints":{"allow":["GET"]}}],"collection":[{"href":"https:\/\/www.hoymercedes.com.ar\/principal\/wp-json\/wp\/v2\/posts"}],"about":[{"href":"https:\/\/www.hoymercedes.com.ar\/principal\/wp-json\/wp\/v2\/types\/post"}],"author":[{"embeddable":true,"href":"https:\/\/www.hoymercedes.com.ar\/principal\/wp-json\/wp\/v2\/users\/1"}],"replies":[{"embeddable":true,"href":"https:\/\/www.hoymercedes.com.ar\/principal\/wp-json\/wp\/v2\/comments?post=17112"}],"version-history":[{"count":0,"href":"https:\/\/www.hoymercedes.com.ar\/principal\/wp-json\/wp\/v2\/posts\/17112\/revisions"}],"wp:attachment":[{"href":"https:\/\/www.hoymercedes.com.ar\/principal\/wp-json\/wp\/v2\/media?parent=17112"}],"wp:term":[{"taxonomy":"category","embeddable":true,"href":"https:\/\/www.hoymercedes.com.ar\/principal\/wp-json\/wp\/v2\/categories?post=17112"},{"taxonomy":"post_tag","embeddable":true,"href":"https:\/\/www.hoymercedes.com.ar\/principal\/wp-json\/wp\/v2\/tags?post=17112"}],"curies":[{"name":"wp","href":"https:\/\/api.w.org\/{rel}","templated":true}]}}