{"id":171150,"date":"2023-12-29T07:40:00","date_gmt":"2023-12-29T10:40:00","guid":{"rendered":"https:\/\/www.hoymercedes.com.ar\/principal\/?p=171150"},"modified":"2023-12-28T23:44:27","modified_gmt":"2023-12-29T02:44:27","slug":"farmaceuticos-mercedinos-movilizan-contra-medidas-de-milei-a-tribunales","status":"publish","type":"post","link":"https:\/\/www.hoymercedes.com.ar\/principal\/2023\/12\/29\/farmaceuticos-mercedinos-movilizan-contra-medidas-de-milei-a-tribunales\/","title":{"rendered":"Farmac\u00e9uticos mercedinos movilizan contra medidas de Milei a Tribunales"},"content":{"rendered":"\n<p>Distintos profesionales de la salud de Mercedes integrantes de la <strong><mark style=\"background-color:#ffff00\" class=\"has-inline-color\">red de Farmacias de la ciudad se movilizar\u00e1n contra el Decreto del Presidente Milei<\/mark><\/strong> y su gabinete. Destacan que las medidas a implementar impactan negativamente en el \u00e1mbito farmac\u00e9utico. <strong>Estar\u00e1n viajando a Tribunales de Capital Federal<\/strong> <strong>presentando un amparo<\/strong> por lo que entienden es \u201cinconstitucional\u201d y \u201cuna medida que atenta contra la salud de las personas\u201d adem\u00e1s de que \u201cno bajar\u00e1 los precios, porque los imponen los laboratorios\u201d.<\/p>\n\n\n\n<p>La Confederaci\u00f3n Farmac\u00e9utica Argentina (COFA) expreso que la decisi\u00f3n del Presidente \u201clleva a la destrucci\u00f3n a la profesi\u00f3n farmac\u00e9utica\u201d a la vez que \u201cpone en extrema vulnerabilidad la salud de los argentinos\u201d.<\/p>\n\n\n\n<p><strong><mark style=\"background-color:#ffff00\" class=\"has-inline-color\">Desde Mercedes se movilizar\u00e1n varios farmac\u00e9uticos hacia Capital Federal<\/mark><\/strong> para poder manifestarse y acompa\u00f1ar a la acci\u00f3n nacional contra las medidas del gobierno nacional. Ser\u00e1 en el edificio de Justicia. \u00a0<\/p>\n","protected":false},"excerpt":{"rendered":"<p>Distintos profesionales de la salud de Mercedes integrantes de la red de Farmacias de la ciudad se movilizar\u00e1n contra el &#8230; <a title=\"Farmac\u00e9uticos mercedinos movilizan contra medidas de Milei a Tribunales\" class=\"read-more\" href=\"https:\/\/www.hoymercedes.com.ar\/principal\/2023\/12\/29\/farmaceuticos-mercedinos-movilizan-contra-medidas-de-milei-a-tribunales\/\" aria-label=\"Leer m\u00e1s sobre Farmac\u00e9uticos mercedinos movilizan contra medidas de Milei a Tribunales\">Leer m\u00e1s<\/a><\/p>\n","protected":false},"author":1,"featured_media":171151,"comment_status":"closed","ping_status":"open","sticky":false,"template":"","format":"standard","meta":{"_monsterinsights_skip_tracking":false,"_monsterinsights_sitenote_active":false,"_monsterinsights_sitenote_note":"","_monsterinsights_sitenote_category":0,"jetpack_post_was_ever_published":false,"_jetpack_newsletter_access":"","_jetpack_dont_email_post_to_subs":false,"_jetpack_newsletter_tier_id":0,"_jetpack_memberships_contains_paywalled_content":false,"_jetpack_memberships_contains_paid_content":false,"footnotes":"","jetpack_publicize_message":"","jetpack_publicize_feature_enabled":true,"jetpack_social_post_already_shared":true,"jetpack_social_options":{"image_generator_settings":{"template":"highway","default_image_id":0,"font":"","enabled":false},"version":2},"_wpas_customize_per_network":false},"categories":[8],"tags":[18973,18972],"class_list":["post-171150","post","type-post","status-publish","format-standard","has-post-thumbnail","hentry","category-sociedad","tag-contra-dnu-de-milei","tag-farmacias-de-mercedes","generate-columns","tablet-grid-50","mobile-grid-100","grid-parent","grid-50"],"jetpack_publicize_connections":[],"jetpack_featured_media_url":"https:\/\/www.hoymercedes.com.ar\/principal\/wp-content\/uploads\/2023\/12\/Mercedes-Farmaceuticos-ContraDNUdeMilei.jpeg","wps_subtitle":"Contra la mercantilizaci\u00f3n de la salud","jetpack_sharing_enabled":true,"_links":{"self":[{"href":"https:\/\/www.hoymercedes.com.ar\/principal\/wp-json\/wp\/v2\/posts\/171150","targetHints":{"allow":["GET"]}}],"collection":[{"href":"https:\/\/www.hoymercedes.com.ar\/principal\/wp-json\/wp\/v2\/posts"}],"about":[{"href":"https:\/\/www.hoymercedes.com.ar\/principal\/wp-json\/wp\/v2\/types\/post"}],"author":[{"embeddable":true,"href":"https:\/\/www.hoymercedes.com.ar\/principal\/wp-json\/wp\/v2\/users\/1"}],"replies":[{"embeddable":true,"href":"https:\/\/www.hoymercedes.com.ar\/principal\/wp-json\/wp\/v2\/comments?post=171150"}],"version-history":[{"count":0,"href":"https:\/\/www.hoymercedes.com.ar\/principal\/wp-json\/wp\/v2\/posts\/171150\/revisions"}],"wp:featuredmedia":[{"embeddable":true,"href":"https:\/\/www.hoymercedes.com.ar\/principal\/wp-json\/wp\/v2\/media\/171151"}],"wp:attachment":[{"href":"https:\/\/www.hoymercedes.com.ar\/principal\/wp-json\/wp\/v2\/media?parent=171150"}],"wp:term":[{"taxonomy":"category","embeddable":true,"href":"https:\/\/www.hoymercedes.com.ar\/principal\/wp-json\/wp\/v2\/categories?post=171150"},{"taxonomy":"post_tag","embeddable":true,"href":"https:\/\/www.hoymercedes.com.ar\/principal\/wp-json\/wp\/v2\/tags?post=171150"}],"curies":[{"name":"wp","href":"https:\/\/api.w.org\/{rel}","templated":true}]}}