{"id":171539,"date":"2024-01-03T07:47:00","date_gmt":"2024-01-03T10:47:00","guid":{"rendered":"https:\/\/www.hoymercedes.com.ar\/principal\/?p=171539"},"modified":"2024-01-03T01:28:05","modified_gmt":"2024-01-03T04:28:05","slug":"aumento-de-la-nafta-y-largas-colas-en-mercedes-para-cargar","status":"publish","type":"post","link":"https:\/\/www.hoymercedes.com.ar\/principal\/2024\/01\/03\/aumento-de-la-nafta-y-largas-colas-en-mercedes-para-cargar\/","title":{"rendered":"Aumento de la nafta y largas colas en Mercedes para cargar"},"content":{"rendered":"\n<figure class=\"wp-block-image size-full is-resized\"><img loading=\"lazy\" decoding=\"async\" width=\"950\" height=\"600\" data-attachment-id=\"171543\" data-permalink=\"https:\/\/www.hoymercedes.com.ar\/principal\/2024\/01\/03\/aumento-de-la-nafta-y-largas-colas-en-mercedes-para-cargar\/colas-carga-combustible-aumentos-mercedes\/#main\" data-orig-file=\"https:\/\/www.hoymercedes.com.ar\/principal\/wp-content\/uploads\/2024\/01\/colas-carga-combustible-aumentos-mercedes.jpg\" data-orig-size=\"950,600\" data-comments-opened=\"0\" data-image-meta=\"{&quot;aperture&quot;:&quot;0&quot;,&quot;credit&quot;:&quot;&quot;,&quot;camera&quot;:&quot;&quot;,&quot;caption&quot;:&quot;&quot;,&quot;created_timestamp&quot;:&quot;0&quot;,&quot;copyright&quot;:&quot;&quot;,&quot;focal_length&quot;:&quot;0&quot;,&quot;iso&quot;:&quot;0&quot;,&quot;shutter_speed&quot;:&quot;0&quot;,&quot;title&quot;:&quot;&quot;,&quot;orientation&quot;:&quot;0&quot;}\" data-image-title=\"colas-carga-combustible-aumentos-mercedes\" data-image-description=\"&lt;p&gt;Aumento de nafta en Mercedes&lt;\/p&gt;\n\" data-image-caption=\"&lt;p&gt;Aumento de nafta en Mercedes&lt;\/p&gt;\n\" data-large-file=\"https:\/\/www.hoymercedes.com.ar\/principal\/wp-content\/uploads\/2024\/01\/colas-carga-combustible-aumentos-mercedes.jpg\" src=\"https:\/\/www.hoymercedes.com.ar\/principal\/wp-content\/uploads\/2024\/01\/colas-carga-combustible-aumentos-mercedes.jpg\" alt=\"\" class=\"wp-image-171543\" style=\"width:960px;height:auto\" srcset=\"https:\/\/www.hoymercedes.com.ar\/principal\/wp-content\/uploads\/2024\/01\/colas-carga-combustible-aumentos-mercedes.jpg 950w, https:\/\/www.hoymercedes.com.ar\/principal\/wp-content\/uploads\/2024\/01\/colas-carga-combustible-aumentos-mercedes-630x398.jpg 630w, https:\/\/www.hoymercedes.com.ar\/principal\/wp-content\/uploads\/2024\/01\/colas-carga-combustible-aumentos-mercedes-150x95.jpg 150w\" sizes=\"auto, (max-width: 950px) 100vw, 950px\" \/><\/figure>\n\n\n\n<p>En menos de un mes tuvo tres aumentos. Desde la asunci\u00f3n de Milei se liberaron \u201clos mercados\u201d y permite que se dispongan con libertad los incrementos. Ahora se trata de otro 27%. Se dec\u00eda que iba a ser a la medianoche, pero ya desde las 22hs algunas ten\u00edan el valor remarcado.<\/p>\n\n\n\n<p>En las YPF del radio c\u00e9ntrico se vieron largas colas para cargar antes del aumento. En Axi\u00f3n se inform\u00f3 que desde la misma noche del martes el valor ya hab\u00eda sido incrementado.<\/p>\n\n\n\n<p><strong>Valores<\/strong><\/p>\n\n\n\n<p>Ahora los nuevos valores ser\u00e1n:<\/p>\n\n\n\n<p>Nafta s\u00faper mediar\u00e1 los $702.<\/p>\n\n\n\n<p>Nafta Premium aproximadamente en $944.3<\/p>\n\n\n\n<p>El di\u00e9sel com\u00fan a $750<\/p>\n\n\n\n<p>El di\u00e9sel euro a $944<\/p>\n\n\n\n<p><strong>Dolarizaci\u00f3n<\/strong><\/p>\n\n\n\n<p>De esta manera los valores se acercan a lo que meses atr\u00e1s, en campa\u00f1a, se informaba, y era que con la liberaci\u00f3n del valor y el fin de los controles por parte del Estado para cuidar a las y los usuarios se acerca el litro a 1 d\u00f3lar.<\/p>\n\n\n\n<p><strong>Previos<\/strong><\/p>\n\n\n\n<p>En diciembre ya acumulaba un 37% de aumento, con este 27% suma 64% en menos de un mes. Esto, por supuesto, impactar\u00e1 en los precios del transporte, los alimentos y otros servicios cotidianos.<\/p>\n\n\n\n<p><strong>Reducci\u00f3n<\/strong><\/p>\n\n\n\n<p>Es, claramente, una reducci\u00f3n indirecta del salario de las y los trabajadores.<\/p>\n","protected":false},"excerpt":{"rendered":"<p>En menos de un mes tuvo tres aumentos. Desde la asunci\u00f3n de Milei se liberaron \u201clos mercados\u201d y permite que &#8230; <a title=\"Aumento de la nafta y largas colas en Mercedes para cargar\" class=\"read-more\" href=\"https:\/\/www.hoymercedes.com.ar\/principal\/2024\/01\/03\/aumento-de-la-nafta-y-largas-colas-en-mercedes-para-cargar\/\" aria-label=\"Leer m\u00e1s sobre Aumento de la nafta y largas colas en Mercedes para cargar\">Leer m\u00e1s<\/a><\/p>\n","protected":false},"author":1,"featured_media":171543,"comment_status":"closed","ping_status":"open","sticky":false,"template":"","format":"standard","meta":{"_monsterinsights_skip_tracking":false,"_monsterinsights_sitenote_active":false,"_monsterinsights_sitenote_note":"","_monsterinsights_sitenote_category":0,"jetpack_post_was_ever_published":false,"_jetpack_newsletter_access":"","_jetpack_dont_email_post_to_subs":false,"_jetpack_newsletter_tier_id":0,"_jetpack_memberships_contains_paywalled_content":false,"_jetpack_memberships_contains_paid_content":false,"footnotes":"","jetpack_publicize_message":"","jetpack_publicize_feature_enabled":true,"jetpack_social_post_already_shared":true,"jetpack_social_options":{"image_generator_settings":{"template":"highway","default_image_id":0,"font":"","enabled":false},"version":2},"_wpas_customize_per_network":false},"categories":[8],"tags":[18987,8318,18988,18990],"class_list":["post-171539","post","type-post","status-publish","format-standard","has-post-thumbnail","hentry","category-sociedad","tag-aumento-de-nafta-mercedes","tag-axion-mercedes","tag-colas-para-cargar-combustible-mercedes","tag-shell-mercedes","generate-columns","tablet-grid-50","mobile-grid-100","grid-parent","grid-50"],"jetpack_publicize_connections":[],"jetpack_featured_media_url":"https:\/\/www.hoymercedes.com.ar\/principal\/wp-content\/uploads\/2024\/01\/colas-carga-combustible-aumentos-mercedes.jpg","wps_subtitle":"Tarifazos ","jetpack_sharing_enabled":true,"_links":{"self":[{"href":"https:\/\/www.hoymercedes.com.ar\/principal\/wp-json\/wp\/v2\/posts\/171539","targetHints":{"allow":["GET"]}}],"collection":[{"href":"https:\/\/www.hoymercedes.com.ar\/principal\/wp-json\/wp\/v2\/posts"}],"about":[{"href":"https:\/\/www.hoymercedes.com.ar\/principal\/wp-json\/wp\/v2\/types\/post"}],"author":[{"embeddable":true,"href":"https:\/\/www.hoymercedes.com.ar\/principal\/wp-json\/wp\/v2\/users\/1"}],"replies":[{"embeddable":true,"href":"https:\/\/www.hoymercedes.com.ar\/principal\/wp-json\/wp\/v2\/comments?post=171539"}],"version-history":[{"count":0,"href":"https:\/\/www.hoymercedes.com.ar\/principal\/wp-json\/wp\/v2\/posts\/171539\/revisions"}],"wp:featuredmedia":[{"embeddable":true,"href":"https:\/\/www.hoymercedes.com.ar\/principal\/wp-json\/wp\/v2\/media\/171543"}],"wp:attachment":[{"href":"https:\/\/www.hoymercedes.com.ar\/principal\/wp-json\/wp\/v2\/media?parent=171539"}],"wp:term":[{"taxonomy":"category","embeddable":true,"href":"https:\/\/www.hoymercedes.com.ar\/principal\/wp-json\/wp\/v2\/categories?post=171539"},{"taxonomy":"post_tag","embeddable":true,"href":"https:\/\/www.hoymercedes.com.ar\/principal\/wp-json\/wp\/v2\/tags?post=171539"}],"curies":[{"name":"wp","href":"https:\/\/api.w.org\/{rel}","templated":true}]}}