{"id":171569,"date":"2024-01-03T16:57:46","date_gmt":"2024-01-03T19:57:46","guid":{"rendered":"https:\/\/www.hoymercedes.com.ar\/principal\/?p=171569"},"modified":"2024-01-04T11:34:38","modified_gmt":"2024-01-04T14:34:38","slug":"programan-cortes-de-luz-para-toda-la-semana-por-obras","status":"publish","type":"post","link":"https:\/\/www.hoymercedes.com.ar\/principal\/2024\/01\/03\/programan-cortes-de-luz-para-toda-la-semana-por-obras\/","title":{"rendered":"Programan cortes de luz para toda la semana por obras"},"content":{"rendered":"\n<p>La empresa distribuidora de energ\u00eda el\u00e9ctrica que tiene concesi\u00f3n en Mercedes, EDEN, anunci\u00f3 que realizar\u00e1 obras que \u00abdotar\u00e1n de mayor potencia energ\u00e9tica\u00bb a la Estaci\u00f3n Transformadora y por lo tanto, realizar\u00e1n una serie de interrupciones programadas en distintas zonas y barrios de la localidad. <\/p>\n\n\n\n<p>\u00abEstos trabajos, que consisten en el&nbsp;<strong>recambio de transformadores dotados con mayor potencia<\/strong>, comenzar\u00e1n el pr\u00f3ximo&nbsp;<strong>jueves 4 de enero y tendr\u00e1n aproximadamente una semana de duraci\u00f3n<\/strong>, favoreciendo a las localidades de&nbsp;<strong>Mercedes, Chivilcoy, Suipacha, San Andr\u00e9s de Giles y Luj\u00e1n<\/strong>&nbsp;abastecidas por la mencionada Estaci\u00f3n Transformadora\u00bb, explican.<\/p>\n\n\n\n<p>\u00abPara realizar las tareas previstas, y por cuestiones de seguridad, la distribuidora realizar\u00e1 una serie de&nbsp;<strong>interrupciones programadas<\/strong>&nbsp;en distintas zonas y barrios de la localidad de&nbsp;<strong>Mercedes<\/strong>\u00ab, agregan.<\/p>\n\n\n\n<figure class=\"wp-block-gallery has-nested-images columns-1 is-cropped wp-block-gallery-1 is-layout-flex wp-block-gallery-is-layout-flex\">\n<figure class=\"wp-block-image size-large\"><img loading=\"lazy\" decoding=\"async\" width=\"1024\" height=\"424\" data-attachment-id=\"171614\" data-permalink=\"https:\/\/www.hoymercedes.com.ar\/principal\/2024\/01\/03\/programan-cortes-de-luz-para-toda-la-semana-por-obras\/img-20240104-wa0000\/#main\" data-orig-file=\"https:\/\/www.hoymercedes.com.ar\/principal\/wp-content\/uploads\/2024\/01\/IMG-20240104-WA0000.jpg\" data-orig-size=\"1129,468\" data-comments-opened=\"0\" data-image-meta=\"{&quot;aperture&quot;:&quot;0&quot;,&quot;credit&quot;:&quot;&quot;,&quot;camera&quot;:&quot;&quot;,&quot;caption&quot;:&quot;&quot;,&quot;created_timestamp&quot;:&quot;0&quot;,&quot;copyright&quot;:&quot;&quot;,&quot;focal_length&quot;:&quot;0&quot;,&quot;iso&quot;:&quot;0&quot;,&quot;shutter_speed&quot;:&quot;0&quot;,&quot;title&quot;:&quot;&quot;,&quot;orientation&quot;:&quot;0&quot;}\" data-image-title=\"IMG-20240104-WA0000\" data-image-description=\"\" data-image-caption=\"\" data-large-file=\"https:\/\/www.hoymercedes.com.ar\/principal\/wp-content\/uploads\/2024\/01\/IMG-20240104-WA0000-1024x424.jpg\" data-id=\"171614\" src=\"https:\/\/www.hoymercedes.com.ar\/principal\/wp-content\/uploads\/2024\/01\/IMG-20240104-WA0000-1024x424.jpg\" alt=\"\" class=\"wp-image-171614\" srcset=\"https:\/\/www.hoymercedes.com.ar\/principal\/wp-content\/uploads\/2024\/01\/IMG-20240104-WA0000-1024x424.jpg 1024w, https:\/\/www.hoymercedes.com.ar\/principal\/wp-content\/uploads\/2024\/01\/IMG-20240104-WA0000-630x261.jpg 630w, https:\/\/www.hoymercedes.com.ar\/principal\/wp-content\/uploads\/2024\/01\/IMG-20240104-WA0000-150x62.jpg 150w, https:\/\/www.hoymercedes.com.ar\/principal\/wp-content\/uploads\/2024\/01\/IMG-20240104-WA0000.jpg 1129w\" sizes=\"auto, (max-width: 1024px) 100vw, 1024px\" \/><\/figure>\n\n\n\n<figure class=\"wp-block-image size-large\"><img loading=\"lazy\" decoding=\"async\" width=\"1024\" height=\"220\" data-attachment-id=\"171612\" data-permalink=\"https:\/\/www.hoymercedes.com.ar\/principal\/2024\/01\/03\/programan-cortes-de-luz-para-toda-la-semana-por-obras\/img-20240104-wa0001\/#main\" data-orig-file=\"https:\/\/www.hoymercedes.com.ar\/principal\/wp-content\/uploads\/2024\/01\/IMG-20240104-WA0001.jpg\" data-orig-size=\"1129,243\" data-comments-opened=\"0\" data-image-meta=\"{&quot;aperture&quot;:&quot;0&quot;,&quot;credit&quot;:&quot;&quot;,&quot;camera&quot;:&quot;&quot;,&quot;caption&quot;:&quot;&quot;,&quot;created_timestamp&quot;:&quot;0&quot;,&quot;copyright&quot;:&quot;&quot;,&quot;focal_length&quot;:&quot;0&quot;,&quot;iso&quot;:&quot;0&quot;,&quot;shutter_speed&quot;:&quot;0&quot;,&quot;title&quot;:&quot;&quot;,&quot;orientation&quot;:&quot;0&quot;}\" data-image-title=\"IMG-20240104-WA0001\" data-image-description=\"\" data-image-caption=\"\" data-large-file=\"https:\/\/www.hoymercedes.com.ar\/principal\/wp-content\/uploads\/2024\/01\/IMG-20240104-WA0001-1024x220.jpg\" data-id=\"171612\" src=\"https:\/\/www.hoymercedes.com.ar\/principal\/wp-content\/uploads\/2024\/01\/IMG-20240104-WA0001-1024x220.jpg\" alt=\"\" class=\"wp-image-171612\" srcset=\"https:\/\/www.hoymercedes.com.ar\/principal\/wp-content\/uploads\/2024\/01\/IMG-20240104-WA0001-1024x220.jpg 1024w, https:\/\/www.hoymercedes.com.ar\/principal\/wp-content\/uploads\/2024\/01\/IMG-20240104-WA0001-630x136.jpg 630w, https:\/\/www.hoymercedes.com.ar\/principal\/wp-content\/uploads\/2024\/01\/IMG-20240104-WA0001-150x32.jpg 150w, https:\/\/www.hoymercedes.com.ar\/principal\/wp-content\/uploads\/2024\/01\/IMG-20240104-WA0001.jpg 1129w\" sizes=\"auto, (max-width: 1024px) 100vw, 1024px\" \/><\/figure>\n\n\n\n<figure class=\"wp-block-image size-large\"><img loading=\"lazy\" decoding=\"async\" width=\"1024\" height=\"487\" data-attachment-id=\"171613\" data-permalink=\"https:\/\/www.hoymercedes.com.ar\/principal\/2024\/01\/03\/programan-cortes-de-luz-para-toda-la-semana-por-obras\/img-20240104-wa0002\/#main\" data-orig-file=\"https:\/\/www.hoymercedes.com.ar\/principal\/wp-content\/uploads\/2024\/01\/IMG-20240104-WA0002.jpg\" data-orig-size=\"1130,537\" data-comments-opened=\"0\" data-image-meta=\"{&quot;aperture&quot;:&quot;0&quot;,&quot;credit&quot;:&quot;&quot;,&quot;camera&quot;:&quot;&quot;,&quot;caption&quot;:&quot;&quot;,&quot;created_timestamp&quot;:&quot;0&quot;,&quot;copyright&quot;:&quot;&quot;,&quot;focal_length&quot;:&quot;0&quot;,&quot;iso&quot;:&quot;0&quot;,&quot;shutter_speed&quot;:&quot;0&quot;,&quot;title&quot;:&quot;&quot;,&quot;orientation&quot;:&quot;0&quot;}\" data-image-title=\"IMG-20240104-WA0002\" data-image-description=\"\" data-image-caption=\"\" data-large-file=\"https:\/\/www.hoymercedes.com.ar\/principal\/wp-content\/uploads\/2024\/01\/IMG-20240104-WA0002-1024x487.jpg\" data-id=\"171613\" src=\"https:\/\/www.hoymercedes.com.ar\/principal\/wp-content\/uploads\/2024\/01\/IMG-20240104-WA0002-1024x487.jpg\" alt=\"\" class=\"wp-image-171613\" srcset=\"https:\/\/www.hoymercedes.com.ar\/principal\/wp-content\/uploads\/2024\/01\/IMG-20240104-WA0002-1024x487.jpg 1024w, https:\/\/www.hoymercedes.com.ar\/principal\/wp-content\/uploads\/2024\/01\/IMG-20240104-WA0002-630x299.jpg 630w, https:\/\/www.hoymercedes.com.ar\/principal\/wp-content\/uploads\/2024\/01\/IMG-20240104-WA0002-150x71.jpg 150w, https:\/\/www.hoymercedes.com.ar\/principal\/wp-content\/uploads\/2024\/01\/IMG-20240104-WA0002.jpg 1130w\" sizes=\"auto, (max-width: 1024px) 100vw, 1024px\" \/><\/figure>\n\n\n\n<figure class=\"wp-block-image size-large\"><img loading=\"lazy\" decoding=\"async\" width=\"1024\" height=\"156\" data-attachment-id=\"171611\" data-permalink=\"https:\/\/www.hoymercedes.com.ar\/principal\/2024\/01\/03\/programan-cortes-de-luz-para-toda-la-semana-por-obras\/img-20240104-wa0003\/#main\" data-orig-file=\"https:\/\/www.hoymercedes.com.ar\/principal\/wp-content\/uploads\/2024\/01\/IMG-20240104-WA0003.jpg\" data-orig-size=\"1128,172\" data-comments-opened=\"0\" data-image-meta=\"{&quot;aperture&quot;:&quot;0&quot;,&quot;credit&quot;:&quot;&quot;,&quot;camera&quot;:&quot;&quot;,&quot;caption&quot;:&quot;&quot;,&quot;created_timestamp&quot;:&quot;0&quot;,&quot;copyright&quot;:&quot;&quot;,&quot;focal_length&quot;:&quot;0&quot;,&quot;iso&quot;:&quot;0&quot;,&quot;shutter_speed&quot;:&quot;0&quot;,&quot;title&quot;:&quot;&quot;,&quot;orientation&quot;:&quot;0&quot;}\" data-image-title=\"IMG-20240104-WA0003\" data-image-description=\"\" data-image-caption=\"\" data-large-file=\"https:\/\/www.hoymercedes.com.ar\/principal\/wp-content\/uploads\/2024\/01\/IMG-20240104-WA0003-1024x156.jpg\" data-id=\"171611\" src=\"https:\/\/www.hoymercedes.com.ar\/principal\/wp-content\/uploads\/2024\/01\/IMG-20240104-WA0003-1024x156.jpg\" alt=\"\" class=\"wp-image-171611\" srcset=\"https:\/\/www.hoymercedes.com.ar\/principal\/wp-content\/uploads\/2024\/01\/IMG-20240104-WA0003-1024x156.jpg 1024w, https:\/\/www.hoymercedes.com.ar\/principal\/wp-content\/uploads\/2024\/01\/IMG-20240104-WA0003-630x96.jpg 630w, https:\/\/www.hoymercedes.com.ar\/principal\/wp-content\/uploads\/2024\/01\/IMG-20240104-WA0003-150x23.jpg 150w, https:\/\/www.hoymercedes.com.ar\/principal\/wp-content\/uploads\/2024\/01\/IMG-20240104-WA0003.jpg 1128w\" sizes=\"auto, (max-width: 1024px) 100vw, 1024px\" \/><\/figure>\n<\/figure>\n\n\n\n<p>Los horarios&nbsp;<strong>estimativos<\/strong>&nbsp;ser\u00e1n los siguientes:<\/p>\n\n\n\n<p>Jueves 4 y viernes 5 de enero<br>&nbsp;\u00b7 &nbsp; &nbsp; <strong>De 7 a 10 horas y de 17 a 19 horas<\/strong>: Afecta a barrios Teresita, las Palmas y Parque Industrial<br>\u00b7 &nbsp; &nbsp; &nbsp;<strong>De 8 a 11 horas y de 17 a 18 horas<\/strong>: Afecta a barrios San Justo, G\u00fcemes, Villa del Parque, La Amistad, Soldado Balvidares, H Irigoyen, Facundo Quiroga, Mutti, Lopardo, San Mart\u00edn, 12 de Octubre, Ravello, Belgrano, Avellaneda.<br>\u00b7 &nbsp;&nbsp;<strong>&nbsp;  De 10 a 13 horas y de 19 a 21 horas<\/strong>: Afecta a barrios Norte, Este, Lapenta, Zona c\u00e9ntrica<br>\u00b7 &nbsp; &nbsp; &nbsp;<strong>De 11 a 14 horas y de 23 a 1 horas<\/strong>: Afecta a barrios Gendarmer\u00eda, Villa Industrial Oeste, R.J Payr\u00f3, Unzu\u00e9, Oeste<br>\u00b7 &nbsp; &nbsp; &nbsp;<strong>De 13 a 16 horas y de 21 a 23 horas<\/strong>: Afecta a barrios Favaloro, Los Para\u00edsos, Las Chancles y aleda\u00f1os<br>\u00b7 &nbsp; &nbsp; &nbsp;<strong>De 13 a 16 horas y de 19 a 21 horas<\/strong>: Afecta a barrios Villa Industrial Este, Villa industrial Oeste, Lomas Del Pacifico, R.J Payro, La amistad, Malvinas, H. Irigoyen, Oeste, Unzu\u00e9, G\u00fcemes, San Justo, Unidad y Progreso, Marchetti 1 y 2, Redes, y toda la 26 Prolongaci\u00f3n y 43 Prolongaci\u00f3n<br>\u00b7 &nbsp; &nbsp; &nbsp; <strong>De 14 a 17 horas y de 21 a 23 horas<\/strong>: Afecta a barrios Virgen Del Rosario, Estrada, Uni\u00f3n, Este, Lapenta, Los Robles, Esperanza, Calvillo, Eva Duarte, Norte, Trocha, San Jos\u00e9, Villa Del Parque, Pe\u00f1aloza, zona c\u00e9ntrica.<br>\u00b7 &nbsp; &nbsp; &nbsp; <strong>De 16 a 19 horas y de 23 a 1 horas<\/strong>: Afecta a barrios Seminario, Modelo, San Francisco, Molino, Virgen del Rosario, Estrada, Obrero, San Antonio, Uni\u00f3n, San Antonio, Jos\u00e9 Hern\u00e1ndez, Teresita, El Rosedal, Bello Horizonte, Los \u00c1lamos, Las Palmas, Pago Chico, Las Acacias, Los Sauces.<br>\u00b7 &nbsp; &nbsp; &nbsp; <strong>De 16 a 19 horas y de 1 a 3 horas<\/strong>: Afecta a barrios Molino, Seminario, Medalla Milagrosa, Los Duraznos, 3 de octubre, Villa Asunci\u00f3n, Almafuerte, Rosedal.<\/p>\n\n\n\n<p>\u00abLa empresa agradece a la comunidad su&nbsp;<strong>paciencia y predisposici\u00f3n<\/strong>&nbsp;para efectuar estas obras fundamentales, y se\u00f1ala que en caso de&nbsp;<strong>condiciones clim\u00e1ticas adversas<\/strong>&nbsp;los trabajos pueden ser reprogramados\u00bb, expresan en la comunicaci\u00f3n.<\/p>\n","protected":false},"excerpt":{"rendered":"<p>La empresa distribuidora de energ\u00eda el\u00e9ctrica que tiene concesi\u00f3n en Mercedes, EDEN, anunci\u00f3 que realizar\u00e1 obras que \u00abdotar\u00e1n de mayor &#8230; <a title=\"Programan cortes de luz para toda la semana por obras\" class=\"read-more\" href=\"https:\/\/www.hoymercedes.com.ar\/principal\/2024\/01\/03\/programan-cortes-de-luz-para-toda-la-semana-por-obras\/\" aria-label=\"Leer m\u00e1s sobre Programan cortes de luz para toda la semana por obras\">Leer m\u00e1s<\/a><\/p>\n","protected":false},"author":1,"featured_media":135770,"comment_status":"closed","ping_status":"open","sticky":false,"template":"","format":"standard","meta":{"_monsterinsights_skip_tracking":false,"_monsterinsights_sitenote_active":false,"_monsterinsights_sitenote_note":"","_monsterinsights_sitenote_category":0,"jetpack_post_was_ever_published":false,"_jetpack_newsletter_access":"","_jetpack_dont_email_post_to_subs":false,"_jetpack_newsletter_tier_id":0,"_jetpack_memberships_contains_paywalled_content":false,"_jetpack_memberships_contains_paid_content":false,"footnotes":"","jetpack_publicize_message":"","jetpack_publicize_feature_enabled":true,"jetpack_social_post_already_shared":true,"jetpack_social_options":{"image_generator_settings":{"template":"highway","default_image_id":0,"font":"","enabled":false},"version":2},"_wpas_customize_per_network":false},"categories":[8],"tags":[],"class_list":["post-171569","post","type-post","status-publish","format-standard","has-post-thumbnail","hentry","category-sociedad","generate-columns","tablet-grid-50","mobile-grid-100","grid-parent","grid-50"],"jetpack_publicize_connections":[],"jetpack_featured_media_url":"https:\/\/www.hoymercedes.com.ar\/principal\/wp-content\/uploads\/2021\/08\/EDEN-logoconclaim.jpg","wps_subtitle":"","jetpack_sharing_enabled":true,"_links":{"self":[{"href":"https:\/\/www.hoymercedes.com.ar\/principal\/wp-json\/wp\/v2\/posts\/171569","targetHints":{"allow":["GET"]}}],"collection":[{"href":"https:\/\/www.hoymercedes.com.ar\/principal\/wp-json\/wp\/v2\/posts"}],"about":[{"href":"https:\/\/www.hoymercedes.com.ar\/principal\/wp-json\/wp\/v2\/types\/post"}],"author":[{"embeddable":true,"href":"https:\/\/www.hoymercedes.com.ar\/principal\/wp-json\/wp\/v2\/users\/1"}],"replies":[{"embeddable":true,"href":"https:\/\/www.hoymercedes.com.ar\/principal\/wp-json\/wp\/v2\/comments?post=171569"}],"version-history":[{"count":0,"href":"https:\/\/www.hoymercedes.com.ar\/principal\/wp-json\/wp\/v2\/posts\/171569\/revisions"}],"wp:featuredmedia":[{"embeddable":true,"href":"https:\/\/www.hoymercedes.com.ar\/principal\/wp-json\/wp\/v2\/media\/135770"}],"wp:attachment":[{"href":"https:\/\/www.hoymercedes.com.ar\/principal\/wp-json\/wp\/v2\/media?parent=171569"}],"wp:term":[{"taxonomy":"category","embeddable":true,"href":"https:\/\/www.hoymercedes.com.ar\/principal\/wp-json\/wp\/v2\/categories?post=171569"},{"taxonomy":"post_tag","embeddable":true,"href":"https:\/\/www.hoymercedes.com.ar\/principal\/wp-json\/wp\/v2\/tags?post=171569"}],"curies":[{"name":"wp","href":"https:\/\/api.w.org\/{rel}","templated":true}]}}