{"id":171573,"date":"2024-01-03T21:03:00","date_gmt":"2024-01-04T00:03:00","guid":{"rendered":"https:\/\/www.hoymercedes.com.ar\/principal\/?p=171573"},"modified":"2024-01-03T17:55:01","modified_gmt":"2024-01-03T20:55:01","slug":"patos-y-aquaman-en-el-cine-mercedes","status":"publish","type":"post","link":"https:\/\/www.hoymercedes.com.ar\/principal\/2024\/01\/03\/patos-y-aquaman-en-el-cine-mercedes\/","title":{"rendered":"\u00a1Patos! y Aquaman en el Cine Mercedes"},"content":{"rendered":"\n<p>Desde el viernes 5 de enero, el Cine Mercedes presentar\u00e1 dos pel\u00edculas para la familia. En las funciones de las horas 19:30 y 17:30 (el s\u00e1bado y domingo) podr\u00e1 verse \u00ab\u00a1Patos!\u00bb, mientras que en las funciones de las 21:30 llega la segunda parte de Aquaman<\/p>\n\n\n<div class=\"wp-block-image\">\n<figure class=\"aligncenter size-full\"><img loading=\"lazy\" decoding=\"async\" width=\"752\" height=\"800\" data-attachment-id=\"171574\" data-permalink=\"https:\/\/www.hoymercedes.com.ar\/principal\/2024\/01\/03\/patos-y-aquaman-en-el-cine-mercedes\/gacetilla-cine-mercedes-3-5\/#main\" data-orig-file=\"https:\/\/www.hoymercedes.com.ar\/principal\/wp-content\/uploads\/2024\/01\/Gacetilla-Cine-Mercedes-3.jpg\" data-orig-size=\"752,800\" data-comments-opened=\"0\" data-image-meta=\"{&quot;aperture&quot;:&quot;0&quot;,&quot;credit&quot;:&quot;&quot;,&quot;camera&quot;:&quot;&quot;,&quot;caption&quot;:&quot;&quot;,&quot;created_timestamp&quot;:&quot;0&quot;,&quot;copyright&quot;:&quot;&quot;,&quot;focal_length&quot;:&quot;0&quot;,&quot;iso&quot;:&quot;0&quot;,&quot;shutter_speed&quot;:&quot;0&quot;,&quot;title&quot;:&quot;&quot;,&quot;orientation&quot;:&quot;1&quot;}\" data-image-title=\"Gacetilla Cine Mercedes (3)\" data-image-description=\"\" data-image-caption=\"\" data-large-file=\"https:\/\/www.hoymercedes.com.ar\/principal\/wp-content\/uploads\/2024\/01\/Gacetilla-Cine-Mercedes-3.jpg\" src=\"https:\/\/www.hoymercedes.com.ar\/principal\/wp-content\/uploads\/2024\/01\/Gacetilla-Cine-Mercedes-3.jpg\" alt=\"\" class=\"wp-image-171574\" srcset=\"https:\/\/www.hoymercedes.com.ar\/principal\/wp-content\/uploads\/2024\/01\/Gacetilla-Cine-Mercedes-3.jpg 752w, https:\/\/www.hoymercedes.com.ar\/principal\/wp-content\/uploads\/2024\/01\/Gacetilla-Cine-Mercedes-3-583x620.jpg 583w, https:\/\/www.hoymercedes.com.ar\/principal\/wp-content\/uploads\/2024\/01\/Gacetilla-Cine-Mercedes-3-141x150.jpg 141w\" sizes=\"auto, (max-width: 752px) 100vw, 752px\" \/><\/figure>\n<\/div>\n\n\n<p>Sinopsis \u00abPatos!\u00bb: La familia Mallard se ha quedado &#8216;estancada&#8217;. Mientras pap\u00e1 Mack se siente realizado cuidando de su familia en su estanque de Nueva Inglaterra, mam\u00e1 Pam se muere de ganas de vivir la vida y hacer descubrir a sus hijos \u2013el adolescente Dax y la patita Gwen\u2013 el mundo en toda su amplitud. Despu\u00e9s de que una familia de patos migratorios llegue a su estanque con maravillosas historias de lugares lejanos, Pam consigue convencer a Mack de que deben viajar a la tropical Jamaica pasando por Nueva York. Los Mallard emprenden el viaje hacia el sur para pasar el invierno, pero nada sale como estaba previsto. La experiencia les ayudar\u00e1 a descubrir horizontes desconocidos, a hacer nuevos amigos, a vivir experiencias que jam\u00e1s imaginaron, y de paso, a conocerse mejor. (FILMAFFINITY)<\/p>\n\n\n\n<p>Sinopsis \u00abAquaman y el Reino Perdido\u00bb: Al no poder derrotar a Aquaman la primera vez, Black Manta, todav\u00eda impulsado por la necesidad de vengar la muerte de su padre, no se detendr\u00e1 ante nada para derrotar a Aquaman de una vez por todas. Esta vez Black Manta es m\u00e1s formidable que nunca y ejerce el poder del m\u00edtico Tridente Negro, que desata una fuerza antigua y mal\u00e9vola. Para derrotarlo, Aquaman recurrir\u00e1 a su hermano encarcelado Orm, el ex rey de la Atl\u00e1ntida, para forjar una alianza improbable. Juntos, deben dejar de lado sus diferencias para proteger su reino y salvar a la familia de Aquaman, y al mundo, de una destrucci\u00f3n irreversible. (FILMAFFINITY)<\/p>\n","protected":false},"excerpt":{"rendered":"<p>Desde el viernes 5 de enero, el Cine Mercedes presentar\u00e1 dos pel\u00edculas para la familia. En las funciones de las &#8230; <a title=\"\u00a1Patos! y Aquaman en el Cine Mercedes\" class=\"read-more\" href=\"https:\/\/www.hoymercedes.com.ar\/principal\/2024\/01\/03\/patos-y-aquaman-en-el-cine-mercedes\/\" aria-label=\"Leer m\u00e1s sobre \u00a1Patos! y Aquaman en el Cine Mercedes\">Leer m\u00e1s<\/a><\/p>\n","protected":false},"author":1,"featured_media":171575,"comment_status":"closed","ping_status":"open","sticky":false,"template":"","format":"standard","meta":{"_monsterinsights_skip_tracking":false,"_monsterinsights_sitenote_active":false,"_monsterinsights_sitenote_note":"","_monsterinsights_sitenote_category":0,"jetpack_post_was_ever_published":false,"_jetpack_newsletter_access":"","_jetpack_dont_email_post_to_subs":false,"_jetpack_newsletter_tier_id":0,"_jetpack_memberships_contains_paywalled_content":false,"_jetpack_memberships_contains_paid_content":false,"footnotes":"","jetpack_publicize_message":"","jetpack_publicize_feature_enabled":true,"jetpack_social_post_already_shared":true,"jetpack_social_options":{"image_generator_settings":{"template":"highway","default_image_id":0,"font":"","enabled":false},"version":2},"_wpas_customize_per_network":false},"categories":[104],"tags":[7805],"class_list":["post-171573","post","type-post","status-publish","format-standard","has-post-thumbnail","hentry","category-cultura","tag-cultura","generate-columns","tablet-grid-50","mobile-grid-100","grid-parent","grid-50"],"jetpack_publicize_connections":[],"jetpack_featured_media_url":"https:\/\/www.hoymercedes.com.ar\/principal\/wp-content\/uploads\/2024\/01\/AQUAMAN-2.jpg","wps_subtitle":"","jetpack_sharing_enabled":true,"_links":{"self":[{"href":"https:\/\/www.hoymercedes.com.ar\/principal\/wp-json\/wp\/v2\/posts\/171573","targetHints":{"allow":["GET"]}}],"collection":[{"href":"https:\/\/www.hoymercedes.com.ar\/principal\/wp-json\/wp\/v2\/posts"}],"about":[{"href":"https:\/\/www.hoymercedes.com.ar\/principal\/wp-json\/wp\/v2\/types\/post"}],"author":[{"embeddable":true,"href":"https:\/\/www.hoymercedes.com.ar\/principal\/wp-json\/wp\/v2\/users\/1"}],"replies":[{"embeddable":true,"href":"https:\/\/www.hoymercedes.com.ar\/principal\/wp-json\/wp\/v2\/comments?post=171573"}],"version-history":[{"count":0,"href":"https:\/\/www.hoymercedes.com.ar\/principal\/wp-json\/wp\/v2\/posts\/171573\/revisions"}],"wp:featuredmedia":[{"embeddable":true,"href":"https:\/\/www.hoymercedes.com.ar\/principal\/wp-json\/wp\/v2\/media\/171575"}],"wp:attachment":[{"href":"https:\/\/www.hoymercedes.com.ar\/principal\/wp-json\/wp\/v2\/media?parent=171573"}],"wp:term":[{"taxonomy":"category","embeddable":true,"href":"https:\/\/www.hoymercedes.com.ar\/principal\/wp-json\/wp\/v2\/categories?post=171573"},{"taxonomy":"post_tag","embeddable":true,"href":"https:\/\/www.hoymercedes.com.ar\/principal\/wp-json\/wp\/v2\/tags?post=171573"}],"curies":[{"name":"wp","href":"https:\/\/api.w.org\/{rel}","templated":true}]}}