{"id":171595,"date":"2024-01-04T07:23:00","date_gmt":"2024-01-04T10:23:00","guid":{"rendered":"https:\/\/www.hoymercedes.com.ar\/principal\/?p=171595"},"modified":"2024-01-04T00:26:48","modified_gmt":"2024-01-04T03:26:48","slug":"nueva-asamblea-contra-las-medidas-de-milei-afirmando-que-la-patria-no-se-vende","status":"publish","type":"post","link":"https:\/\/www.hoymercedes.com.ar\/principal\/2024\/01\/04\/nueva-asamblea-contra-las-medidas-de-milei-afirmando-que-la-patria-no-se-vende\/","title":{"rendered":"Nueva asamblea contra las medidas de Milei afirmando que \u201cla patria no se vende\u201d"},"content":{"rendered":"\n<figure class=\"wp-block-image size-large\"><img loading=\"lazy\" decoding=\"async\" width=\"1024\" height=\"682\" data-attachment-id=\"171596\" data-permalink=\"https:\/\/www.hoymercedes.com.ar\/principal\/2024\/01\/04\/nueva-asamblea-contra-las-medidas-de-milei-afirmando-que-la-patria-no-se-vende\/asamblea-contramilei-4-1-2023\/#main\" data-orig-file=\"https:\/\/www.hoymercedes.com.ar\/principal\/wp-content\/uploads\/2024\/01\/Asamblea-ContraMilei-4.1.2023.jpeg\" data-orig-size=\"1600,1066\" data-comments-opened=\"0\" data-image-meta=\"{&quot;aperture&quot;:&quot;0&quot;,&quot;credit&quot;:&quot;&quot;,&quot;camera&quot;:&quot;&quot;,&quot;caption&quot;:&quot;&quot;,&quot;created_timestamp&quot;:&quot;0&quot;,&quot;copyright&quot;:&quot;&quot;,&quot;focal_length&quot;:&quot;0&quot;,&quot;iso&quot;:&quot;0&quot;,&quot;shutter_speed&quot;:&quot;0&quot;,&quot;title&quot;:&quot;&quot;,&quot;orientation&quot;:&quot;0&quot;}\" data-image-title=\"Asamblea-ContraMilei-4.1.2023\" data-image-description=\"&lt;p&gt;Nueva asamblea contra las medidas de Milei afirmando que \u201cla patria no se vende\u201d&lt;\/p&gt;\n\" data-image-caption=\"&lt;p&gt;Nueva asamblea contra las medidas de Milei afirmando que \u201cla patria no se vende\u201d&lt;\/p&gt;\n\" data-large-file=\"https:\/\/www.hoymercedes.com.ar\/principal\/wp-content\/uploads\/2024\/01\/Asamblea-ContraMilei-4.1.2023-1024x682.jpeg\" src=\"https:\/\/www.hoymercedes.com.ar\/principal\/wp-content\/uploads\/2024\/01\/Asamblea-ContraMilei-4.1.2023-1024x682.jpeg\" alt=\"\" class=\"wp-image-171596\" srcset=\"https:\/\/www.hoymercedes.com.ar\/principal\/wp-content\/uploads\/2024\/01\/Asamblea-ContraMilei-4.1.2023-1024x682.jpeg 1024w, https:\/\/www.hoymercedes.com.ar\/principal\/wp-content\/uploads\/2024\/01\/Asamblea-ContraMilei-4.1.2023-630x420.jpeg 630w, https:\/\/www.hoymercedes.com.ar\/principal\/wp-content\/uploads\/2024\/01\/Asamblea-ContraMilei-4.1.2023-150x100.jpeg 150w, https:\/\/www.hoymercedes.com.ar\/principal\/wp-content\/uploads\/2024\/01\/Asamblea-ContraMilei-4.1.2023-1536x1023.jpeg 1536w, https:\/\/www.hoymercedes.com.ar\/principal\/wp-content\/uploads\/2024\/01\/Asamblea-ContraMilei-4.1.2023-700x465.jpeg 700w, https:\/\/www.hoymercedes.com.ar\/principal\/wp-content\/uploads\/2024\/01\/Asamblea-ContraMilei-4.1.2023.jpeg 1600w\" sizes=\"auto, (max-width: 1024px) 100vw, 1024px\" \/><\/figure>\n\n\n\n<p>Se llev\u00f3 adelante una nueva asamblea para debatir y expresar el rechazo a las medidas que quiere implementar el <strong><mark style=\"background-color:#ffff00\" class=\"has-inline-color\">gobierno de Milei y Macri <\/mark><\/strong>en todo el pa\u00eds, con desregulaci\u00f3n total de la econom\u00eda, venta de empresas, apertura de importaciones, eliminaci\u00f3n de protecciones al trabajo, tarifazos y m\u00e1s.<\/p>\n\n\n\n<p>Fue denominada como <mark style=\"background-color:#ffff00\" class=\"has-inline-color\"><strong>\u201cAsamblea Abierta de necesidad y urgencia\u201d<\/strong> <\/mark>y cont\u00f3 con la convocatoria multisectorial que viene tratando el tema desde que se conoci\u00f3 el DNU de Milei.<\/p>\n\n\n\n<p>Una de las consignas utilizadas y que se viene repitiendo es \u201cLa patria no se vende\u201d en relaci\u00f3n a la posibilidad de entregar el Banco Naci\u00f3n, los mares y tierras a privados, entre otras \u201cjoyas de la abuela\u201d que pretenden rematar.<\/p>\n","protected":false},"excerpt":{"rendered":"<p>Se llev\u00f3 adelante una nueva asamblea para debatir y expresar el rechazo a las medidas que quiere implementar el gobierno &#8230; <a title=\"Nueva asamblea contra las medidas de Milei afirmando que \u201cla patria no se vende\u201d\" class=\"read-more\" href=\"https:\/\/www.hoymercedes.com.ar\/principal\/2024\/01\/04\/nueva-asamblea-contra-las-medidas-de-milei-afirmando-que-la-patria-no-se-vende\/\" aria-label=\"Leer m\u00e1s sobre Nueva asamblea contra las medidas de Milei afirmando que \u201cla patria no se vende\u201d\">Leer m\u00e1s<\/a><\/p>\n","protected":false},"author":1,"featured_media":171596,"comment_status":"closed","ping_status":"open","sticky":false,"template":"","format":"standard","meta":{"_monsterinsights_skip_tracking":false,"_monsterinsights_sitenote_active":false,"_monsterinsights_sitenote_note":"","_monsterinsights_sitenote_category":0,"jetpack_post_was_ever_published":false,"_jetpack_newsletter_access":"","_jetpack_dont_email_post_to_subs":false,"_jetpack_newsletter_tier_id":0,"_jetpack_memberships_contains_paywalled_content":false,"_jetpack_memberships_contains_paid_content":false,"footnotes":"","jetpack_publicize_message":"","jetpack_publicize_feature_enabled":true,"jetpack_social_post_already_shared":true,"jetpack_social_options":{"image_generator_settings":{"template":"highway","default_image_id":0,"font":"","enabled":false},"version":2},"_wpas_customize_per_network":false},"categories":[8],"tags":[18992,18993],"class_list":["post-171595","post","type-post","status-publish","format-standard","has-post-thumbnail","hentry","category-sociedad","tag-asamblea-en-mercedes","tag-mercedes-dice-la-patria-no-se-vende","generate-columns","tablet-grid-50","mobile-grid-100","grid-parent","grid-50"],"jetpack_publicize_connections":[],"jetpack_featured_media_url":"https:\/\/www.hoymercedes.com.ar\/principal\/wp-content\/uploads\/2024\/01\/Asamblea-ContraMilei-4.1.2023.jpeg","wps_subtitle":"Contra las medidas de Milei y Macri","jetpack_sharing_enabled":true,"_links":{"self":[{"href":"https:\/\/www.hoymercedes.com.ar\/principal\/wp-json\/wp\/v2\/posts\/171595","targetHints":{"allow":["GET"]}}],"collection":[{"href":"https:\/\/www.hoymercedes.com.ar\/principal\/wp-json\/wp\/v2\/posts"}],"about":[{"href":"https:\/\/www.hoymercedes.com.ar\/principal\/wp-json\/wp\/v2\/types\/post"}],"author":[{"embeddable":true,"href":"https:\/\/www.hoymercedes.com.ar\/principal\/wp-json\/wp\/v2\/users\/1"}],"replies":[{"embeddable":true,"href":"https:\/\/www.hoymercedes.com.ar\/principal\/wp-json\/wp\/v2\/comments?post=171595"}],"version-history":[{"count":0,"href":"https:\/\/www.hoymercedes.com.ar\/principal\/wp-json\/wp\/v2\/posts\/171595\/revisions"}],"wp:featuredmedia":[{"embeddable":true,"href":"https:\/\/www.hoymercedes.com.ar\/principal\/wp-json\/wp\/v2\/media\/171596"}],"wp:attachment":[{"href":"https:\/\/www.hoymercedes.com.ar\/principal\/wp-json\/wp\/v2\/media?parent=171595"}],"wp:term":[{"taxonomy":"category","embeddable":true,"href":"https:\/\/www.hoymercedes.com.ar\/principal\/wp-json\/wp\/v2\/categories?post=171595"},{"taxonomy":"post_tag","embeddable":true,"href":"https:\/\/www.hoymercedes.com.ar\/principal\/wp-json\/wp\/v2\/tags?post=171595"}],"curies":[{"name":"wp","href":"https:\/\/api.w.org\/{rel}","templated":true}]}}