{"id":1716,"date":"2011-01-17T05:03:29","date_gmt":"2011-01-17T05:03:29","guid":{"rendered":"http:\/\/www.hoymercedes.com.ar\/principal\/?p=1716"},"modified":"2011-01-17T05:03:29","modified_gmt":"2011-01-17T05:03:29","slug":"television-digital-publica-ya-comenzo-a-funcionar-en-el-hospital","status":"publish","type":"post","link":"https:\/\/www.hoymercedes.com.ar\/principal\/2011\/01\/17\/television-digital-publica-ya-comenzo-a-funcionar-en-el-hospital\/","title":{"rendered":"Televisi\u00f3n Digital P\u00fablica: ya comenz\u00f3 a funcionar en el Hospital"},"content":{"rendered":"<figure id=\"attachment_1718\" aria-describedby=\"caption-attachment-1718\" style=\"width: 290px\" class=\"wp-caption alignleft\"><a href=\"https:\/\/www.hoymercedes.com.ar\/principal\/wp-content\/uploads\/2011\/01\/prestvdigital.jpg\"><img loading=\"lazy\" decoding=\"async\" data-attachment-id=\"1718\" data-permalink=\"https:\/\/www.hoymercedes.com.ar\/principal\/2011\/01\/17\/television-digital-publica-ya-comenzo-a-funcionar-en-el-hospital\/prestvdigital\/#main\" data-orig-file=\"https:\/\/www.hoymercedes.com.ar\/principal\/wp-content\/uploads\/2011\/01\/prestvdigital.jpg\" data-orig-size=\"300,225\" data-comments-opened=\"1\" data-image-meta=\"{&quot;aperture&quot;:&quot;2.8&quot;,&quot;credit&quot;:&quot;&quot;,&quot;camera&quot;:&quot;COOLPIX L10&quot;,&quot;caption&quot;:&quot;&quot;,&quot;created_timestamp&quot;:&quot;1294898848&quot;,&quot;copyright&quot;:&quot;Copyright 2006&quot;,&quot;focal_length&quot;:&quot;6.2&quot;,&quot;iso&quot;:&quot;64&quot;,&quot;shutter_speed&quot;:&quot;0.033333333333333&quot;,&quot;title&quot;:&quot;&quot;}\" data-image-title=\"prestvdigital\" data-image-description=\"\" data-image-caption=\"\" data-large-file=\"https:\/\/www.hoymercedes.com.ar\/principal\/wp-content\/uploads\/2011\/01\/prestvdigital.jpg\" class=\"size-full wp-image-1718\" title=\"prestvdigital\" src=\"https:\/\/www.hoymercedes.com.ar\/principal\/wp-content\/uploads\/2011\/01\/prestvdigital.jpg\" alt=\"\" width=\"300\" height=\"225\" \/><\/a><figcaption id=\"caption-attachment-1718\" class=\"wp-caption-text\">Presentaci\u00f3n Tv Digital<\/figcaption><\/figure>\n<p style=\"text-align: justify;\">El s\u00e1bado en las instalaciones del Hospital Blas L Dubarry, su Director Rodolfo Prioncipi junto al Secretario de Gobierno Sergio L\u00f3pez, el de Desarrollo Social Hugo Zunini, del Drirector de Turismo Marcelo Melo y otros representantes municipales anunciaron oficialmente la implementaci\u00f3n del Programa Mi TV Digital, es decir el relacionado con el nuevo sistema de televisi\u00f3n que se est\u00e1 poniendo en marcha en nuestro pa\u00eds.<\/p>\n<p style=\"text-align: justify;\">Como se sabe por decisi\u00f3n del gobierno nacional se ha implementado la distribuci\u00f3n equipos especiales, una antena y un decodificador, sin cargo ara todas aquellas instituciones culturales o de bien p\u00fablico, y para hogares con pocos recursos para que no queden excluidos del nuevo sistema televisivo argentino.<\/p>\n<p style=\"text-align: justify;\">Para ello , seg\u00fan lo explic\u00f3 Principi, en el hospital se instalar\u00e1 un centro informativo en el que se distribuir\u00e1n los formularios correspondientes para todas aquellas personas encuadradas dentro de las reglamentaci\u00f3n que se debe cumplir a para poder recibir dichos elementos de manera gratuita.<\/p>\n<p style=\"text-align: justify;\">En el primer piso del hospital se hab\u00eda colocado un una de las salas generales de espera un aparato ya conectado al nuevo sistema pudi\u00e9ndose observar las im\u00e1genes que llegaban con total claridad y muy buen sonido.<\/p>\n<p style=\"text-align: justify;\">Tanto el Dr. Pr\u00edncipi como el Secretario de Gobierno Sergio L\u00f3pez precisaron que desde la comuna se iban a repartir en cada una de sus dependencias los formularios respectivos al tiempo que en el caso del centro asistencial se contar\u00e1 con la presencia de una persona especializada que colaborar\u00e1 con la poblaci\u00f3n en el llenado del formulario correspondiente que luego deber\u00e1 ser entregado en dependencias de la Sucursal Mercedes del Correo Argentino, empresa que ser\u00e1 en aquellos caos que corresponda, los encargados de entregar en el propio domicilio los elementos necesarios para poder tomar por aire las se\u00f1ales que ser\u00e1n retransmitidas\u00a0 desde el partido de Luj\u00e1n hasta un radio aproximado de cuarenta y cinco a cincuenta kil\u00f3metros a la redonda desde donde la misma ha sido levantada.<\/p>\n<p style=\"text-align: justify;\">Las se\u00f1ales que se podr\u00e1n recibir son trece cont\u00e1ndose entre ellas las pertenecientes a Canal 7, Encuentro, C5N, CN23, dos infantiles, dos musicales y otras de car\u00e1cter cultural.<\/p>\n","protected":false},"excerpt":{"rendered":"<p>El s\u00e1bado en las instalaciones del Hospital Blas L Dubarry, su Director Rodolfo Prioncipi junto al Secretario de Gobierno Sergio &#8230; <a title=\"Televisi\u00f3n Digital P\u00fablica: ya comenz\u00f3 a funcionar en el Hospital\" class=\"read-more\" href=\"https:\/\/www.hoymercedes.com.ar\/principal\/2011\/01\/17\/television-digital-publica-ya-comenzo-a-funcionar-en-el-hospital\/\" aria-label=\"Leer m\u00e1s sobre Televisi\u00f3n Digital P\u00fablica: ya comenz\u00f3 a funcionar en el Hospital\">Leer m\u00e1s<\/a><\/p>\n","protected":false},"author":1,"featured_media":0,"comment_status":"open","ping_status":"open","sticky":false,"template":"","format":"standard","meta":{"_monsterinsights_skip_tracking":false,"_monsterinsights_sitenote_active":false,"_monsterinsights_sitenote_note":"","_monsterinsights_sitenote_category":0,"jetpack_post_was_ever_published":false,"_jetpack_newsletter_access":"","_jetpack_dont_email_post_to_subs":false,"_jetpack_newsletter_tier_id":0,"_jetpack_memberships_contains_paywalled_content":false,"_jetpack_memberships_contains_paid_content":false,"footnotes":"","jetpack_publicize_message":"","jetpack_publicize_feature_enabled":true,"jetpack_social_post_already_shared":false,"jetpack_social_options":{"image_generator_settings":{"template":"highway","default_image_id":0,"font":"","enabled":false},"version":2},"_wpas_customize_per_network":false},"categories":[1],"tags":[],"class_list":["post-1716","post","type-post","status-publish","format-standard","hentry","category-opinion","generate-columns","tablet-grid-50","mobile-grid-100","grid-parent","grid-50"],"jetpack_publicize_connections":[],"jetpack_featured_media_url":"","wps_subtitle":"","jetpack_sharing_enabled":true,"_links":{"self":[{"href":"https:\/\/www.hoymercedes.com.ar\/principal\/wp-json\/wp\/v2\/posts\/1716","targetHints":{"allow":["GET"]}}],"collection":[{"href":"https:\/\/www.hoymercedes.com.ar\/principal\/wp-json\/wp\/v2\/posts"}],"about":[{"href":"https:\/\/www.hoymercedes.com.ar\/principal\/wp-json\/wp\/v2\/types\/post"}],"author":[{"embeddable":true,"href":"https:\/\/www.hoymercedes.com.ar\/principal\/wp-json\/wp\/v2\/users\/1"}],"replies":[{"embeddable":true,"href":"https:\/\/www.hoymercedes.com.ar\/principal\/wp-json\/wp\/v2\/comments?post=1716"}],"version-history":[{"count":0,"href":"https:\/\/www.hoymercedes.com.ar\/principal\/wp-json\/wp\/v2\/posts\/1716\/revisions"}],"wp:attachment":[{"href":"https:\/\/www.hoymercedes.com.ar\/principal\/wp-json\/wp\/v2\/media?parent=1716"}],"wp:term":[{"taxonomy":"category","embeddable":true,"href":"https:\/\/www.hoymercedes.com.ar\/principal\/wp-json\/wp\/v2\/categories?post=1716"},{"taxonomy":"post_tag","embeddable":true,"href":"https:\/\/www.hoymercedes.com.ar\/principal\/wp-json\/wp\/v2\/tags?post=1716"}],"curies":[{"name":"wp","href":"https:\/\/api.w.org\/{rel}","templated":true}]}}