{"id":171603,"date":"2024-01-04T09:50:21","date_gmt":"2024-01-04T12:50:21","guid":{"rendered":"https:\/\/www.hoymercedes.com.ar\/principal\/?p=171603"},"modified":"2024-01-04T09:53:09","modified_gmt":"2024-01-04T12:53:09","slug":"__trashed-22","status":"publish","type":"post","link":"https:\/\/www.hoymercedes.com.ar\/principal\/2024\/01\/04\/__trashed-22\/","title":{"rendered":"Bienvenido Adam! El primer beb\u00e9 de 2024 es de Gowland"},"content":{"rendered":"\n<figure class=\"wp-block-image size-large\"><img loading=\"lazy\" decoding=\"async\" width=\"1024\" height=\"682\" data-attachment-id=\"171604\" data-permalink=\"https:\/\/www.hoymercedes.com.ar\/principal\/2024\/01\/04\/__trashed-22\/0h0a9799\/#main\" data-orig-file=\"https:\/\/www.hoymercedes.com.ar\/principal\/wp-content\/uploads\/2024\/01\/0H0A9799.jpg\" data-orig-size=\"1319,879\" data-comments-opened=\"0\" data-image-meta=\"{&quot;aperture&quot;:&quot;0&quot;,&quot;credit&quot;:&quot;&quot;,&quot;camera&quot;:&quot;&quot;,&quot;caption&quot;:&quot;&quot;,&quot;created_timestamp&quot;:&quot;0&quot;,&quot;copyright&quot;:&quot;&quot;,&quot;focal_length&quot;:&quot;0&quot;,&quot;iso&quot;:&quot;0&quot;,&quot;shutter_speed&quot;:&quot;0&quot;,&quot;title&quot;:&quot;&quot;,&quot;orientation&quot;:&quot;0&quot;}\" data-image-title=\"primer beb\u00e9 de 2024 en Mercedes\" data-image-description=\"&lt;p&gt;primer beb\u00e9 de 2024 en Mercedes&lt;\/p&gt;\n\" data-image-caption=\"&lt;p&gt;primer beb\u00e9 de 2024 en Mercedes&lt;\/p&gt;\n\" data-large-file=\"https:\/\/www.hoymercedes.com.ar\/principal\/wp-content\/uploads\/2024\/01\/0H0A9799-1024x682.jpg\" src=\"https:\/\/www.hoymercedes.com.ar\/principal\/wp-content\/uploads\/2024\/01\/0H0A9799-1024x682.jpg\" alt=\"\" class=\"wp-image-171604\" srcset=\"https:\/\/www.hoymercedes.com.ar\/principal\/wp-content\/uploads\/2024\/01\/0H0A9799-1024x682.jpg 1024w, https:\/\/www.hoymercedes.com.ar\/principal\/wp-content\/uploads\/2024\/01\/0H0A9799-630x420.jpg 630w, https:\/\/www.hoymercedes.com.ar\/principal\/wp-content\/uploads\/2024\/01\/0H0A9799-150x100.jpg 150w, https:\/\/www.hoymercedes.com.ar\/principal\/wp-content\/uploads\/2024\/01\/0H0A9799-700x465.jpg 700w, https:\/\/www.hoymercedes.com.ar\/principal\/wp-content\/uploads\/2024\/01\/0H0A9799.jpg 1319w\" sizes=\"auto, (max-width: 1024px) 100vw, 1024px\" \/><\/figure>\n\n\n\n<p>De acuerdo lo que inform\u00f3 la Municipalidad de Mercedes en sus redes sociales, el a\u00f1o 2024 empez\u00f3 con un beb\u00e9 nuevo llegado de las tierras de Gowland.<\/p>\n\n\n\n<p>\u201cNos emociona recibir al primer beb\u00e9 mercedino de este 2024. Felicitaciones a su familia, a todo el personal del Hospital y al secretario de salud, N\u00e9stor Pisapia por la atenci\u00f3n y la calidez. Adem\u00e1s, entregamos un kit de cuidados para reci\u00e9n nacidos realizado desde nuestro Programa Primeros 1000 Dias- Mercedes\u201d, explicaron en sus redes desde el municipio.<br>Felicitaciones a los padres de Adam por la llegada de este beb\u00e9 que pasa a formar parte de la comunidad de Gowland.<\/p>\n\n\n\n<p><strong>Visita<\/strong><\/p>\n\n\n\n<p>Como viene siendo una tradici\u00f3n, el intendente Ustarroz visit\u00f3 a la mam\u00e1 y al pap\u00e1 en el nosocomio local. Adam pes\u00f3 poco m\u00e1s de 3kg y naci\u00f3 el 2 de enero.<\/p>\n","protected":false},"excerpt":{"rendered":"<p>De acuerdo lo que inform\u00f3 la Municipalidad de Mercedes en sus redes sociales, el a\u00f1o 2024 empez\u00f3 con un beb\u00e9 &#8230; <a title=\"Bienvenido Adam! El primer beb\u00e9 de 2024 es de Gowland\" class=\"read-more\" href=\"https:\/\/www.hoymercedes.com.ar\/principal\/2024\/01\/04\/__trashed-22\/\" aria-label=\"Leer m\u00e1s sobre Bienvenido Adam! El primer beb\u00e9 de 2024 es de Gowland\">Leer m\u00e1s<\/a><\/p>\n","protected":false},"author":1,"featured_media":171604,"comment_status":"closed","ping_status":"open","sticky":false,"template":"","format":"standard","meta":{"_monsterinsights_skip_tracking":false,"_monsterinsights_sitenote_active":false,"_monsterinsights_sitenote_note":"","_monsterinsights_sitenote_category":0,"jetpack_post_was_ever_published":false,"_jetpack_newsletter_access":"","_jetpack_dont_email_post_to_subs":false,"_jetpack_newsletter_tier_id":0,"_jetpack_memberships_contains_paywalled_content":false,"_jetpack_memberships_contains_paid_content":false,"footnotes":"","jetpack_publicize_message":"","jetpack_publicize_feature_enabled":true,"jetpack_social_post_already_shared":true,"jetpack_social_options":{"image_generator_settings":{"template":"highway","default_image_id":0,"font":"","enabled":false},"version":2},"_wpas_customize_per_network":false},"categories":[8],"tags":[18995,18994,18996],"class_list":["post-171603","post","type-post","status-publish","format-standard","has-post-thumbnail","hentry","category-sociedad","tag-adam-primer-bebe-de-mercedes","tag-nacio-primer-bebe-del-ano","tag-primer-nacimiento-2024-en-mercedes","generate-columns","tablet-grid-50","mobile-grid-100","grid-parent","grid-50"],"jetpack_publicize_connections":[],"jetpack_featured_media_url":"https:\/\/www.hoymercedes.com.ar\/principal\/wp-content\/uploads\/2024\/01\/0H0A9799.jpg","wps_subtitle":"Primer nacimiento del a\u00f1o","jetpack_sharing_enabled":true,"_links":{"self":[{"href":"https:\/\/www.hoymercedes.com.ar\/principal\/wp-json\/wp\/v2\/posts\/171603","targetHints":{"allow":["GET"]}}],"collection":[{"href":"https:\/\/www.hoymercedes.com.ar\/principal\/wp-json\/wp\/v2\/posts"}],"about":[{"href":"https:\/\/www.hoymercedes.com.ar\/principal\/wp-json\/wp\/v2\/types\/post"}],"author":[{"embeddable":true,"href":"https:\/\/www.hoymercedes.com.ar\/principal\/wp-json\/wp\/v2\/users\/1"}],"replies":[{"embeddable":true,"href":"https:\/\/www.hoymercedes.com.ar\/principal\/wp-json\/wp\/v2\/comments?post=171603"}],"version-history":[{"count":0,"href":"https:\/\/www.hoymercedes.com.ar\/principal\/wp-json\/wp\/v2\/posts\/171603\/revisions"}],"wp:featuredmedia":[{"embeddable":true,"href":"https:\/\/www.hoymercedes.com.ar\/principal\/wp-json\/wp\/v2\/media\/171604"}],"wp:attachment":[{"href":"https:\/\/www.hoymercedes.com.ar\/principal\/wp-json\/wp\/v2\/media?parent=171603"}],"wp:term":[{"taxonomy":"category","embeddable":true,"href":"https:\/\/www.hoymercedes.com.ar\/principal\/wp-json\/wp\/v2\/categories?post=171603"},{"taxonomy":"post_tag","embeddable":true,"href":"https:\/\/www.hoymercedes.com.ar\/principal\/wp-json\/wp\/v2\/tags?post=171603"}],"curies":[{"name":"wp","href":"https:\/\/api.w.org\/{rel}","templated":true}]}}