{"id":17161,"date":"2012-10-22T13:15:19","date_gmt":"2012-10-22T13:15:19","guid":{"rendered":"http:\/\/www.hoymercedes.com.ar\/principal\/?p=17161"},"modified":"2012-10-22T13:29:22","modified_gmt":"2012-10-22T13:29:22","slug":"esta-noche-sesion-deliberativa-con-algunos-temas-polemico","status":"publish","type":"post","link":"https:\/\/www.hoymercedes.com.ar\/principal\/2012\/10\/22\/esta-noche-sesion-deliberativa-con-algunos-temas-polemico\/","title":{"rendered":"Esta noche sesi\u00f3n deliberativa con algunos temas pol\u00e9mico"},"content":{"rendered":"<p>Esta noche tendremos una nueva sesi\u00f3n del Concejo Deliberante que tiene diversos temas, aunque, a lo que se viene dando, breve. En general son temas referidos a obras menores, como limpiezas, reparaciones, connotaciones de deudas a clubes, entre otros, pero, lo m\u00e1s convocantes est\u00e1 en los debates que se dar\u00e1n entorno a la presentaci\u00f3n del listado de grandes contribuyentes y la posible conformaci\u00f3n de una comisi\u00f3n que eval\u00fae el rol del Director de Turismo en la \u00faltima fiesta.<\/p>\n<p>En esos dos temas se posan todas las miradas. En caso de Melo es en relaci\u00f3n a una cuenta bancaria que est\u00e1 a su nombre y donde hubo dep\u00f3sitos de artesanos en la \u00faltima Fiesta del Salame. En el caso de los mayores contribuyentes har\u00e1n una evaluaci\u00f3n de la misma, su presentaci\u00f3n y su metodolog\u00eda.<\/p>\n<p>A partir de las 19.00hs, en el recinto del Concejo, en el segundo piso del Palacio Municipal, se llevar\u00e1 a cabo el encuentro.<\/p>\n<p>&nbsp;<\/p>\n","protected":false},"excerpt":{"rendered":"<p>Esta noche tendremos una nueva sesi\u00f3n del Concejo Deliberante que tiene diversos temas, aunque, a lo que se viene dando, &#8230; <a title=\"Esta noche sesi\u00f3n deliberativa con algunos temas pol\u00e9mico\" class=\"read-more\" href=\"https:\/\/www.hoymercedes.com.ar\/principal\/2012\/10\/22\/esta-noche-sesion-deliberativa-con-algunos-temas-polemico\/\" aria-label=\"Leer m\u00e1s sobre Esta noche sesi\u00f3n deliberativa con algunos temas pol\u00e9mico\">Leer m\u00e1s<\/a><\/p>\n","protected":false},"author":1,"featured_media":0,"comment_status":"open","ping_status":"open","sticky":false,"template":"","format":"standard","meta":{"_monsterinsights_skip_tracking":false,"_monsterinsights_sitenote_active":false,"_monsterinsights_sitenote_note":"","_monsterinsights_sitenote_category":0,"jetpack_post_was_ever_published":false,"_jetpack_newsletter_access":"","_jetpack_dont_email_post_to_subs":false,"_jetpack_newsletter_tier_id":0,"_jetpack_memberships_contains_paywalled_content":false,"_jetpack_memberships_contains_paid_content":false,"footnotes":"","jetpack_publicize_message":"","jetpack_publicize_feature_enabled":true,"jetpack_social_post_already_shared":false,"jetpack_social_options":{"image_generator_settings":{"template":"highway","default_image_id":0,"font":"","enabled":false},"version":2},"_wpas_customize_per_network":false},"categories":[5],"tags":[236],"class_list":["post-17161","post","type-post","status-publish","format-standard","hentry","category-politica","tag-concejo-deliberante","generate-columns","tablet-grid-50","mobile-grid-100","grid-parent","grid-50"],"jetpack_publicize_connections":[],"jetpack_featured_media_url":"","wps_subtitle":"","jetpack_sharing_enabled":true,"_links":{"self":[{"href":"https:\/\/www.hoymercedes.com.ar\/principal\/wp-json\/wp\/v2\/posts\/17161","targetHints":{"allow":["GET"]}}],"collection":[{"href":"https:\/\/www.hoymercedes.com.ar\/principal\/wp-json\/wp\/v2\/posts"}],"about":[{"href":"https:\/\/www.hoymercedes.com.ar\/principal\/wp-json\/wp\/v2\/types\/post"}],"author":[{"embeddable":true,"href":"https:\/\/www.hoymercedes.com.ar\/principal\/wp-json\/wp\/v2\/users\/1"}],"replies":[{"embeddable":true,"href":"https:\/\/www.hoymercedes.com.ar\/principal\/wp-json\/wp\/v2\/comments?post=17161"}],"version-history":[{"count":0,"href":"https:\/\/www.hoymercedes.com.ar\/principal\/wp-json\/wp\/v2\/posts\/17161\/revisions"}],"wp:attachment":[{"href":"https:\/\/www.hoymercedes.com.ar\/principal\/wp-json\/wp\/v2\/media?parent=17161"}],"wp:term":[{"taxonomy":"category","embeddable":true,"href":"https:\/\/www.hoymercedes.com.ar\/principal\/wp-json\/wp\/v2\/categories?post=17161"},{"taxonomy":"post_tag","embeddable":true,"href":"https:\/\/www.hoymercedes.com.ar\/principal\/wp-json\/wp\/v2\/tags?post=17161"}],"curies":[{"name":"wp","href":"https:\/\/api.w.org\/{rel}","templated":true}]}}